{"id":85207,"date":"2025-04-18T17:30:14","date_gmt":"2025-04-18T20:30:14","guid":{"rendered":"https:\/\/vocesparalelas.com.ar\/sitio\/?p=85207"},"modified":"2025-04-19T22:14:10","modified_gmt":"2025-04-20T01:14:10","slug":"instalaciones-de-gas-a-295-escuelas-de-san-juan","status":"publish","type":"post","link":"https:\/\/vocesparalelas.com.ar\/sitio\/instalaciones-de-gas-a-295-escuelas-de-san-juan\/","title":{"rendered":"Instalaciones de gas a 295 Escuelas de San Juan"},"content":{"rendered":"<p>En el marco del plan de mantenimiento y mejora impulsado por el Gobierno de San Juan, la Direcci\u00f3n de Redes de Gas, dependiente del Ministerio de Infraestructura, Agua y Energ\u00eda, trabaja en una serie de obras en las instalaciones de gas de 295 establecimientos educativos de San Juan.<\/p>\n<p>El plan de mantenimiento y mejora de instalaciones de gas en escuelas contempla una revisi\u00f3n general de las instalaciones para garantizar el cumplimiento de las normativas de seguridad vigentes. Adem\u00e1s, se llevar\u00e1n a cabo tareas de mantenimiento y reparaci\u00f3n del equipamiento, que incluyen calefactores, pantallas de calefacci\u00f3n, cocinas y termotanques, entre otros.<\/p>\n<p>En aquellos casos donde se detecten desperfectos menores, se proceder\u00e1 a la reparaci\u00f3n de componentes como visores y chispeadores. Cuando la reparaci\u00f3n no sea viable, se reemplazar\u00e1n los artefactos en mal estado para asegurar su correcto funcionamiento.<\/p>\n<p>Se han registrado escuelas con dificultades para obtener la habilitaci\u00f3n de sus redes de gas, debido a que en a\u00f1os anteriores enfrentaron problemas derivados de inspecciones postergadas y la falta de mantenimiento. Adem\u00e1s, se han dado casos de edificios con ampliaciones y remodelaciones que afectaron dichas redes. Para solucionar estos inconvenientes, se est\u00e1n llevando a cabo inspecciones y trabajos de adecuaci\u00f3n con el objetivo de garantizar redes de gas seguras y operativas.<\/p>\n<p>Para llevar adelante estas mejoras, se han organizado concursos de precios para la contrataci\u00f3n de los trabajos. Los correspondientes a los departamentos de Chimbas y Rawson se concretaron a finales de febrero, y durante el mes de marzo se realizaron aquellos que incluyen a departamentos alejados y a otros como Pocito, Sarmiento, Caucete, 9 de Julio y 25 de Mayo. Actualmente, se est\u00e1n completando los tr\u00e1mites administrativos para que las obras se ejecuten entre Abril y Junio, con el objetivo de que las instalaciones est\u00e9n en condiciones antes de la llegada del invierno.<\/p>\n<p>La Direcci\u00f3n de Redes de Gas contin\u00faa trabajando para garantizar que los establecimientos educativos cuenten con instalaciones operativas y en condiciones \u00f3ptimas para afrontar la temporada invernal.<\/p>\n<p><img loading=\"lazy\" decoding=\"async\" class=\"alignnone size-full wp-image-28629\" src=\"https:\/\/vocesparalelas.com.ar\/sitio\/wp-content\/uploads\/2020\/05\/MINISTERIO-EDUCACION-SJ.jpg\" alt=\"\" width=\"800\" height=\"533\" srcset=\"https:\/\/vocesparalelas.com.ar\/sitio\/wp-content\/uploads\/2020\/05\/MINISTERIO-EDUCACION-SJ.jpg 800w, https:\/\/vocesparalelas.com.ar\/sitio\/wp-content\/uploads\/2020\/05\/MINISTERIO-EDUCACION-SJ-300x200.jpg 300w, https:\/\/vocesparalelas.com.ar\/sitio\/wp-content\/uploads\/2020\/05\/MINISTERIO-EDUCACION-SJ-768x512.jpg 768w\" sizes=\"auto, (max-width: 800px) 100vw, 800px\" \/><\/p>\n<p>&nbsp;<\/p>\n","protected":false},"excerpt":{"rendered":"<p>En el marco del plan de mantenimiento y mejora impulsado por el Gobierno de San Juan, la Direcci\u00f3n de Redes<\/p>\n","protected":false},"author":3,"featured_media":70205,"comment_status":"closed","ping_status":"closed","sticky":false,"template":"","format":"standard","meta":{"_acf_changed":false,"_seopress_robots_primary_cat":"none","_seopress_titles_title":"","_seopress_titles_desc":"","_seopress_robots_index":"","colormag_page_container_layout":"default_layout","colormag_page_sidebar_layout":"default_layout","footnotes":""},"categories":[6],"tags":[],"class_list":["post-85207","post","type-post","status-publish","format-standard","has-post-thumbnail","hentry","category-eventos"],"acf":[],"_links":{"self":[{"href":"https:\/\/vocesparalelas.com.ar\/sitio\/wp-json\/wp\/v2\/posts\/85207","targetHints":{"allow":["GET"]}}],"collection":[{"href":"https:\/\/vocesparalelas.com.ar\/sitio\/wp-json\/wp\/v2\/posts"}],"about":[{"href":"https:\/\/vocesparalelas.com.ar\/sitio\/wp-json\/wp\/v2\/types\/post"}],"author":[{"embeddable":true,"href":"https:\/\/vocesparalelas.com.ar\/sitio\/wp-json\/wp\/v2\/users\/3"}],"replies":[{"embeddable":true,"href":"https:\/\/vocesparalelas.com.ar\/sitio\/wp-json\/wp\/v2\/comments?post=85207"}],"version-history":[{"count":1,"href":"https:\/\/vocesparalelas.com.ar\/sitio\/wp-json\/wp\/v2\/posts\/85207\/revisions"}],"predecessor-version":[{"id":85215,"href":"https:\/\/vocesparalelas.com.ar\/sitio\/wp-json\/wp\/v2\/posts\/85207\/revisions\/85215"}],"wp:featuredmedia":[{"embeddable":true,"href":"https:\/\/vocesparalelas.com.ar\/sitio\/wp-json\/wp\/v2\/media\/70205"}],"wp:attachment":[{"href":"https:\/\/vocesparalelas.com.ar\/sitio\/wp-json\/wp\/v2\/media?parent=85207"}],"wp:term":[{"taxonomy":"category","embeddable":true,"href":"https:\/\/vocesparalelas.com.ar\/sitio\/wp-json\/wp\/v2\/categories?post=85207"},{"taxonomy":"post_tag","embeddable":true,"href":"https:\/\/vocesparalelas.com.ar\/sitio\/wp-json\/wp\/v2\/tags?post=85207"}],"curies":[{"name":"wp","href":"https:\/\/api.w.org\/{rel}","templated":true}]}}