{"id":85146,"date":"2025-04-16T21:56:13","date_gmt":"2025-04-17T00:56:13","guid":{"rendered":"https:\/\/vocesparalelas.com.ar\/sitio\/?p=85146"},"modified":"2025-04-16T21:56:13","modified_gmt":"2025-04-17T00:56:13","slug":"finalizo-el-xxviii-comite-de-integracion-paso-agua-negra-en-san-juan","status":"publish","type":"post","link":"https:\/\/vocesparalelas.com.ar\/sitio\/finalizo-el-xxviii-comite-de-integracion-paso-agua-negra-en-san-juan\/","title":{"rendered":"Finaliz\u00f3 el XXVIII Comit\u00e9 de Integraci\u00f3n Paso Agua Negra en San Juan"},"content":{"rendered":"<p>Con un llamado a transformar los acuerdos en acciones, autoridades de Argentina y Chile dieron cierre al encuentro binacional en la ciudad de San Juan. La pavimentaci\u00f3n del Paso Agua Negra y el impulso al proyecto \u201cLa Chapetona\u201d fueron los ejes priorizados.<\/p>\n<p>Concluy\u00f3 el XXVIII Comit\u00e9 de Integraci\u00f3n Paso Agua Negra, con la lectura del acta final y la firma de las autoridades de ambos pa\u00edses, coronando dos jornadas de intenso trabajo por parte de comisiones y subcomisiones binacionales. En el acto de cierre, se remarc\u00f3 la necesidad de avanzar con decisiones concretas, destacando especialmente la pavimentaci\u00f3n del camino del Paso Agua Negra y la consideraci\u00f3n del proyecto \u201cLa Chapetona\u201d como alternativa complementaria.<\/p>\n<p>La ministra plenipotenciaria Reina Sotillo, representante de la Comisi\u00f3n Nacional de Fronteras destac\u00f3 que \u00abel crecimiento sostenido del paso fronterizo de Agua Negra, Hoy recibe m\u00e1s de 100.000 usuarios en una sola temporada, sin cesaci\u00f3n de continuidad. Y eso no se logra solo con voluntad: es el resultado de decisiones pol\u00edticas y del trabajo articulado entre regiones. El rol de San Juan como motor regional significa que pensemos juntos, creemos juntos, aspiremos juntos. Nuestros valores, nuestros anhelos y nuestras esperanzas son las mismas\u201d.<\/p>\n<p>Las conclusiones del Comit\u00e9 reflejaron avances en facilitaci\u00f3n fronteriza, controles sanitarios, protocolos de salud y emergencias, promoci\u00f3n tur\u00edstica, cooperaci\u00f3n acad\u00e9mica, inversiones productivas y ordenamiento territorial. En materia de infraestructura, se prioriz\u00f3 la coordinaci\u00f3n entre vialidades de ambos pa\u00edses para planificar los trabajos de pavimentaci\u00f3n, tanto para la apertura de la pr\u00f3xima temporada como para el desarrollo futuro del corredor cordillerano.<\/p>\n<p>Durante el acto, la ministra de Gobierno de San Juan, Dra. Laura Palma, cerr\u00f3 el encuentro al expresar que \u00ablo m\u00e1s importante es que lo plasmado en las actas se vea reflejado en hechos. No debe quedar como una expresi\u00f3n de deseo. Ya estamos pensando en abrir el paso antes que en 2024 y duplicar los 110.000 usuarios. Siempre tenemos que pensar en m\u00e1s, porque eso significa m\u00e1s oportunidades para todos. El crecimiento del Paso Agua Negra no solo beneficia a San Juan, sino que proyecta oportunidades para todo el centro del pa\u00eds y para la Regi\u00f3n de Coquimbo.<\/p>\n<p>El Comit\u00e9 fue presidido por el Ministro Santiago Villalba, Director de L\u00edmites y Fronteras de la Canciller\u00eda Argentina, y co-presidido por el Pedro Pablo Silva S\u00e1nchez, Director de Fronteras de la Canciller\u00eda Chilena. Tambi\u00e9n participaron autoridades diplom\u00e1ticas, regionales, provinciales y municipales de ambas naciones.<\/p>\n<p>La pr\u00f3xima edici\u00f3n del Comit\u00e9 de Integraci\u00f3n tiene lugar en la Regi\u00f3n de Coquimbo, en fecha a confirmar por las canciller\u00edas.<\/p>\n<p>&nbsp;<\/p>\n<p><img loading=\"lazy\" decoding=\"async\" class=\"alignnone size-large wp-image-24984\" src=\"https:\/\/vocesparalelas.com.ar\/sitio\/wp-content\/uploads\/2019\/11\/CONGRESO-ARGENTINA-CHILE-02-800x533.jpg\" alt=\"\" width=\"800\" height=\"533\" srcset=\"https:\/\/vocesparalelas.com.ar\/sitio\/wp-content\/uploads\/2019\/11\/CONGRESO-ARGENTINA-CHILE-02.jpg 800w, https:\/\/vocesparalelas.com.ar\/sitio\/wp-content\/uploads\/2019\/11\/CONGRESO-ARGENTINA-CHILE-02-300x200.jpg 300w, https:\/\/vocesparalelas.com.ar\/sitio\/wp-content\/uploads\/2019\/11\/CONGRESO-ARGENTINA-CHILE-02-768x512.jpg 768w\" sizes=\"auto, (max-width: 800px) 100vw, 800px\" \/><\/p>\n","protected":false},"excerpt":{"rendered":"<p>Con un llamado a transformar los acuerdos en acciones, autoridades de Argentina y Chile dieron cierre al encuentro binacional en<\/p>\n","protected":false},"author":3,"featured_media":85149,"comment_status":"closed","ping_status":"closed","sticky":false,"template":"","format":"standard","meta":{"_acf_changed":false,"_seopress_robots_primary_cat":"none","_seopress_titles_title":"","_seopress_titles_desc":"","_seopress_robots_index":"","colormag_page_container_layout":"default_layout","colormag_page_sidebar_layout":"default_layout","footnotes":""},"categories":[1],"tags":[],"class_list":["post-85146","post","type-post","status-publish","format-standard","has-post-thumbnail","hentry","category-destacadas"],"acf":[],"_links":{"self":[{"href":"https:\/\/vocesparalelas.com.ar\/sitio\/wp-json\/wp\/v2\/posts\/85146","targetHints":{"allow":["GET"]}}],"collection":[{"href":"https:\/\/vocesparalelas.com.ar\/sitio\/wp-json\/wp\/v2\/posts"}],"about":[{"href":"https:\/\/vocesparalelas.com.ar\/sitio\/wp-json\/wp\/v2\/types\/post"}],"author":[{"embeddable":true,"href":"https:\/\/vocesparalelas.com.ar\/sitio\/wp-json\/wp\/v2\/users\/3"}],"replies":[{"embeddable":true,"href":"https:\/\/vocesparalelas.com.ar\/sitio\/wp-json\/wp\/v2\/comments?post=85146"}],"version-history":[{"count":1,"href":"https:\/\/vocesparalelas.com.ar\/sitio\/wp-json\/wp\/v2\/posts\/85146\/revisions"}],"predecessor-version":[{"id":85150,"href":"https:\/\/vocesparalelas.com.ar\/sitio\/wp-json\/wp\/v2\/posts\/85146\/revisions\/85150"}],"wp:featuredmedia":[{"embeddable":true,"href":"https:\/\/vocesparalelas.com.ar\/sitio\/wp-json\/wp\/v2\/media\/85149"}],"wp:attachment":[{"href":"https:\/\/vocesparalelas.com.ar\/sitio\/wp-json\/wp\/v2\/media?parent=85146"}],"wp:term":[{"taxonomy":"category","embeddable":true,"href":"https:\/\/vocesparalelas.com.ar\/sitio\/wp-json\/wp\/v2\/categories?post=85146"},{"taxonomy":"post_tag","embeddable":true,"href":"https:\/\/vocesparalelas.com.ar\/sitio\/wp-json\/wp\/v2\/tags?post=85146"}],"curies":[{"name":"wp","href":"https:\/\/api.w.org\/{rel}","templated":true}]}}