{"id":85131,"date":"2025-04-16T21:01:51","date_gmt":"2025-04-17T00:01:51","guid":{"rendered":"https:\/\/vocesparalelas.com.ar\/sitio\/?p=85131"},"modified":"2025-04-16T21:26:06","modified_gmt":"2025-04-17T00:26:06","slug":"se-inauguro-la-ampliacion-del-centro-de-salud-localidad-las-lomitas-departamento-albardon-de-san-juan","status":"publish","type":"post","link":"https:\/\/vocesparalelas.com.ar\/sitio\/se-inauguro-la-ampliacion-del-centro-de-salud-localidad-las-lomitas-departamento-albardon-de-san-juan\/","title":{"rendered":"Se inaugur\u00f3 la ampliaci\u00f3n del Centro de Salud, Localidad Las Lomitas, Departamento Albard\u00f3n de San Juan"},"content":{"rendered":"<p>Con la presencia del gobernador de San Juan, Dr. Marcelo Orrego, se inauguraron las obras de ampliaci\u00f3n y refacci\u00f3n del Centro de Atenci\u00f3n Primaria de la Salud &#8211; CAPS -, Localidad Las Lomitas, Departamento de Albard\u00f3n.<\/p>\n<p>El acto fue acompa\u00f1ado por vecinos de la comunidad y diversas autoridades provinciales y departamentales, quienes destacaron el valor de este espacio en la atenci\u00f3n sanitaria de la zona.<\/p>\n<p>El CAPS Las Lomitas fue inaugurado originalmente en 1994 y, seg\u00fan datos del \u00faltimo censo, brinda cobertura sanitaria a unos 10.000 habitantes. Las recientes mejoras permiten optimizar la atenci\u00f3n que ofrece un equipo de profesionales comprometidos con la salud de la comunidad.<\/p>\n<p>En este sentido, el gobernador Dr. Marcelo Orrego se\u00f1al\u00f3 que \u201cya hemos ampliado los servicios, y ha quedado hermoso. Claramente, esto forma parte de un trabajo conjunto con todos los proyectos que vamos a desarrollar en la provincia, que son muchos. Este a\u00f1o se van a inaugurar muchos de estos espacios. Tambi\u00e9n, ya empezamos con todo lo que significa poner en marcha los consultorios externos del Hospital Dr. Guillermo Rawson. Es una obra que marcar\u00e1 un antes y un despu\u00e9s. Estamos hablando de una inversi\u00f3n de 12.500 millones de pesos para que la gente tenga mejor salud, para que se sienta m\u00e1s c\u00f3moda, para que sepa que estamos atentos a lo m\u00e1s importante que puede tener una persona: su salud. Que pueda acercarse, que lo atienda un m\u00e9dico como corresponde, con buenos servicios y buenas prestaciones. Esa es la salud que tenemos en San Juan, y hacia ah\u00ed vamos\u201d.<\/p>\n<p><strong><span style=\"color: #ff0000;\">Mejoras edilicias y nuevos servicios<\/span><\/strong><\/p>\n<p>Las obras comprendieron la ampliaci\u00f3n de 60,15 m\u00b2, sumando a la superficie original de 186,26 m\u00b2, lo que da como resultado un total de 246,41 m\u00b2 construidos.<\/p>\n<p>En este nuevo espacio se incorporaron dos nuevos consultorios, se ampli\u00f3 la sala de espera y el \u00e1rea de admisi\u00f3n, y se refuncionaliz\u00f3 la sala de kinesiolog\u00eda, permitiendo una mejor disposici\u00f3n del equipamiento y mayor comodidad para los pacientes.<\/p>\n<p>Adem\u00e1s, se realizaron trabajos de pintura interna y externa, el recambio total del piso, instalaci\u00f3n de rampas para personas con discapacidad y nuevo mobiliario, lo que mejora sustancialmente la calidad de atenci\u00f3n.<\/p>\n<p><span style=\"color: #ff0000;\"><strong>Equipo de salud y prestaciones<\/strong><\/span><\/p>\n<p>El centro de salud est\u00e1 a cargo de la Dra. Iris Casta\u00f1eda, m\u00e9dica de familia, y la Dra. Ivanna Torres, pediatra.<\/p>\n<p>La atenci\u00f3n se brinda de Lunes a Viernes, de 7 a 13 horas, con un equipo interdisciplinario que incluye<\/p>\n<ul>\n<li>M\u00e9dico de familia<\/li>\n<li>Pediatr\u00eda<\/li>\n<li>Odontolog\u00eda (ni\u00f1os y adultos)<\/li>\n<li>Nutricionista<\/li>\n<li>Enfermer\u00eda<\/li>\n<li>Vacunatorio<\/li>\n<li>Psicolog\u00eda (adolescentes, adultos y familia)<\/li>\n<li>Kinesiolog\u00eda (ni\u00f1os y adultos)<\/li>\n<li>Agente sanitario<\/li>\n<li>Farmacia<\/li>\n<li>Admisi\u00f3n<\/li>\n<\/ul>\n<p>Asimismo, el CAPS cuenta con atenci\u00f3n con consultorio rotativo que incluye de trabajo social los mi\u00e9rcoles y jueves, clases de educaci\u00f3n f\u00edsica los lunes y mi\u00e9rcoles, y controles ginecol\u00f3gicos una vez por mes.<\/p>\n<p>Con estas mejoras, el Gobierno de San Juan reafirma su compromiso con la salud p\u00fablica y el fortalecimiento de los centros de atenci\u00f3n primaria, pilares fundamentales en el acceso equitativo a la salud en cada rinc\u00f3n de San Juan.<\/p>\n<p>Estuvieron presentes adem\u00e1s, el ministro de Infraestructura, Agua y Energ\u00eda, Fernando Perea; el intendente de de la Municipalidad de Albard\u00f3n, Juan Carlos Abarca; el secretario t\u00e9cnico del Ministerio de Salud, Dr. Alejandro Navarta; el secretario de Planeamiento y Control de Gesti\u00f3n, Dra. Gast\u00f3n Jofr\u00e9; la jefa de Zona Sanitaria III, Dra. Ivonne Garc\u00eda; la directora del Hospital Dr. Jos\u00e9 Giordano, Dra. Marcela Romero; la jefa del \u00e1rea program\u00e1tica, Dra. Graciela Pontoriero, y el sacerdote V\u00edctor Hugo Gallardo, quien dio la bendici\u00f3n al renovado espacio.<\/p>\n<p>&nbsp;<\/p>\n<p><iframe loading=\"lazy\" title=\"Orrego inaugur\u00f3 obras de remodelaci\u00f3n y ampliaci\u00f3n del Centro de Salud Las Lomitas en Albard\u00f3n\" width=\"800\" height=\"450\" src=\"https:\/\/www.youtube.com\/embed\/iNR0vcGEx0s?feature=oembed\" frameborder=\"0\" allow=\"accelerometer; autoplay; clipboard-write; encrypted-media; gyroscope; picture-in-picture; web-share\" referrerpolicy=\"strict-origin-when-cross-origin\" allowfullscreen><\/iframe><\/p>\n","protected":false},"excerpt":{"rendered":"<p>Con la presencia del gobernador de San Juan, Dr. Marcelo Orrego, se inauguraron las obras de ampliaci\u00f3n y refacci\u00f3n del<\/p>\n","protected":false},"author":3,"featured_media":85134,"comment_status":"closed","ping_status":"closed","sticky":false,"template":"","format":"standard","meta":{"_acf_changed":false,"_seopress_robots_primary_cat":"none","_seopress_titles_title":"","_seopress_titles_desc":"","_seopress_robots_index":"","colormag_page_container_layout":"default_layout","colormag_page_sidebar_layout":"default_layout","footnotes":""},"categories":[1,7],"tags":[],"class_list":["post-85131","post","type-post","status-publish","format-standard","has-post-thumbnail","hentry","category-destacadas","category-videos"],"acf":[],"_links":{"self":[{"href":"https:\/\/vocesparalelas.com.ar\/sitio\/wp-json\/wp\/v2\/posts\/85131","targetHints":{"allow":["GET"]}}],"collection":[{"href":"https:\/\/vocesparalelas.com.ar\/sitio\/wp-json\/wp\/v2\/posts"}],"about":[{"href":"https:\/\/vocesparalelas.com.ar\/sitio\/wp-json\/wp\/v2\/types\/post"}],"author":[{"embeddable":true,"href":"https:\/\/vocesparalelas.com.ar\/sitio\/wp-json\/wp\/v2\/users\/3"}],"replies":[{"embeddable":true,"href":"https:\/\/vocesparalelas.com.ar\/sitio\/wp-json\/wp\/v2\/comments?post=85131"}],"version-history":[{"count":1,"href":"https:\/\/vocesparalelas.com.ar\/sitio\/wp-json\/wp\/v2\/posts\/85131\/revisions"}],"predecessor-version":[{"id":85135,"href":"https:\/\/vocesparalelas.com.ar\/sitio\/wp-json\/wp\/v2\/posts\/85131\/revisions\/85135"}],"wp:featuredmedia":[{"embeddable":true,"href":"https:\/\/vocesparalelas.com.ar\/sitio\/wp-json\/wp\/v2\/media\/85134"}],"wp:attachment":[{"href":"https:\/\/vocesparalelas.com.ar\/sitio\/wp-json\/wp\/v2\/media?parent=85131"}],"wp:term":[{"taxonomy":"category","embeddable":true,"href":"https:\/\/vocesparalelas.com.ar\/sitio\/wp-json\/wp\/v2\/categories?post=85131"},{"taxonomy":"post_tag","embeddable":true,"href":"https:\/\/vocesparalelas.com.ar\/sitio\/wp-json\/wp\/v2\/tags?post=85131"}],"curies":[{"name":"wp","href":"https:\/\/api.w.org\/{rel}","templated":true}]}}