{"id":85107,"date":"2025-04-15T22:18:10","date_gmt":"2025-04-16T01:18:10","guid":{"rendered":"https:\/\/vocesparalelas.com.ar\/sitio\/?p=85107"},"modified":"2025-04-15T22:37:07","modified_gmt":"2025-04-16T01:37:07","slug":"operativo-integral-san-juan-cerca-en-la-escuela-agrotecnica-ejercito-argentino-departamento-valle-fertil","status":"publish","type":"post","link":"https:\/\/vocesparalelas.com.ar\/sitio\/operativo-integral-san-juan-cerca-en-la-escuela-agrotecnica-ejercito-argentino-departamento-valle-fertil\/","title":{"rendered":"Operativo integral \u201cSan Juan Cerca\u201d en la Escuela Agrot\u00e9cnica \u00abEj\u00e9rcito Argentino\u00bb, Departamento Valle F\u00e9rtil"},"content":{"rendered":"<p>El Martes, 15 de Abril de 2025, el Gobierno de San Juan desarroll\u00f3 el operativo integral \u201cSan Juan Cerca\u201d, en la Escuela Agrot\u00e9cnica Ej\u00e9rcito Argentino, Departamento Valle F\u00e9rtil.<\/p>\n<p>Es as\u00ed que el gobernador Dr. Marcelo Orrego presidi\u00f3 el operativo integral \u201cSan Juan Cerca\u201d donde anunci\u00f3 situaciones clave para los habitantes de Valle F\u00e9rtil que impacta al turismo y la producci\u00f3n del departamento porque el 2 de Mayo comienzan a colocar la fibra \u00f3ptica para habilitar unos 100 nuevos puntos de conexi\u00f3n a Internet. Las tareas demandar\u00e1n unos 2 meses de trabajo encarados por San Juan Innova, y que permitir\u00e1 un departamento mucho m\u00e1s conectado, m\u00e1s prospero a recibir turistas y que beneficiar\u00e1 tambi\u00e9n al sector productivo\u201d.<\/p>\n<p>Cabe destacar que en el Departamento Iglesia, San Juan Innova tambi\u00e9n instal\u00f3 alrededor de 100 puntos de conexi\u00f3n a internet, recientemente.<\/p>\n<p>Adem\u00e1s,\u00a0 Al respecto, Orrego dijo: \u201cEst\u00e1n todas las reparticiones estatales para estar cerca del vecino y por supuesto ir encontrando los resortes necesarios para que el Estado pueda ir resolviendo. Tambi\u00e9n est\u00e1, por ejemplo, en este caso, Personer\u00eda Jur\u00eddica, es muy importante poner en valor todas las instituciones que tiene San Juan, estoy hablando de las instituciones intermedias, por supuesto las deportivas, las religiosas, las de salud, siempre estar cerca\u201d.<\/p>\n<p>En este contexto tambi\u00e9n, se hizo entrega de certificados en el marco del programa Aprender, Trabajar, Producir. Adem\u00e1s, brindaron capacitaciones. Mientras que, desde la Caja de Acci\u00f3n Social, dieron los premios del Sorteo de Cupones no Ganadores, que en este caso fue una heladera y un kit sanitario para el Centro de Salud de Astica.<\/p>\n<p>Acompa\u00f1aron al gobernador durante el operativo, el ministro de Familia y Desarrollo Humano, Prof. Carlos Platero; ministro de Infraestructura, Fernando Perea; intendente de Valle F\u00e9rtil, Mario Riveros; secretario de Promoci\u00f3n Social, Ramiro Pavone; directora de Pol\u00edticas para la Equidad, Natalia S\u00e1nchez; y dem\u00e1s funcionarios provinciales y departamentales.<\/p>\n<p><iframe loading=\"lazy\" title=\"En un nuevo operativo, Orrego anunci\u00f3 100 nuevos puntos de conexi\u00f3n a internet en Valle F\u00e9rtil\" width=\"800\" height=\"450\" src=\"https:\/\/www.youtube.com\/embed\/sLKOfkTMuw8?feature=oembed\" frameborder=\"0\" allow=\"accelerometer; autoplay; clipboard-write; encrypted-media; gyroscope; picture-in-picture; web-share\" referrerpolicy=\"strict-origin-when-cross-origin\" allowfullscreen><\/iframe><\/p>\n<p><strong><span style=\"color: #ff0000;\">El operativo<\/span><\/strong><\/p>\n<p>El Programa est\u00e1 en vigencia con el objetivo de promover la igualdad de oportunidades para toda la comunidad, especialmente de aquellos que viven en zonas m\u00e1s alejadas de los centros urbanos.<\/p>\n<p>Participan en estos operativos de \u201cSan Juan Cerca\u201d el Ministerio de Familia y Desarrollo Humano; Ministerio de Gobierno; Ministerio de Salud; Ministerio de Educaci\u00f3n; Ministerio de Econom\u00eda, Finanzas y Hacienda; Ministerio de la Producci\u00f3n, Trabajo e Innovaci\u00f3n; Ministerio de Turismo, Cultura y Deporte; la Secretar\u00eda de Ambiente y la Secretar\u00eda de Estado de Seguridad y Orden P\u00fablico.<\/p>\n<p>Entre otras gestiones se puede realizar controles de Oftalmolog\u00eda (para determinar la necesidad o no del uso de anteojos para gestionarlos a trav\u00e9s de la Direcci\u00f3n de Asistencia del Ministerio de Familia y Desarrollo Humano), recibir asesoramiento sobre programas de Pol\u00edticas de Equidad; Personas con Discapacidad; Ni\u00f1ez, Adolescencia y Familia, Juventudes, Prevenci\u00f3n y Asistencia de Consumos Problem\u00e1ticos, Econom\u00eda Social, Asistencia y G\u00e9nero; tambi\u00e9n gestionar DNI, pedir la Regularizaci\u00f3n Dominial de terrenos y escrituras de propiedades, solicitar asesoramiento sobre Derecho Laboral y previsional para jubilados y pensionados, tramitar la tarjeta SUBE y la aplicaci\u00f3n de beneficios de Tarifa Social, acceder a controles de Odontolog\u00eda, Ginecolog\u00eda, Pediatr\u00eda y Cardiolog\u00eda (Medicina Familiar), de peso y talla, control de signos vitales para todas las edades, vacunarse seg\u00fan el calendario oficial, pedir el desbloqueo y cambio de pilas de netbook de alumnos de secundaria, pedir informaci\u00f3n sobre subsidios de energ\u00eda el\u00e9ctrica y agua potable, hacer reclamos, crear cuenta de Ciudadano Digital, entre otros.<\/p>\n<div class=\"embera-embed-responsive embera-embed-responsive-video embera-embed-responsive-provider-youtube\">\n<div class=\"xt-youtube-video-optimizer hd-thumbnail\" data-class=\"embera-embed-responsive-item embera-embed-responsive-item-video\" data-frameborder=\"0\" data-allow=\"accelerometer; autoplay; clipboard-write; encrypted-media; gyroscope; picture-in-picture; web-share\" data-allowfullscreen=\"\" data-title=\"En un nuevo operativo, Orrego anunci\u00f3 100 nuevos puntos de conexi\u00f3n a internet en Valle F\u00e9rtil\" data-id=\"sLKOfkTMuw8\"><img loading=\"lazy\" decoding=\"async\" class=\"alignnone size-full wp-image-65642\" src=\"https:\/\/vocesparalelas.com.ar\/sitio\/wp-content\/uploads\/2023\/11\/GOBIERNO-SAN-JUAN.jpg\" alt=\"\" width=\"800\" height=\"600\" srcset=\"https:\/\/vocesparalelas.com.ar\/sitio\/wp-content\/uploads\/2023\/11\/GOBIERNO-SAN-JUAN.jpg 800w, https:\/\/vocesparalelas.com.ar\/sitio\/wp-content\/uploads\/2023\/11\/GOBIERNO-SAN-JUAN-300x225.jpg 300w, https:\/\/vocesparalelas.com.ar\/sitio\/wp-content\/uploads\/2023\/11\/GOBIERNO-SAN-JUAN-768x576.jpg 768w\" sizes=\"auto, (max-width: 800px) 100vw, 800px\" \/><\/div>\n<\/div>\n","protected":false},"excerpt":{"rendered":"<p>El Martes, 15 de Abril de 2025, el Gobierno de San Juan desarroll\u00f3 el operativo integral \u201cSan Juan Cerca\u201d, en<\/p>\n","protected":false},"author":3,"featured_media":85110,"comment_status":"closed","ping_status":"closed","sticky":false,"template":"","format":"standard","meta":{"_acf_changed":false,"_seopress_robots_primary_cat":"none","_seopress_titles_title":"","_seopress_titles_desc":"","_seopress_robots_index":"","colormag_page_container_layout":"default_layout","colormag_page_sidebar_layout":"default_layout","footnotes":""},"categories":[1,7],"tags":[],"class_list":["post-85107","post","type-post","status-publish","format-standard","has-post-thumbnail","hentry","category-destacadas","category-videos"],"acf":[],"_links":{"self":[{"href":"https:\/\/vocesparalelas.com.ar\/sitio\/wp-json\/wp\/v2\/posts\/85107","targetHints":{"allow":["GET"]}}],"collection":[{"href":"https:\/\/vocesparalelas.com.ar\/sitio\/wp-json\/wp\/v2\/posts"}],"about":[{"href":"https:\/\/vocesparalelas.com.ar\/sitio\/wp-json\/wp\/v2\/types\/post"}],"author":[{"embeddable":true,"href":"https:\/\/vocesparalelas.com.ar\/sitio\/wp-json\/wp\/v2\/users\/3"}],"replies":[{"embeddable":true,"href":"https:\/\/vocesparalelas.com.ar\/sitio\/wp-json\/wp\/v2\/comments?post=85107"}],"version-history":[{"count":2,"href":"https:\/\/vocesparalelas.com.ar\/sitio\/wp-json\/wp\/v2\/posts\/85107\/revisions"}],"predecessor-version":[{"id":85117,"href":"https:\/\/vocesparalelas.com.ar\/sitio\/wp-json\/wp\/v2\/posts\/85107\/revisions\/85117"}],"wp:featuredmedia":[{"embeddable":true,"href":"https:\/\/vocesparalelas.com.ar\/sitio\/wp-json\/wp\/v2\/media\/85110"}],"wp:attachment":[{"href":"https:\/\/vocesparalelas.com.ar\/sitio\/wp-json\/wp\/v2\/media?parent=85107"}],"wp:term":[{"taxonomy":"category","embeddable":true,"href":"https:\/\/vocesparalelas.com.ar\/sitio\/wp-json\/wp\/v2\/categories?post=85107"},{"taxonomy":"post_tag","embeddable":true,"href":"https:\/\/vocesparalelas.com.ar\/sitio\/wp-json\/wp\/v2\/tags?post=85107"}],"curies":[{"name":"wp","href":"https:\/\/api.w.org\/{rel}","templated":true}]}}