{"id":84965,"date":"2025-04-11T20:29:00","date_gmt":"2025-04-11T23:29:00","guid":{"rendered":"https:\/\/vocesparalelas.com.ar\/sitio\/?p=84965"},"modified":"2025-04-14T23:16:32","modified_gmt":"2025-04-15T02:16:32","slug":"cuidemos-el-agua-potable-en-san-juan","status":"publish","type":"post","link":"https:\/\/vocesparalelas.com.ar\/sitio\/cuidemos-el-agua-potable-en-san-juan\/","title":{"rendered":"Cuidemos el agua potable en San Juan"},"content":{"rendered":"<p>Obras Sanitarias de San Juan anuncia a sus usuarios que debido a la crisis h\u00eddrica que atraviesa la provincia de San Juan y con el claro prop\u00f3sito de llegar con el suministro a los hogares, mantiene durante el 2025 el horario restringido, de 9 a 21 hs.<\/p>\n<p>La medida aplica a los d\u00edas de la Semana, incluidos S\u00e1bados, Domingos y Feriados del territorio provincial, con el objetivo de reforzar el cuidado del agua potable, destinando exclusivamente para acciones vitales.<\/p>\n<p>Este esfuerzo apunta a asegurar que el recurso alcance a todos los hogares, fomentando un uso solidario y consciente del recurso. Las actividades secundarias, recreativas o de derroche como lavado de veredas y autos, no est\u00e1n permitidas en ese horario, ya que comprometen la disponibilidad para consumo humano y el desarrollo de actividades prioritarias como bebida, higiene y alimentaci\u00f3n.<\/p>\n<p><span style=\"color: #0000ff;\"><b>\u00bfC\u00f3mo usar el agua potable responsablemente?<\/b><\/span><\/p>\n<p>Existen pr\u00e1cticas simples pero que ayudan considerablemente a reducir el consumo y cuidar el recurso tales como:<\/p>\n<ul>\n<li>Optar por duchas cortas y no ba\u00f1os de inmersi\u00f3n.<\/li>\n<li>Colocar platos debajo de las macetas para conservar la humedad.<\/li>\n<li>Cerrar el grifo mientras se enjabonan los platos<\/li>\n<li>Lavar frutas y verduras en un recipiente o bowl y reutilizar ese agua<\/li>\n<li>Mantener grifos cerrados mientras se realizan acciones de higiene personal como por ejemplo cepillado de dientes<\/li>\n<li>Verificar que no existan goteras ni fugas internas en ca\u00f1er\u00ecas del hogar.<\/li>\n<li>Abrir el grifo e inmediatamente ducharse, sin dejar el agua corriendo.<\/li>\n<\/ul>\n<p><span style=\"color: #0000ff;\"><b>\u00bfCu\u00e1les son consideradas acciones de uso indebido del recurso?<\/b><\/span><\/p>\n<p>Se considera uso indebido a aquellas actividades que no son vitales como lavado de veredas y riego de calles, riego de jardines y arbolado en general, lavado de veh\u00edculos, llenado y reposici\u00f3n de agua en piletas o cualquier otro uso distinto al consumo humano. Tambi\u00e9n es derroche, a\u00fan cuando dentro del horario permitido se hace uso irracional del suministro vital.<\/p>\n<p><span style=\"color: #0000ff;\"><b>\u00bfC\u00f3mo colaborar y reportar situaciones de derroche?<\/b><\/span><\/p>\n<ul>\n<li>WhatsApp: 264-506-4444 (solo mensajes de texto)<\/li>\n<li>L\u00ednea gratuita: 0800-222-6773<\/li>\n<\/ul>\n<p>Cada buena acci\u00f3n marca la diferencia para que nosotros, nuestra familia y todos los sanjuaninos podamos hacer uso del recurso vital.<\/p>\n<p>&nbsp;<\/p>\n<p><img loading=\"lazy\" decoding=\"async\" class=\"alignnone size-large wp-image-18050\" src=\"https:\/\/vocesparalelas.com.ar\/sitio\/wp-content\/uploads\/2019\/01\/OSSE-LOGO-800x503.jpg\" alt=\"\" width=\"800\" height=\"503\" srcset=\"https:\/\/vocesparalelas.com.ar\/sitio\/wp-content\/uploads\/2019\/01\/OSSE-LOGO-800x503.jpg 800w, https:\/\/vocesparalelas.com.ar\/sitio\/wp-content\/uploads\/2019\/01\/OSSE-LOGO-300x189.jpg 300w, https:\/\/vocesparalelas.com.ar\/sitio\/wp-content\/uploads\/2019\/01\/OSSE-LOGO-768x483.jpg 768w, https:\/\/vocesparalelas.com.ar\/sitio\/wp-content\/uploads\/2019\/01\/OSSE-LOGO.jpg 1000w\" sizes=\"auto, (max-width: 800px) 100vw, 800px\" \/><\/p>\n","protected":false},"excerpt":{"rendered":"<p>Obras Sanitarias de San Juan anuncia a sus usuarios que debido a la crisis h\u00eddrica que atraviesa la provincia de<\/p>\n","protected":false},"author":3,"featured_media":18022,"comment_status":"closed","ping_status":"closed","sticky":false,"template":"","format":"standard","meta":{"_acf_changed":false,"_seopress_robots_primary_cat":"none","_seopress_titles_title":"","_seopress_titles_desc":"","_seopress_robots_index":"","colormag_page_container_layout":"default_layout","colormag_page_sidebar_layout":"default_layout","footnotes":""},"categories":[6],"tags":[],"class_list":["post-84965","post","type-post","status-publish","format-standard","has-post-thumbnail","hentry","category-eventos"],"acf":[],"_links":{"self":[{"href":"https:\/\/vocesparalelas.com.ar\/sitio\/wp-json\/wp\/v2\/posts\/84965","targetHints":{"allow":["GET"]}}],"collection":[{"href":"https:\/\/vocesparalelas.com.ar\/sitio\/wp-json\/wp\/v2\/posts"}],"about":[{"href":"https:\/\/vocesparalelas.com.ar\/sitio\/wp-json\/wp\/v2\/types\/post"}],"author":[{"embeddable":true,"href":"https:\/\/vocesparalelas.com.ar\/sitio\/wp-json\/wp\/v2\/users\/3"}],"replies":[{"embeddable":true,"href":"https:\/\/vocesparalelas.com.ar\/sitio\/wp-json\/wp\/v2\/comments?post=84965"}],"version-history":[{"count":1,"href":"https:\/\/vocesparalelas.com.ar\/sitio\/wp-json\/wp\/v2\/posts\/84965\/revisions"}],"predecessor-version":[{"id":84968,"href":"https:\/\/vocesparalelas.com.ar\/sitio\/wp-json\/wp\/v2\/posts\/84965\/revisions\/84968"}],"wp:featuredmedia":[{"embeddable":true,"href":"https:\/\/vocesparalelas.com.ar\/sitio\/wp-json\/wp\/v2\/media\/18022"}],"wp:attachment":[{"href":"https:\/\/vocesparalelas.com.ar\/sitio\/wp-json\/wp\/v2\/media?parent=84965"}],"wp:term":[{"taxonomy":"category","embeddable":true,"href":"https:\/\/vocesparalelas.com.ar\/sitio\/wp-json\/wp\/v2\/categories?post=84965"},{"taxonomy":"post_tag","embeddable":true,"href":"https:\/\/vocesparalelas.com.ar\/sitio\/wp-json\/wp\/v2\/tags?post=84965"}],"curies":[{"name":"wp","href":"https:\/\/api.w.org\/{rel}","templated":true}]}}