{"id":84961,"date":"2025-04-11T20:38:25","date_gmt":"2025-04-11T23:38:25","guid":{"rendered":"https:\/\/vocesparalelas.com.ar\/sitio\/?p=84961"},"modified":"2025-04-14T22:28:46","modified_gmt":"2025-04-15T01:28:46","slug":"otra-propuesta-de-aumento-salarial-docente-por-el-gobierno-de-san-juan","status":"publish","type":"post","link":"https:\/\/vocesparalelas.com.ar\/sitio\/otra-propuesta-de-aumento-salarial-docente-por-el-gobierno-de-san-juan\/","title":{"rendered":"Otra Propuesta de aumento Salarial Docente por el Gobierno de San Juan"},"content":{"rendered":"<p>El Viernes,11 de Abril, en San Juan, se reanud\u00f3 la reuni\u00f3n de Conciliaci\u00f3n Obligatoria Docente entre el Subsecretario de Trabajo de la Provincia de San Juan Dr. Franco Marchese, el Secretario General de la Gobernaci\u00f3n, Lic. Emilio Achem, el Ministro De Econom\u00eda, Finanzas y Hacienda, CPN Roberto Guti\u00e9rrez y dem\u00e1s funcionarios con los Secretarios Generales de los Gremios Docentes de San Juan UDAP, UDA y AMET.<\/p>\n<p>Abierto el acto por el funcionario actuante se produce un intenso debate entre las partes, en el que luego del reclamo de mejora por la parte Sindical y el esfuerzo de la parte Gubernamental, se arriba al siguiente acuerdo conciliatorio:<\/p>\n<ol>\n<li>Incrementar en 10 puntos todos los cargos del nomenclador docente a partir del salario del mes de Marzo 2025, el que ser\u00e1 liquidado junto con el salario de Abril 2025;<\/li>\n<li>Establecer con car\u00e1cter definitivo el no descuento de los d\u00edas de huelgas realizados en fecha 5 de Marzo y 10 de Abril del 2025;<\/li>\n<li>Fijar el inicio de la paritaria salarial para discutir los sueldos del mes de Abril en adelante para el Martes, 15 de Abril, a las 16:30 hs.<\/li>\n<\/ol>\n<p>O\u00eddas las partes, la Autoridad Laboral RESUELVE:<\/p>\n<p>I)-Tener presente lo manifestado por las partes.<\/p>\n<p>II) Dejar en casillero del sindicato el presente expediente por un plazo de 30 d\u00edas por si es solicitado por las partes, cumplido arch\u00edvese.<\/p>\n<p>III) Quedan las partes debidamente notificadas. No siendo para m\u00e1s, se da por concluido el acto, firmando los comparecientes de total conformidad, previa lectura y ratificaci\u00f3n por ante m\u00ed que certifico.<\/p>\n<p><img loading=\"lazy\" decoding=\"async\" class=\"alignnone size-full wp-image-28629\" src=\"https:\/\/vocesparalelas.com.ar\/sitio\/wp-content\/uploads\/2020\/05\/MINISTERIO-EDUCACION-SJ.jpg\" alt=\"\" width=\"800\" height=\"533\" srcset=\"https:\/\/vocesparalelas.com.ar\/sitio\/wp-content\/uploads\/2020\/05\/MINISTERIO-EDUCACION-SJ.jpg 800w, https:\/\/vocesparalelas.com.ar\/sitio\/wp-content\/uploads\/2020\/05\/MINISTERIO-EDUCACION-SJ-300x200.jpg 300w, https:\/\/vocesparalelas.com.ar\/sitio\/wp-content\/uploads\/2020\/05\/MINISTERIO-EDUCACION-SJ-768x512.jpg 768w\" sizes=\"auto, (max-width: 800px) 100vw, 800px\" \/><\/p>\n<p><strong><span style=\"color: #ff6600;\">Para recordar la propuesta del Gobierno de San Juan en la reuni\u00f3n de Conciliaci\u00f3n Obligatoria a los Docentes.<\/span><\/strong><\/p>\n<p>&nbsp;<\/p>\n<blockquote class=\"wp-embedded-content\" data-secret=\"5bq8xRmUwX\"><p><a href=\"https:\/\/vocesparalelas.com.ar\/sitio\/el-gobierno-de-san-juan-ofrece-a-los-docentes-una-propuesta-superadora-a-la-anterior\/\">El Gobierno de San Juan ofrece a los Docentes una propuesta superadora a la anterior<\/a><\/p><\/blockquote>\n<p><iframe loading=\"lazy\" class=\"wp-embedded-content\" sandbox=\"allow-scripts\" security=\"restricted\" style=\"position: absolute; visibility: hidden;\" title=\"\u00abEl Gobierno de San Juan ofrece a los Docentes una propuesta superadora a la anterior\u00bb \u2014 Voces Paralelas\" src=\"https:\/\/vocesparalelas.com.ar\/sitio\/el-gobierno-de-san-juan-ofrece-a-los-docentes-una-propuesta-superadora-a-la-anterior\/embed\/#?secret=KwYwjH5aN8#?secret=5bq8xRmUwX\" data-secret=\"5bq8xRmUwX\" width=\"600\" height=\"338\" frameborder=\"0\" marginwidth=\"0\" marginheight=\"0\" scrolling=\"no\"><\/iframe><\/p>\n","protected":false},"excerpt":{"rendered":"<p>El Viernes,11 de Abril, en San Juan, se reanud\u00f3 la reuni\u00f3n de Conciliaci\u00f3n Obligatoria Docente entre el Subsecretario de Trabajo<\/p>\n","protected":false},"author":3,"featured_media":65642,"comment_status":"closed","ping_status":"closed","sticky":false,"template":"","format":"standard","meta":{"_acf_changed":false,"_seopress_robots_primary_cat":"none","_seopress_titles_title":"","_seopress_titles_desc":"","_seopress_robots_index":"","colormag_page_container_layout":"default_layout","colormag_page_sidebar_layout":"default_layout","footnotes":""},"categories":[5],"tags":[],"class_list":["post-84961","post","type-post","status-publish","format-standard","has-post-thumbnail","hentry","category-ofrecimientos"],"acf":[],"_links":{"self":[{"href":"https:\/\/vocesparalelas.com.ar\/sitio\/wp-json\/wp\/v2\/posts\/84961","targetHints":{"allow":["GET"]}}],"collection":[{"href":"https:\/\/vocesparalelas.com.ar\/sitio\/wp-json\/wp\/v2\/posts"}],"about":[{"href":"https:\/\/vocesparalelas.com.ar\/sitio\/wp-json\/wp\/v2\/types\/post"}],"author":[{"embeddable":true,"href":"https:\/\/vocesparalelas.com.ar\/sitio\/wp-json\/wp\/v2\/users\/3"}],"replies":[{"embeddable":true,"href":"https:\/\/vocesparalelas.com.ar\/sitio\/wp-json\/wp\/v2\/comments?post=84961"}],"version-history":[{"count":3,"href":"https:\/\/vocesparalelas.com.ar\/sitio\/wp-json\/wp\/v2\/posts\/84961\/revisions"}],"predecessor-version":[{"id":84979,"href":"https:\/\/vocesparalelas.com.ar\/sitio\/wp-json\/wp\/v2\/posts\/84961\/revisions\/84979"}],"wp:featuredmedia":[{"embeddable":true,"href":"https:\/\/vocesparalelas.com.ar\/sitio\/wp-json\/wp\/v2\/media\/65642"}],"wp:attachment":[{"href":"https:\/\/vocesparalelas.com.ar\/sitio\/wp-json\/wp\/v2\/media?parent=84961"}],"wp:term":[{"taxonomy":"category","embeddable":true,"href":"https:\/\/vocesparalelas.com.ar\/sitio\/wp-json\/wp\/v2\/categories?post=84961"},{"taxonomy":"post_tag","embeddable":true,"href":"https:\/\/vocesparalelas.com.ar\/sitio\/wp-json\/wp\/v2\/tags?post=84961"}],"curies":[{"name":"wp","href":"https:\/\/api.w.org\/{rel}","templated":true}]}}