{"id":84931,"date":"2025-04-11T18:37:05","date_gmt":"2025-04-11T21:37:05","guid":{"rendered":"https:\/\/vocesparalelas.com.ar\/sitio\/?p=84931"},"modified":"2025-04-11T18:38:51","modified_gmt":"2025-04-11T21:38:51","slug":"aprobo-el-plan-regional-de-seguridad-la-camara-de-diputados-de-san-juan","status":"publish","type":"post","link":"https:\/\/vocesparalelas.com.ar\/sitio\/aprobo-el-plan-regional-de-seguridad-la-camara-de-diputados-de-san-juan\/","title":{"rendered":"Aprob\u00f3 el Plan Regional de Seguridad la C\u00e1mara de Diputados de San Juan"},"content":{"rendered":"<p>Tras un cuarto intermedio durante la apertura de sesiones del Per\u00edodo Ordinario, realizada el Martes. 1 de Abril y que incluy\u00f3 el Mensaje Anual del gobernador de San Juan, Dr. Marcelo Orrego, el cuerpo legislativo retom\u00f3 la actividad el Viernes, 11 de Abril para continuar con el tratamiento del orden del d\u00eda.<\/p>\n<p>En la ocasi\u00f3n, la C\u00e1mara de Diputados ratific\u00f3 el convenio remitido por el Poder Ejecutivo por el que se aprueba el Plan Regional de Seguridad y, tambi\u00e9n, conform\u00f3 las salas Acusadora y Juzgadora a los fines de la tramitaci\u00f3n del Juicio Pol\u00edtico.<\/p>\n<p>La sesi\u00f3n estuvo presidida por el vicegobernador Dr. Fabi\u00e1n Mart\u00edn, quien estuvo acompa\u00f1ado por los secretarios Legislativo, Dr. Gustavo Velert, y Administrativo, Lic. Jorge Fern\u00e1ndez.<\/p>\n<p><span style=\"color: #800080;\"><strong>Plan Regional de Seguridad<\/strong><\/span><\/p>\n<p>Con el objeto de establecer un trabajo mancomunado en estrategias de seguridad p\u00fablica vinculadas a distintos delitos con influencia en las provincias de Mendoza, San Luis y San Juan, la C\u00e1mara de Diputados ratific\u00f3 el convenio remitido por el Poder Ejecutivo por el que se aprueba el Plan Regional de Seguridad. Este punto del orden del d\u00eda fue fundamentado por el diputado Juan de la Cruz C\u00f3rdoba.<\/p>\n<p>En este sentido, las partes involucradas se comprometen a coordinar controles unificados y operativos conjuntos de las fuerzas de impacto en las distintas jurisdicciones y sus l\u00edmites, con el fin de lograr objetivos comunes en orden a la seguridad.<\/p>\n<p>Asimismo, convienen en realizar las gestiones necesarias para lograr la interoperabilidad y vinculaci\u00f3n de las c\u00e1maras ubicadas en los l\u00edmites jurisdiccionales de cada provincia para fomentar alertas de situaciones irregulares, paraderos, veh\u00edculos con medidas pendientes, entre otras; y eficaces abordajes.<\/p>\n<p>Por otro lado, acuerdan colaboraci\u00f3n mutua en lo referente a las medidas judiciales sobre personas, veh\u00edculos y otros bienes, y se comprometen a realizar una colaboraci\u00f3n conjunta con las respectivas \u00e1reas de investigaci\u00f3n de cada jurisdicci\u00f3n para abordar investigaciones de transcendencia para las jurisdicciones y la regi\u00f3n en general. Adem\u00e1s, se comprometen a interactuar con los \u00d3rganos judiciales de cada jurisdicci\u00f3n a fin de mediar con los dem\u00e1s \u00f3rganos p\u00fablicos, fiscales y judiciales a los efectos de colaborar con los distintos gobiernos y sus fuerzas de seguridad en las acciones que sean menester.<\/p>\n<p>Tambi\u00e9n, asumen el compromiso de intercambiar informaci\u00f3n en el marco de los anillos digitales que se implementen. La informaci\u00f3n que surja de esta interacci\u00f3n ser\u00e1 utilizada de manera confidencial, para el dise\u00f1o de pol\u00edticas estrat\u00e9gicas de seguridad de cada jurisdicci\u00f3n y de la regi\u00f3n.<\/p>\n<p>Por \u00faltimo, se comprometen a suscribir los instrumentos complementarios que sean necesarios para el cumplimiento de los objetivos del presente convenio que tendr\u00e1 una duraci\u00f3n de cuatro (4) a\u00f1os prorrogables autom\u00e1ticamente sin necesidad de notificaci\u00f3n. Asimismo, podr\u00e1 ser rescindido antes de su vencimiento a solicitud de cualquiera de las partes involucradas con expresi\u00f3n de causa y sin derecho a indemnizaci\u00f3n alguna, para, lo cual se notificar\u00e1 a la otra parte con una antelaci\u00f3n no menor de sesenta d\u00edas corridos.<\/p>\n<p><iframe loading=\"lazy\" title=\"Diputado Juan de la Cruz C\u00f3rdoba - Convenio por Plan Regional de Seguridad\" width=\"800\" height=\"450\" src=\"https:\/\/www.youtube.com\/embed\/Cu_5fWCTLMA?feature=oembed\" frameborder=\"0\" allow=\"accelerometer; autoplay; clipboard-write; encrypted-media; gyroscope; picture-in-picture; web-share\" referrerpolicy=\"strict-origin-when-cross-origin\" allowfullscreen><\/iframe><\/p>\n<p>&nbsp;<\/p>\n<p><span style=\"color: #800080;\"><strong>Conformaci\u00f3n de las Salas Acusadora y Juzgadora<\/strong><\/span><\/p>\n<p>El cuerpo Legislativo realiz\u00f3 el sorteo correspondiente por bolillero para la constituci\u00f3n de las Salas Acusadora y Juzgadora.<\/p>\n<p>Por consiguiente, la Sala Acusadora qued\u00f3 conformada por los diputados: Eduardo Cabello, Stella Caparr\u00f3s, Jorge Casta\u00f1eda, Andr\u00e9s Castro, Juan de la Cruz C\u00f3rdoba, Enzo Cornejo, M\u00f3nica Gonz\u00e1lez, Marta Gramajo, Carlos Jaime Quiroga, Alejandra Leonardo, Andr\u00e9s Mallea, Gustavo N\u00fa\u00f1ez, Fernanda Paredes, Fernando Patinella, Marcela Quiroga, Daniel Ripoll, Leopoldo Soler y Gustavo Usin.<\/p>\n<p>Mientras que la Sala Juzgadora fue integrada por los legisladores: Pedro Albagli, Franco Aranda, Miguel Atampiz, Gustavo Deguer, Emilio Escudero, Sonia Ferreyra, Mario Herrero, Mar\u00eda Lascano, Cristina L\u00f3pez, Marisa L\u00f3pez, Rosana Luque, Omar Ortiz, Juan Carlos Quiroga Moyano, Federico Rizo, Luis Rueda, Gabriel S\u00e1nchez, Graciela Seva y Miguel Vega.<\/p>\n<p>Acto seguido, el vicegobernador Fabi\u00e1n Mart\u00edn les tom\u00f3 el juramento de forma a los integrantes de ambas salas. Luego, la C\u00e1mara pas\u00f3 a un cuarto intermedio de diez minutos para definir la conformaci\u00f3n de la Comisi\u00f3n Investigadora de la Sala Acusadora. En este sentido, fueron elegidos los diputados: Leopoldo Soler, Fernanda Paredes, Juan de la Cruz C\u00f3rdoba, Alejandra Leonardo y Marcela Quiroga.<\/p>\n<p>Asimismo, designaron al legislador Enzo Cornejo a cargo de la Sala Acusadora y al legislador Juan Carlos Quiroga Moyano como titular de la Sala Juzgadora.<\/p>\n<p>Luego, el presidente de la C\u00e1mara tom\u00f3 juramento a los secretarios Legislativo, Gustavo Velert y Administrativo, Jorge Fern\u00e1ndez.<\/p>\n<p><span style=\"color: #800080;\"><strong>Juramento de la vicepresidente segunda<\/strong><\/span><\/p>\n<p>Al inicio de la reanudaci\u00f3n de la Primera Sesi\u00f3n, el vicegobernador Fabi\u00e1n Mart\u00edn tom\u00f3 juramento a la diputada Marisa L\u00f3pez, quien fue designada para continuar en el cargo de vicepresidenta segunda de la C\u00e1mara de Diputados.<\/p>\n<p><span style=\"color: #800080;\"><strong>Resoluciones<\/strong><\/span><\/p>\n<p>Asimismo, la Legislatura resolvi\u00f3 declarar de inter\u00e9s:<\/p>\n<ul>\n<li><span style=\"color: #800080;\"><strong>Educativo, social, cultural y acad\u00e9mico al \u00abPrimer Congreso Nacional e Internacional de Investigaciones sobre Oriente\u00bb\u00a0<\/strong><\/span>organizado por el Gabinete de Estudios e Investigaciones de Oriente, Departamento de Historia, Instituto De Filosof\u00eda \u00abEduardo Pe\u00f1afort\u00bb, que se llevar\u00e1 a cabo en la Sala de Audio Video de la Facultad de Filosof\u00eda, Humanidades y Artes, los d\u00edas mi\u00e9rcoles 7, jueves 8 y viernes 9 de 2025, en horario de 8 a 13 y de 15 a 21 horas. En el marco del Proyecto Oriente Y Occidente Miradas Plurales, Secretar\u00eda de Investigaci\u00f3n &#8211; Secretaria de Extensi\u00f3n \u2013 FFHA de la Universidad Nacional De San Juan. (Autor: bloque San Juan Vuelve)<\/li>\n<li><span style=\"color: #800080;\"><strong>Social, educativo y cultura<\/strong>l,\u00a0<strong>el VIII Congreso Nacional de la Conservaci\u00f3n de la Biodiversidad<\/strong><\/span>\u00a0organizado por la Universidad Nacional de San Juan y la fundaci\u00f3n AZARA a realizarse en la provincia de San Juan, entre los d\u00edas 13 y 16 de mayo de 2025. (Autor: Interbloque Cambia San Juan)<\/li>\n<li><span style=\"color: #800080;\"><strong>Cient\u00edfico y educativo<\/strong>,\u00a0<strong>a las actividades y presentaciones cient\u00edficas realizadas por el Gabinete de Investigaci\u00f3n de la Escuela Industrial \u00abDomingo Faustino Sarmiento\u00bb.<\/strong><\/span>\u00a0(Autor: Interbloque Cambia San Juan)<\/li>\n<li><span style=\"color: #800080;\"><strong>Cultural, social y econ\u00f3mico el \u00abXXVIII Comit\u00e9 de Integraci\u00f3n Paso de Agua Negra<\/strong>\u00ab,<\/span> que se llevar\u00e1 a cabo los d\u00edas 14 y 15 de abril del corriente a\u00f1o, en el Sal\u00f3n Cruce de los Andes, Primer piso n\u00facleo 7, Centro C\u00edvico provincial, Ciudad de San Juan, Argentina. (Autor: Interbloque Cambia San Juan)<\/li>\n<li><span style=\"color: #800080;\"><strong>Social y cultural, al encuentro denominado \u00abVoces que inspiran 2\u00bb,<\/strong><\/span>\u00a0organizado por la Asociaci\u00f3n Civil Unidos por Parkinson en el marco del \u00abD\u00eda Mundial del Parkinson\u00bb, el d\u00eda 11 de abril de 2025 en el Museo de la Memoria Urbana de la provincia de San Juan. (Autor: Interbloque Cambia San Juan)<\/li>\n<li><span style=\"color: #800080;\"><strong>Social y cultural, el evento \u00abRa\u00edces Compartidas: 200 a\u00f1os de amistad Argentino-Alemana\u00bb<\/strong>,<\/span> a realizarse el d\u00eda 11 de abril de 2025 en los Jardines del Auditorio Juan Victoria de la provincia de San Juan. (Autor: Interbloque Cambia San Juan)<\/li>\n<\/ul>\n<p><iframe loading=\"lazy\" title=\"Continuaci\u00f3n de la Primera Sesi\u00f3n del per\u00edodo ordinario 2025.\" width=\"800\" height=\"450\" src=\"https:\/\/www.youtube.com\/embed\/Eim9QRfLORo?feature=oembed\" frameborder=\"0\" allow=\"accelerometer; autoplay; clipboard-write; encrypted-media; gyroscope; picture-in-picture; web-share\" referrerpolicy=\"strict-origin-when-cross-origin\" allowfullscreen><\/iframe><\/p>\n<p>&nbsp;<\/p>\n<figure id=\"attachment_37951\" aria-describedby=\"caption-attachment-37951\" style=\"width: 800px\" class=\"wp-caption alignnone\"><img loading=\"lazy\" decoding=\"async\" class=\"size-full wp-image-37951\" src=\"https:\/\/vocesparalelas.com.ar\/sitio\/wp-content\/uploads\/2021\/05\/CAMARA-EDIFICIO.jpg\" alt=\"\" width=\"800\" height=\"515\" srcset=\"https:\/\/vocesparalelas.com.ar\/sitio\/wp-content\/uploads\/2021\/05\/CAMARA-EDIFICIO.jpg 800w, https:\/\/vocesparalelas.com.ar\/sitio\/wp-content\/uploads\/2021\/05\/CAMARA-EDIFICIO-300x193.jpg 300w, https:\/\/vocesparalelas.com.ar\/sitio\/wp-content\/uploads\/2021\/05\/CAMARA-EDIFICIO-768x494.jpg 768w\" sizes=\"auto, (max-width: 800px) 100vw, 800px\" \/><figcaption id=\"caption-attachment-37951\" class=\"wp-caption-text\">Legislatura Provincial de San Juan, Rep\u00fablica Argentina<\/figcaption><\/figure>\n","protected":false},"excerpt":{"rendered":"<p>Tras un cuarto intermedio durante la apertura de sesiones del Per\u00edodo Ordinario, realizada el Martes. 1 de Abril y que<\/p>\n","protected":false},"author":3,"featured_media":84934,"comment_status":"closed","ping_status":"closed","sticky":false,"template":"","format":"standard","meta":{"_acf_changed":false,"_seopress_robots_primary_cat":"none","_seopress_titles_title":"","_seopress_titles_desc":"","_seopress_robots_index":"","colormag_page_container_layout":"default_layout","colormag_page_sidebar_layout":"default_layout","footnotes":""},"categories":[1,7],"tags":[],"class_list":["post-84931","post","type-post","status-publish","format-standard","has-post-thumbnail","hentry","category-destacadas","category-videos"],"acf":[],"_links":{"self":[{"href":"https:\/\/vocesparalelas.com.ar\/sitio\/wp-json\/wp\/v2\/posts\/84931","targetHints":{"allow":["GET"]}}],"collection":[{"href":"https:\/\/vocesparalelas.com.ar\/sitio\/wp-json\/wp\/v2\/posts"}],"about":[{"href":"https:\/\/vocesparalelas.com.ar\/sitio\/wp-json\/wp\/v2\/types\/post"}],"author":[{"embeddable":true,"href":"https:\/\/vocesparalelas.com.ar\/sitio\/wp-json\/wp\/v2\/users\/3"}],"replies":[{"embeddable":true,"href":"https:\/\/vocesparalelas.com.ar\/sitio\/wp-json\/wp\/v2\/comments?post=84931"}],"version-history":[{"count":3,"href":"https:\/\/vocesparalelas.com.ar\/sitio\/wp-json\/wp\/v2\/posts\/84931\/revisions"}],"predecessor-version":[{"id":84937,"href":"https:\/\/vocesparalelas.com.ar\/sitio\/wp-json\/wp\/v2\/posts\/84931\/revisions\/84937"}],"wp:featuredmedia":[{"embeddable":true,"href":"https:\/\/vocesparalelas.com.ar\/sitio\/wp-json\/wp\/v2\/media\/84934"}],"wp:attachment":[{"href":"https:\/\/vocesparalelas.com.ar\/sitio\/wp-json\/wp\/v2\/media?parent=84931"}],"wp:term":[{"taxonomy":"category","embeddable":true,"href":"https:\/\/vocesparalelas.com.ar\/sitio\/wp-json\/wp\/v2\/categories?post=84931"},{"taxonomy":"post_tag","embeddable":true,"href":"https:\/\/vocesparalelas.com.ar\/sitio\/wp-json\/wp\/v2\/tags?post=84931"}],"curies":[{"name":"wp","href":"https:\/\/api.w.org\/{rel}","templated":true}]}}