{"id":84927,"date":"2025-04-10T22:10:05","date_gmt":"2025-04-11T01:10:05","guid":{"rendered":"https:\/\/vocesparalelas.com.ar\/sitio\/?p=84927"},"modified":"2025-04-11T20:44:03","modified_gmt":"2025-04-11T23:44:03","slug":"cabalgata-a-la-difunta-correa-con-la-fe-y-la-esperanza-de-un-verdadero-cambio-en-san-juan","status":"publish","type":"post","link":"https:\/\/vocesparalelas.com.ar\/sitio\/cabalgata-a-la-difunta-correa-con-la-fe-y-la-esperanza-de-un-verdadero-cambio-en-san-juan\/","title":{"rendered":"Cabalgata a la Difunta Correa \u201cCon la fe y la esperanza de un verdadero cambio\u201d en San Juan"},"content":{"rendered":"<p>Bajo el lema \u201cCon la fe y la esperanza de un verdadero cambio\u201d, la Federaci\u00f3n Gaucha de San Juan, con el apoyo del\u00a0Gobierno de San Juan, realiza la tradicional cabalgata hacia\u00a0Vallecito, en honor a la\u00a0Difunta Correa.<\/p>\n<p>Como cada edici\u00f3n, el evento convoca a miles de jinetes. Este a\u00f1o participan alrededor de 4 mil jinetes de m\u00e1s de 80 agrupaciones de toda la provincia. Tambi\u00e9n, se suman de\u00a0Chile, Mendoza, Tucum\u00e1n y Jujuy.<\/p>\n<p>Las actividades comienzan el Jueves, 10 de Abril con la Noche de Gala, que se desarrolla por primera vez, en la\u00a0Sala Audit\u00f3rium del Teatro del Bicentenario, desde las 21 hs.<\/p>\n<p>La velada cuenta con la actuaci\u00f3n de la reconocida cantante Giselle Aldeco, quien est\u00e1 acompa\u00f1ada por el talentoso payador Nicol\u00e1s Membriani. Luego del show, los asistentes comparten un \u00e1gape como antesala del viaje a caballo hacia el Santuario de la Difunta Correa en Vallecito.<\/p>\n<p>La tropa inicia el recorrido el Viernes, 11 de Abril, con un acto previsto a las 13 hs.; en las puertas de la Municipalidad de la Capital. Luego, los jinetes emprenden su recorrido tradicional con una parada especial en el Monumento al Gaucho, donde se rinde homenaje a la figura del hombre de campo como custodio de las tradiciones argentinas. Seguidamente, se contin\u00faa rumbo a Caucete, donde descansan para retomar el trayecto en la madrugada del S\u00e1bado, 12 de Abril.<\/p>\n<p>El s\u00e1bado 12 de abril, a las 7 hs, se reanuda la cabalgata con destino final en Vallecito. El arribo al santuario est\u00e1 previsto para las 14 hs, momento en el cual se celebra un acto y se realiza el descubrimiento de una placa a los pies de la iglesia, como cierre simb\u00f3lico de la traves\u00eda.<\/p>\n<p>La jornada concluye con el tradicional almuerzo de la Federaci\u00f3n Gaucha, del que participan las agrupaciones gauchas de San Juan y visitantes, junto a autoridades provinciales y representantes de la Confederaci\u00f3n Gaucha Argentina.<\/p>\n<p>Por la tarde hay jineteadas, mientras que pasadas las 20 hs, en el escenario central suben al escenario artistas de renombre como Nano Rodr\u00edguez, Los Luceros de J\u00e1chal, Lechuga Garc\u00eda, Los Videla, Tres para el Canto y el gran cierre a cargo de Los Guaran\u00edes.<\/p>\n<p>Este encuentro no solo representa una muestra de fe y devoci\u00f3n, sino tambi\u00e9n un profundo acto de reafirmaci\u00f3n cultural que cada a\u00f1o congrega a cientos de jinetes, familias y promesantes de toda la provincia y del pa\u00eds.<\/p>\n<p><img loading=\"lazy\" decoding=\"async\" class=\"alignnone size-large wp-image-14341\" src=\"https:\/\/vocesparalelas.com.ar\/sitio\/wp-content\/uploads\/2018\/08\/CABALGATA-18-800x534.jpg\" alt=\"\" width=\"800\" height=\"534\" srcset=\"https:\/\/vocesparalelas.com.ar\/sitio\/wp-content\/uploads\/2018\/08\/CABALGATA-18-800x534.jpg 800w, https:\/\/vocesparalelas.com.ar\/sitio\/wp-content\/uploads\/2018\/08\/CABALGATA-18-300x200.jpg 300w, https:\/\/vocesparalelas.com.ar\/sitio\/wp-content\/uploads\/2018\/08\/CABALGATA-18-768x512.jpg 768w, https:\/\/vocesparalelas.com.ar\/sitio\/wp-content\/uploads\/2018\/08\/CABALGATA-18.jpg 1000w\" sizes=\"auto, (max-width: 800px) 100vw, 800px\" \/><\/p>\n<p>&nbsp;<\/p>\n","protected":false},"excerpt":{"rendered":"<p>Bajo el lema \u201cCon la fe y la esperanza de un verdadero cambio\u201d, la Federaci\u00f3n Gaucha de San Juan, con<\/p>\n","protected":false},"author":3,"featured_media":14343,"comment_status":"closed","ping_status":"closed","sticky":false,"template":"","format":"standard","meta":{"_acf_changed":false,"_seopress_robots_primary_cat":"none","_seopress_titles_title":"","_seopress_titles_desc":"","_seopress_robots_index":"","colormag_page_container_layout":"default_layout","colormag_page_sidebar_layout":"default_layout","footnotes":""},"categories":[6],"tags":[],"class_list":["post-84927","post","type-post","status-publish","format-standard","has-post-thumbnail","hentry","category-eventos"],"acf":[],"_links":{"self":[{"href":"https:\/\/vocesparalelas.com.ar\/sitio\/wp-json\/wp\/v2\/posts\/84927","targetHints":{"allow":["GET"]}}],"collection":[{"href":"https:\/\/vocesparalelas.com.ar\/sitio\/wp-json\/wp\/v2\/posts"}],"about":[{"href":"https:\/\/vocesparalelas.com.ar\/sitio\/wp-json\/wp\/v2\/types\/post"}],"author":[{"embeddable":true,"href":"https:\/\/vocesparalelas.com.ar\/sitio\/wp-json\/wp\/v2\/users\/3"}],"replies":[{"embeddable":true,"href":"https:\/\/vocesparalelas.com.ar\/sitio\/wp-json\/wp\/v2\/comments?post=84927"}],"version-history":[{"count":1,"href":"https:\/\/vocesparalelas.com.ar\/sitio\/wp-json\/wp\/v2\/posts\/84927\/revisions"}],"predecessor-version":[{"id":84930,"href":"https:\/\/vocesparalelas.com.ar\/sitio\/wp-json\/wp\/v2\/posts\/84927\/revisions\/84930"}],"wp:featuredmedia":[{"embeddable":true,"href":"https:\/\/vocesparalelas.com.ar\/sitio\/wp-json\/wp\/v2\/media\/14343"}],"wp:attachment":[{"href":"https:\/\/vocesparalelas.com.ar\/sitio\/wp-json\/wp\/v2\/media?parent=84927"}],"wp:term":[{"taxonomy":"category","embeddable":true,"href":"https:\/\/vocesparalelas.com.ar\/sitio\/wp-json\/wp\/v2\/categories?post=84927"},{"taxonomy":"post_tag","embeddable":true,"href":"https:\/\/vocesparalelas.com.ar\/sitio\/wp-json\/wp\/v2\/tags?post=84927"}],"curies":[{"name":"wp","href":"https:\/\/api.w.org\/{rel}","templated":true}]}}