{"id":84922,"date":"2025-04-10T21:02:06","date_gmt":"2025-04-11T00:02:06","guid":{"rendered":"https:\/\/vocesparalelas.com.ar\/sitio\/?p=84922"},"modified":"2025-04-11T23:58:36","modified_gmt":"2025-04-12T02:58:36","slug":"2-cohorte-de-la-diplomatura-en-ilustracion-en-la-faud-de-la-unsj","status":"publish","type":"post","link":"https:\/\/vocesparalelas.com.ar\/sitio\/2-cohorte-de-la-diplomatura-en-ilustracion-en-la-faud-de-la-unsj\/","title":{"rendered":"2\u00b0 Cohorte de la Diplomatura en Ilustraci\u00f3n en la FAUD de la UNSJ"},"content":{"rendered":"<p>La Facultad de Arquitectura, Urbanismo y Dise\u00f1o de la Universidad Nacional de San Juan, lanz\u00f3 en el 2024 la primera Diplomatura en Ilustraci\u00f3n en la Provincia de San Juan y en el 2025 se realizar\u00e1 una 2\u00ba cohorte.<\/p>\n<p>El docente y coordinador de la Diplomatura en Ilustraci\u00f3n, Lucas Aguirre puntualiz\u00f3 que \u00abla decisi\u00f3n de abrir una segunda cohorte de esta Diplomatura fue por la gran cantidad de inscriptos e interesados. Tenemos artistas de muy buen nivel en la provincia que est\u00e1n expres\u00e1ndose de una manera descomunal, muchos tienen formaci\u00f3n en Artes Visuales o en Dise\u00f1o Gr\u00e1fico pero encontraron en este espacio de aprendizaje su nicho\u201d.<\/p>\n<p>El Mi\u00e9rcoles, 9 de Abril, a las 11 hs en la Sala de Teleconferencias de la FAUD de la UNSJ, se realiz\u00f3 la presentaci\u00f3n del recorrido acad\u00e9mico y se pudo resolver dudas.<\/p>\n<p>La formaci\u00f3n est\u00e1 destinada a estudiantes de pregrado de las carreras Dise\u00f1o Gr\u00e1fico, Dise\u00f1o Industrial, Arquitectura, Licenciatura en Artes Visuales, Bellas Artes y de carreras equivalentes, Licenciatura en Ciencias de la Comunicaci\u00f3n, Licenciatura en Comunicaci\u00f3n Social, Licenciatura en Dise\u00f1o Audiovisual, Dise\u00f1o de Productos, Licenciatura en Ciencias de la Educaci\u00f3n, Publicidad, Dise\u00f1o de Imagen y Sonido, Dise\u00f1o de Indumentaria y Textil u otros.<\/p>\n<p>Por ello, se invita a los interesados a sumarse a la 2\u00ba cohorte de la Diplomatura de ilustraci\u00f3n. Las preinscripciones se realizan de manera virtual hasta el Martes, 15 de Abril.<\/p>\n<p><strong><span style=\"color: #ff6600;\">Preinscripci\u00f3n<\/span><\/strong><\/p>\n<p><a href=\"https:\/\/docs.google.com\/forms\/d\/e\/1FAIpQLScojqwnhwnn_q-uOecoskhzS6LTc_NP-uAq49YqpUtYUn6qUg\/viewform\">https:\/\/docs.google.com\/forms\/d\/e\/1FAIpQLScojqwnhwnn_q-uOecoskhzS6LTc_NP-uAq49YqpUtYUn6qUg\/viewform<\/a><\/p>\n<p>Para m\u00e1s informaci\u00f3n entrar al\u00a0<a href=\"https:\/\/www.instagram.com\/diploilus\/\" target=\"_blank\" rel=\"noopener\">Instagram de la Diplomatura<\/a><\/p>\n<p>&nbsp;<\/p>\n<figure id=\"attachment_59382\" aria-describedby=\"caption-attachment-59382\" style=\"width: 800px\" class=\"wp-caption alignnone\"><img loading=\"lazy\" decoding=\"async\" class=\"size-full wp-image-59382\" src=\"https:\/\/vocesparalelas.com.ar\/sitio\/wp-content\/uploads\/2023\/05\/FAUD-EDIFICIO-01.jpg\" alt=\"\" width=\"800\" height=\"600\" srcset=\"https:\/\/vocesparalelas.com.ar\/sitio\/wp-content\/uploads\/2023\/05\/FAUD-EDIFICIO-01.jpg 800w, https:\/\/vocesparalelas.com.ar\/sitio\/wp-content\/uploads\/2023\/05\/FAUD-EDIFICIO-01-300x225.jpg 300w, https:\/\/vocesparalelas.com.ar\/sitio\/wp-content\/uploads\/2023\/05\/FAUD-EDIFICIO-01-768x576.jpg 768w\" sizes=\"auto, (max-width: 800px) 100vw, 800px\" \/><figcaption id=\"caption-attachment-59382\" class=\"wp-caption-text\">Facultad de Arquitectura, Urbanismo y Dise\u00f1o de la Universidad Nacional de San Juan, Rep\u00fablica Argentina<\/figcaption><\/figure>\n","protected":false},"excerpt":{"rendered":"<p>La Facultad de Arquitectura, Urbanismo y Dise\u00f1o de la Universidad Nacional de San Juan, lanz\u00f3 en el 2024 la primera<\/p>\n","protected":false},"author":3,"featured_media":75658,"comment_status":"closed","ping_status":"closed","sticky":false,"template":"","format":"standard","meta":{"_acf_changed":false,"_seopress_robots_primary_cat":"none","_seopress_titles_title":"","_seopress_titles_desc":"","_seopress_robots_index":"","colormag_page_container_layout":"default_layout","colormag_page_sidebar_layout":"default_layout","footnotes":""},"categories":[15],"tags":[],"class_list":["post-84922","post","type-post","status-publish","format-standard","has-post-thumbnail","hentry","category-posgrados"],"acf":[],"_links":{"self":[{"href":"https:\/\/vocesparalelas.com.ar\/sitio\/wp-json\/wp\/v2\/posts\/84922","targetHints":{"allow":["GET"]}}],"collection":[{"href":"https:\/\/vocesparalelas.com.ar\/sitio\/wp-json\/wp\/v2\/posts"}],"about":[{"href":"https:\/\/vocesparalelas.com.ar\/sitio\/wp-json\/wp\/v2\/types\/post"}],"author":[{"embeddable":true,"href":"https:\/\/vocesparalelas.com.ar\/sitio\/wp-json\/wp\/v2\/users\/3"}],"replies":[{"embeddable":true,"href":"https:\/\/vocesparalelas.com.ar\/sitio\/wp-json\/wp\/v2\/comments?post=84922"}],"version-history":[{"count":2,"href":"https:\/\/vocesparalelas.com.ar\/sitio\/wp-json\/wp\/v2\/posts\/84922\/revisions"}],"predecessor-version":[{"id":84926,"href":"https:\/\/vocesparalelas.com.ar\/sitio\/wp-json\/wp\/v2\/posts\/84922\/revisions\/84926"}],"wp:featuredmedia":[{"embeddable":true,"href":"https:\/\/vocesparalelas.com.ar\/sitio\/wp-json\/wp\/v2\/media\/75658"}],"wp:attachment":[{"href":"https:\/\/vocesparalelas.com.ar\/sitio\/wp-json\/wp\/v2\/media?parent=84922"}],"wp:term":[{"taxonomy":"category","embeddable":true,"href":"https:\/\/vocesparalelas.com.ar\/sitio\/wp-json\/wp\/v2\/categories?post=84922"},{"taxonomy":"post_tag","embeddable":true,"href":"https:\/\/vocesparalelas.com.ar\/sitio\/wp-json\/wp\/v2\/tags?post=84922"}],"curies":[{"name":"wp","href":"https:\/\/api.w.org\/{rel}","templated":true}]}}