{"id":84889,"date":"2025-04-12T10:01:49","date_gmt":"2025-04-12T13:01:49","guid":{"rendered":"https:\/\/vocesparalelas.com.ar\/sitio\/?p=84889"},"modified":"2025-04-12T14:55:48","modified_gmt":"2025-04-12T17:55:48","slug":"concierto-oracion-cantada-por-la-paz-en-la-iglesia-catedral-de-san-juan","status":"publish","type":"post","link":"https:\/\/vocesparalelas.com.ar\/sitio\/concierto-oracion-cantada-por-la-paz-en-la-iglesia-catedral-de-san-juan\/","title":{"rendered":"Concierto \u201cOraci\u00f3n Cantada por La Paz\u201d en la Iglesia Catedral de San Juan"},"content":{"rendered":"<p>El Centro de Creaci\u00f3n Art\u00edstica Coral M\u00b0 Juan Argentino Petracchini de la Facultad de Filosof\u00eda, Humanidades y Artes de la Universidad Nacional de San Juan invita a la comunidad al concierto coral \u201cOraci\u00f3n Cantada por La Paz\u201d, el Domingo, 13 de Abril, Domingo de Ramos, a las 21 hs.; en la Iglesia Catedral.<\/p>\n<p>Se interpreta Gloria RV 589 A. Vivaldi con la partici\u00e1ci\u00f3n de la Soprano: Monika Skowron, la Mezzo Sopran Romina Pedrozo, el Coro Vocacional UNSJ y la Orquesta Escuela, bajo la direcci\u00f3n del M\u00b0 Jos\u00e9 Petracchini.<\/p>\n<p><iframe loading=\"lazy\" title=\"ORQUESTA ESCUELA SAN JUAN\" width=\"800\" height=\"450\" src=\"https:\/\/www.youtube.com\/embed\/sKHsLbzzNpE?feature=oembed\" frameborder=\"0\" allow=\"accelerometer; autoplay; clipboard-write; encrypted-media; gyroscope; picture-in-picture; web-share\" referrerpolicy=\"strict-origin-when-cross-origin\" allowfullscreen><\/iframe><\/p>\n<p>Tambi\u00e9n, se presentan las Reflexiones de Monse\u00f1or Jorge Lozano<\/p>\n<p>Adem\u00e1s, es un Concierto despedida de la Direcci\u00f3n del Coro Vocacional de la UNSJ, Prof. Jos\u00e9 D. Petracchini<\/p>\n<p><span style=\"color: #008000;\"><strong>Auspician<\/strong><\/span><\/p>\n<ul>\n<li>Universidad Nacional de San Juan<\/li>\n<li>Facultad de Filosof\u00eda, Humanidades y Artes de la UNSJ<\/li>\n<li>Orquesta Escuela<\/li>\n<li>San Juan Gobierno<\/li>\n<li>Ministerio de Turismo, Cultura y Deporte<\/li>\n<\/ul>\n<p><img loading=\"lazy\" decoding=\"async\" class=\"alignnone size-full wp-image-59359\" src=\"https:\/\/vocesparalelas.com.ar\/sitio\/wp-content\/uploads\/2023\/05\/CATEDRAL-02.jpg\" alt=\"\" width=\"800\" height=\"600\" srcset=\"https:\/\/vocesparalelas.com.ar\/sitio\/wp-content\/uploads\/2023\/05\/CATEDRAL-02.jpg 800w, https:\/\/vocesparalelas.com.ar\/sitio\/wp-content\/uploads\/2023\/05\/CATEDRAL-02-300x225.jpg 300w, https:\/\/vocesparalelas.com.ar\/sitio\/wp-content\/uploads\/2023\/05\/CATEDRAL-02-768x576.jpg 768w\" sizes=\"auto, (max-width: 800px) 100vw, 800px\" \/><\/p>\n","protected":false},"excerpt":{"rendered":"<p>El Centro de Creaci\u00f3n Art\u00edstica Coral M\u00b0 Juan Argentino Petracchini de la Facultad de Filosof\u00eda, Humanidades y Artes de la<\/p>\n","protected":false},"author":3,"featured_media":13034,"comment_status":"closed","ping_status":"closed","sticky":false,"template":"","format":"standard","meta":{"_acf_changed":false,"_seopress_robots_primary_cat":"none","_seopress_titles_title":"","_seopress_titles_desc":"","_seopress_robots_index":"","colormag_page_container_layout":"default_layout","colormag_page_sidebar_layout":"default_layout","footnotes":""},"categories":[20,7],"tags":[],"class_list":["post-84889","post","type-post","status-publish","format-standard","has-post-thumbnail","hentry","category-cartelera","category-videos"],"acf":[],"_links":{"self":[{"href":"https:\/\/vocesparalelas.com.ar\/sitio\/wp-json\/wp\/v2\/posts\/84889","targetHints":{"allow":["GET"]}}],"collection":[{"href":"https:\/\/vocesparalelas.com.ar\/sitio\/wp-json\/wp\/v2\/posts"}],"about":[{"href":"https:\/\/vocesparalelas.com.ar\/sitio\/wp-json\/wp\/v2\/types\/post"}],"author":[{"embeddable":true,"href":"https:\/\/vocesparalelas.com.ar\/sitio\/wp-json\/wp\/v2\/users\/3"}],"replies":[{"embeddable":true,"href":"https:\/\/vocesparalelas.com.ar\/sitio\/wp-json\/wp\/v2\/comments?post=84889"}],"version-history":[{"count":3,"href":"https:\/\/vocesparalelas.com.ar\/sitio\/wp-json\/wp\/v2\/posts\/84889\/revisions"}],"predecessor-version":[{"id":84981,"href":"https:\/\/vocesparalelas.com.ar\/sitio\/wp-json\/wp\/v2\/posts\/84889\/revisions\/84981"}],"wp:featuredmedia":[{"embeddable":true,"href":"https:\/\/vocesparalelas.com.ar\/sitio\/wp-json\/wp\/v2\/media\/13034"}],"wp:attachment":[{"href":"https:\/\/vocesparalelas.com.ar\/sitio\/wp-json\/wp\/v2\/media?parent=84889"}],"wp:term":[{"taxonomy":"category","embeddable":true,"href":"https:\/\/vocesparalelas.com.ar\/sitio\/wp-json\/wp\/v2\/categories?post=84889"},{"taxonomy":"post_tag","embeddable":true,"href":"https:\/\/vocesparalelas.com.ar\/sitio\/wp-json\/wp\/v2\/tags?post=84889"}],"curies":[{"name":"wp","href":"https:\/\/api.w.org\/{rel}","templated":true}]}}