{"id":84880,"date":"2025-04-09T19:31:40","date_gmt":"2025-04-09T22:31:40","guid":{"rendered":"https:\/\/vocesparalelas.com.ar\/sitio\/?p=84880"},"modified":"2025-04-11T20:45:08","modified_gmt":"2025-04-11T23:45:08","slug":"mas-de-2-000-contribuyentes-de-rivadavia-ya-regularizaron-sus-deudas-con-la-moratoria-2025","status":"publish","type":"post","link":"https:\/\/vocesparalelas.com.ar\/sitio\/mas-de-2-000-contribuyentes-de-rivadavia-ya-regularizaron-sus-deudas-con-la-moratoria-2025\/","title":{"rendered":"M\u00e1s de 2.000 contribuyentes de Rivadavia ya regularizaron sus deudas con la Moratoria 2025"},"content":{"rendered":"<p>La Municipalidad de la Ciudad de Rivadavia contin\u00faa implementando su plan de moratoria 2025, que en tan solo una semana ha sumado a m\u00e1s de 2.000 nuevos contribuyentes interesados en regularizar su situaci\u00f3n fiscal.<\/p>\n<p>Este programa, que busca facilitar el cumplimiento tributario, se destaca por ofrecer un 100% de descuento en los intereses para quienes se adhieran durante el mes de Abril.<\/p>\n<p>La adhesi\u00f3n es simple y accesible: los vecinos pueden sumarse ingresando a la p\u00e1gina oficial del municipio<\/p>\n<p><a href=\"http:\/\/www.rivadavia.gob.ar\">http:\/\/www.rivadavia.gob.ar<\/a><\/p>\n<p>o acerc\u00e1ndose personalmente a la Municipalidad, de Lunes a Viernes, de 7:00 a 19:00.<\/p>\n<p>Adem\u00e1s, el programa acepta todos los medios de pago, ya sea en efectivo o con tarjeta, brindando mayor comodidad a los vecinos contribuyentes.<\/p>\n<p>Desde la Municipalidad de la Ciudad de Rivadavia destacan que lo recaudado en este contexto de la moratoria, est\u00e1n destinada a nuevas obras que beneficien a la comunidad del Departamento.<\/p>\n<p>Esta iniciativa no solo es una oportunidad para regularizar deudas, sino tambi\u00e9n un acto de compromiso con el desarrollo y el progreso del departamento.<\/p>\n<p><img loading=\"lazy\" decoding=\"async\" class=\"alignnone size-full wp-image-66896\" src=\"https:\/\/vocesparalelas.com.ar\/sitio\/wp-content\/uploads\/2023\/12\/RIVADAVIA-LOGO-NUEVO.jpg\" alt=\"\" width=\"800\" height=\"533\" srcset=\"https:\/\/vocesparalelas.com.ar\/sitio\/wp-content\/uploads\/2023\/12\/RIVADAVIA-LOGO-NUEVO.jpg 800w, https:\/\/vocesparalelas.com.ar\/sitio\/wp-content\/uploads\/2023\/12\/RIVADAVIA-LOGO-NUEVO-300x200.jpg 300w, https:\/\/vocesparalelas.com.ar\/sitio\/wp-content\/uploads\/2023\/12\/RIVADAVIA-LOGO-NUEVO-768x512.jpg 768w\" sizes=\"auto, (max-width: 800px) 100vw, 800px\" \/><\/p>\n<p>&nbsp;<\/p>\n<blockquote class=\"wp-embedded-content\" data-secret=\"Asg4iFWlhU\"><p><a href=\"https:\/\/vocesparalelas.com.ar\/sitio\/sumate-a-la-moratoria-2025-inmobiliario-en-rivadavia\/\">Sumate a la \u00abMoratoria 2025\u00bb Inmobiliario en Rivadavia<\/a><\/p><\/blockquote>\n<p><iframe loading=\"lazy\" class=\"wp-embedded-content\" sandbox=\"allow-scripts\" security=\"restricted\" style=\"position: absolute; visibility: hidden;\" title=\"\u00abSumate a la \u00abMoratoria 2025\u00bb Inmobiliario en Rivadavia\u00bb \u2014 Voces Paralelas\" src=\"https:\/\/vocesparalelas.com.ar\/sitio\/sumate-a-la-moratoria-2025-inmobiliario-en-rivadavia\/embed\/#?secret=9PIS9pv0rg#?secret=Asg4iFWlhU\" data-secret=\"Asg4iFWlhU\" width=\"600\" height=\"338\" frameborder=\"0\" marginwidth=\"0\" marginheight=\"0\" scrolling=\"no\"><\/iframe><\/p>\n","protected":false},"excerpt":{"rendered":"<p>La Municipalidad de la Ciudad de Rivadavia contin\u00faa implementando su plan de moratoria 2025, que en tan solo una semana<\/p>\n","protected":false},"author":3,"featured_media":84883,"comment_status":"closed","ping_status":"closed","sticky":false,"template":"","format":"standard","meta":{"_acf_changed":false,"_seopress_robots_primary_cat":"none","_seopress_titles_title":"","_seopress_titles_desc":"","_seopress_robots_index":"","colormag_page_container_layout":"default_layout","colormag_page_sidebar_layout":"default_layout","footnotes":""},"categories":[2],"tags":[],"class_list":["post-84880","post","type-post","status-publish","format-standard","has-post-thumbnail","hentry","category-convocatorias"],"acf":[],"_links":{"self":[{"href":"https:\/\/vocesparalelas.com.ar\/sitio\/wp-json\/wp\/v2\/posts\/84880","targetHints":{"allow":["GET"]}}],"collection":[{"href":"https:\/\/vocesparalelas.com.ar\/sitio\/wp-json\/wp\/v2\/posts"}],"about":[{"href":"https:\/\/vocesparalelas.com.ar\/sitio\/wp-json\/wp\/v2\/types\/post"}],"author":[{"embeddable":true,"href":"https:\/\/vocesparalelas.com.ar\/sitio\/wp-json\/wp\/v2\/users\/3"}],"replies":[{"embeddable":true,"href":"https:\/\/vocesparalelas.com.ar\/sitio\/wp-json\/wp\/v2\/comments?post=84880"}],"version-history":[{"count":1,"href":"https:\/\/vocesparalelas.com.ar\/sitio\/wp-json\/wp\/v2\/posts\/84880\/revisions"}],"predecessor-version":[{"id":84884,"href":"https:\/\/vocesparalelas.com.ar\/sitio\/wp-json\/wp\/v2\/posts\/84880\/revisions\/84884"}],"wp:featuredmedia":[{"embeddable":true,"href":"https:\/\/vocesparalelas.com.ar\/sitio\/wp-json\/wp\/v2\/media\/84883"}],"wp:attachment":[{"href":"https:\/\/vocesparalelas.com.ar\/sitio\/wp-json\/wp\/v2\/media?parent=84880"}],"wp:term":[{"taxonomy":"category","embeddable":true,"href":"https:\/\/vocesparalelas.com.ar\/sitio\/wp-json\/wp\/v2\/categories?post=84880"},{"taxonomy":"post_tag","embeddable":true,"href":"https:\/\/vocesparalelas.com.ar\/sitio\/wp-json\/wp\/v2\/tags?post=84880"}],"curies":[{"name":"wp","href":"https:\/\/api.w.org\/{rel}","templated":true}]}}