{"id":84873,"date":"2025-04-09T19:06:44","date_gmt":"2025-04-09T22:06:44","guid":{"rendered":"https:\/\/vocesparalelas.com.ar\/sitio\/?p=84873"},"modified":"2025-04-10T20:28:55","modified_gmt":"2025-04-10T23:28:55","slug":"vuelta-a-san-juan-2025-de-damas-y-junior","status":"publish","type":"post","link":"https:\/\/vocesparalelas.com.ar\/sitio\/vuelta-a-san-juan-2025-de-damas-y-junior\/","title":{"rendered":"Vuelta a San Juan 2025 de Damas y Junior"},"content":{"rendered":"<p>En la Sala de Prensa Dante Pantuso del Estadio Dr. Aldo Cantoni se realiz\u00f3 la conferencia de prensa donde se present\u00f3 la Vuelta a San Juan Damas 2025.<\/p>\n<p>La carrera se celebra en San Juan desde el Mi\u00e9rcoles, 09 al Domingo, 13 de Abril, con cierre en la Avenida Circunvalaci\u00f3n.<\/p>\n<p>El acto cont\u00f3 con la presencia del presidente de Agencia Deportes San Juan, Pablo Aubone, el subsecretario de Deporte del Ministerio de Turismo, Cultura y Deporte del Gobierno de San Juan, Lic. Santiago de la Torre,\u00a0 el subsecretario de Deporte Social, Federado; Mauricio Lara, director de la competencia H\u00e9ctor Lucero y el presidente de Fundaci\u00f3n Planeta, Armando Ram\u00edrez.<\/p>\n<p>Tambi\u00e9n estuvieron ciclistas que forman parte de la carrera las hermanas Maribel y Ludmila Aguirre, Samara Medrano, entre otras. Se aguarda por la presencia de al menos 140 participantes, de las categor\u00edas junior, sub 23, elite y m\u00e1ster. Los equipos presentes son locales, nacionales e internacionales.<\/p>\n<p><img loading=\"lazy\" decoding=\"async\" class=\"alignnone size-full wp-image-84877\" src=\"https:\/\/vocesparalelas.com.ar\/sitio\/wp-content\/uploads\/2025\/04\/VUELTA-A-SAN-JUAN-2025-FEMENINO-02.jpg\" alt=\"\" width=\"800\" height=\"533\" srcset=\"https:\/\/vocesparalelas.com.ar\/sitio\/wp-content\/uploads\/2025\/04\/VUELTA-A-SAN-JUAN-2025-FEMENINO-02.jpg 800w, https:\/\/vocesparalelas.com.ar\/sitio\/wp-content\/uploads\/2025\/04\/VUELTA-A-SAN-JUAN-2025-FEMENINO-02-300x200.jpg 300w, https:\/\/vocesparalelas.com.ar\/sitio\/wp-content\/uploads\/2025\/04\/VUELTA-A-SAN-JUAN-2025-FEMENINO-02-768x512.jpg 768w\" sizes=\"auto, (max-width: 800px) 100vw, 800px\" \/><\/p>\n<p>El director de la competencia H\u00e9ctor Lucero describi\u00f3 el desarrollo de la Vuelta a San Juan 2025 de Damas y Junior. Agradeci\u00f3 el apoyo incondicional de las Municipalidades.<\/p>\n<p><iframe loading=\"lazy\" title=\"VUELTA A SAN JUAN CICLISMO FEMENINO\" width=\"800\" height=\"450\" src=\"https:\/\/www.youtube.com\/embed\/zat8S5ZziPs?feature=oembed\" frameborder=\"0\" allow=\"accelerometer; autoplay; clipboard-write; encrypted-media; gyroscope; picture-in-picture; web-share\" referrerpolicy=\"strict-origin-when-cross-origin\" allowfullscreen><\/iframe><\/p>\n<p>Luego, el presidente de Fundaci\u00f3n Planeta, Armando Ram\u00edrez, quien agradeci\u00f3 el apoyo y deseo \u00e9xito a los participantes porque es una gran oportunidad para las Damas su participaci\u00f3n y en San Juan cuna del ciclismo.<\/p>\n<p><iframe loading=\"lazy\" title=\"VUELTA A SAN JUAN CICLISMO FEMENINO\" width=\"800\" height=\"450\" src=\"https:\/\/www.youtube.com\/embed\/lGAJQXLfvD8?feature=oembed\" frameborder=\"0\" allow=\"accelerometer; autoplay; clipboard-write; encrypted-media; gyroscope; picture-in-picture; web-share\" referrerpolicy=\"strict-origin-when-cross-origin\" allowfullscreen><\/iframe><\/p>\n<p>&nbsp;<\/p>\n<p>A continuaci\u00f3n, el subsecretario de Deporte del Ministerio de Turismo, Cultura y Deporte del Gobierno de San Juan, Lic. Santiago de la Torre, quien agradeci\u00f3 la creaci\u00f3n de esta competencia para que las damas se sumen a la competencia.<\/p>\n<p><iframe loading=\"lazy\" title=\"VUELTA A SAN JUAN CICLISMO FEMENINO\" width=\"800\" height=\"450\" src=\"https:\/\/www.youtube.com\/embed\/OAVBtv0usk4?feature=oembed\" frameborder=\"0\" allow=\"accelerometer; autoplay; clipboard-write; encrypted-media; gyroscope; picture-in-picture; web-share\" referrerpolicy=\"strict-origin-when-cross-origin\" allowfullscreen><\/iframe><\/p>\n<p>&nbsp;<\/p>\n<p>Finalmente, el presidente de Agencia Deportes San Juan, Pablo Aubone, puntualiz\u00f3 la necesidad de dar posibilidad a las damas en la Vuelta a San Juan 2025, que cada vez hay m\u00e1s damas que se suman a la l\u00ednea de trabajo de preparaci\u00f3n competitivo.<\/p>\n<p><iframe loading=\"lazy\" title=\"VUELTA A SAN JUAN CICLISMO FEMENINO\" width=\"800\" height=\"450\" src=\"https:\/\/www.youtube.com\/embed\/-lOfG_bTsC4?feature=oembed\" frameborder=\"0\" allow=\"accelerometer; autoplay; clipboard-write; encrypted-media; gyroscope; picture-in-picture; web-share\" referrerpolicy=\"strict-origin-when-cross-origin\" allowfullscreen><\/iframe><\/p>\n<p>&nbsp;<\/p>\n<p>Esta Vuelta contar\u00e1 con el auspicio principal del Gobierno de San Juan, el respaldo de su Ministerio de Turismo, Cultura y Deporte y Agencia Deportes San Juan, el soporte de la Federaci\u00f3n Ciclista Sanjuanina y la fiscalizaci\u00f3n de la Federaci\u00f3n Argentina de Ciclismo de Pista y Ruta.<\/p>\n<p>&nbsp;<\/p>\n<p><img loading=\"lazy\" decoding=\"async\" class=\"alignnone size-full wp-image-55973\" src=\"https:\/\/vocesparalelas.com.ar\/sitio\/wp-content\/uploads\/2023\/01\/VUELTA-A-SAN-JUAN-02.jpg\" alt=\"\" width=\"800\" height=\"534\" srcset=\"https:\/\/vocesparalelas.com.ar\/sitio\/wp-content\/uploads\/2023\/01\/VUELTA-A-SAN-JUAN-02.jpg 800w, https:\/\/vocesparalelas.com.ar\/sitio\/wp-content\/uploads\/2023\/01\/VUELTA-A-SAN-JUAN-02-300x200.jpg 300w, https:\/\/vocesparalelas.com.ar\/sitio\/wp-content\/uploads\/2023\/01\/VUELTA-A-SAN-JUAN-02-768x513.jpg 768w\" sizes=\"auto, (max-width: 800px) 100vw, 800px\" \/><\/p>\n","protected":false},"excerpt":{"rendered":"<p>En la Sala de Prensa Dante Pantuso del Estadio Dr. Aldo Cantoni se realiz\u00f3 la conferencia de prensa donde se<\/p>\n","protected":false},"author":3,"featured_media":84876,"comment_status":"closed","ping_status":"closed","sticky":false,"template":"","format":"standard","meta":{"_acf_changed":false,"_seopress_robots_primary_cat":"none","_seopress_titles_title":"","_seopress_titles_desc":"","_seopress_robots_index":"","colormag_page_container_layout":"default_layout","colormag_page_sidebar_layout":"default_layout","footnotes":""},"categories":[6],"tags":[],"class_list":["post-84873","post","type-post","status-publish","format-standard","has-post-thumbnail","hentry","category-eventos"],"acf":[],"_links":{"self":[{"href":"https:\/\/vocesparalelas.com.ar\/sitio\/wp-json\/wp\/v2\/posts\/84873","targetHints":{"allow":["GET"]}}],"collection":[{"href":"https:\/\/vocesparalelas.com.ar\/sitio\/wp-json\/wp\/v2\/posts"}],"about":[{"href":"https:\/\/vocesparalelas.com.ar\/sitio\/wp-json\/wp\/v2\/types\/post"}],"author":[{"embeddable":true,"href":"https:\/\/vocesparalelas.com.ar\/sitio\/wp-json\/wp\/v2\/users\/3"}],"replies":[{"embeddable":true,"href":"https:\/\/vocesparalelas.com.ar\/sitio\/wp-json\/wp\/v2\/comments?post=84873"}],"version-history":[{"count":2,"href":"https:\/\/vocesparalelas.com.ar\/sitio\/wp-json\/wp\/v2\/posts\/84873\/revisions"}],"predecessor-version":[{"id":84879,"href":"https:\/\/vocesparalelas.com.ar\/sitio\/wp-json\/wp\/v2\/posts\/84873\/revisions\/84879"}],"wp:featuredmedia":[{"embeddable":true,"href":"https:\/\/vocesparalelas.com.ar\/sitio\/wp-json\/wp\/v2\/media\/84876"}],"wp:attachment":[{"href":"https:\/\/vocesparalelas.com.ar\/sitio\/wp-json\/wp\/v2\/media?parent=84873"}],"wp:term":[{"taxonomy":"category","embeddable":true,"href":"https:\/\/vocesparalelas.com.ar\/sitio\/wp-json\/wp\/v2\/categories?post=84873"},{"taxonomy":"post_tag","embeddable":true,"href":"https:\/\/vocesparalelas.com.ar\/sitio\/wp-json\/wp\/v2\/tags?post=84873"}],"curies":[{"name":"wp","href":"https:\/\/api.w.org\/{rel}","templated":true}]}}