{"id":84867,"date":"2025-04-09T18:08:10","date_gmt":"2025-04-09T21:08:10","guid":{"rendered":"https:\/\/vocesparalelas.com.ar\/sitio\/?p=84867"},"modified":"2025-04-09T18:20:55","modified_gmt":"2025-04-09T21:20:55","slug":"uta-nacional-acompana-la-lucha-de-la-cgt-pero-no-implementa-paro-de-actividades","status":"publish","type":"post","link":"https:\/\/vocesparalelas.com.ar\/sitio\/uta-nacional-acompana-la-lucha-de-la-cgt-pero-no-implementa-paro-de-actividades\/","title":{"rendered":"UTA Nacional acompa\u00f1a la lucha de la CGT pero no implementa paro de actividades"},"content":{"rendered":"<p>La Uni\u00f3n Tranviarios Automotor Nacional adherida a la CGT comunica que \u00abDesde la Entidad Sindical que representamos, queremos comunicar que se acompa\u00f1a la lucha llevada adelante por la CGT pero en las actuales circunstancias que se atraviesan, de negociaci\u00f3n salarial y conciliaci\u00f3n laboral dispuesta, no se implementar\u00e1 la modalidad de protesta de paro de actividades.<\/p>\n<p>Informamos, que de no alcanzar un acuerdo salarial que nos permita recomponer el poder adquisitivo de los salarios, una vez finalizada la conciliaci\u00f3n obligatoria se adoptar\u00e1n las medidas de acci\u00f3n gremial que las circunstancias ameriten.<\/p>\n<p style=\"text-align: right;\">CONSEJO DIRECTIVO NACIONAL<\/p>\n<p style=\"text-align: right;\">UNI\u00d3N TRANVIARIOS AUTOMOTOR<\/p>\n<p>&nbsp;<\/p>\n<p><img loading=\"lazy\" decoding=\"async\" class=\"alignnone size-full wp-image-27639\" src=\"https:\/\/vocesparalelas.com.ar\/sitio\/wp-content\/uploads\/2020\/04\/COLECTIVO-ADENTRO.jpg\" alt=\"\" width=\"800\" height=\"568\" srcset=\"https:\/\/vocesparalelas.com.ar\/sitio\/wp-content\/uploads\/2020\/04\/COLECTIVO-ADENTRO.jpg 800w, https:\/\/vocesparalelas.com.ar\/sitio\/wp-content\/uploads\/2020\/04\/COLECTIVO-ADENTRO-300x213.jpg 300w, https:\/\/vocesparalelas.com.ar\/sitio\/wp-content\/uploads\/2020\/04\/COLECTIVO-ADENTRO-768x545.jpg 768w\" sizes=\"auto, (max-width: 800px) 100vw, 800px\" \/><\/p>\n","protected":false},"excerpt":{"rendered":"<p>La Uni\u00f3n Tranviarios Automotor Nacional adherida a la CGT comunica que \u00abDesde la Entidad Sindical que representamos, queremos comunicar que<\/p>\n","protected":false},"author":3,"featured_media":59582,"comment_status":"closed","ping_status":"closed","sticky":false,"template":"","format":"standard","meta":{"_acf_changed":false,"_seopress_robots_primary_cat":"none","_seopress_titles_title":"","_seopress_titles_desc":"","_seopress_robots_index":"","colormag_page_container_layout":"default_layout","colormag_page_sidebar_layout":"default_layout","footnotes":""},"categories":[1],"tags":[],"class_list":["post-84867","post","type-post","status-publish","format-standard","has-post-thumbnail","hentry","category-destacadas"],"acf":[],"_links":{"self":[{"href":"https:\/\/vocesparalelas.com.ar\/sitio\/wp-json\/wp\/v2\/posts\/84867","targetHints":{"allow":["GET"]}}],"collection":[{"href":"https:\/\/vocesparalelas.com.ar\/sitio\/wp-json\/wp\/v2\/posts"}],"about":[{"href":"https:\/\/vocesparalelas.com.ar\/sitio\/wp-json\/wp\/v2\/types\/post"}],"author":[{"embeddable":true,"href":"https:\/\/vocesparalelas.com.ar\/sitio\/wp-json\/wp\/v2\/users\/3"}],"replies":[{"embeddable":true,"href":"https:\/\/vocesparalelas.com.ar\/sitio\/wp-json\/wp\/v2\/comments?post=84867"}],"version-history":[{"count":1,"href":"https:\/\/vocesparalelas.com.ar\/sitio\/wp-json\/wp\/v2\/posts\/84867\/revisions"}],"predecessor-version":[{"id":84870,"href":"https:\/\/vocesparalelas.com.ar\/sitio\/wp-json\/wp\/v2\/posts\/84867\/revisions\/84870"}],"wp:featuredmedia":[{"embeddable":true,"href":"https:\/\/vocesparalelas.com.ar\/sitio\/wp-json\/wp\/v2\/media\/59582"}],"wp:attachment":[{"href":"https:\/\/vocesparalelas.com.ar\/sitio\/wp-json\/wp\/v2\/media?parent=84867"}],"wp:term":[{"taxonomy":"category","embeddable":true,"href":"https:\/\/vocesparalelas.com.ar\/sitio\/wp-json\/wp\/v2\/categories?post=84867"},{"taxonomy":"post_tag","embeddable":true,"href":"https:\/\/vocesparalelas.com.ar\/sitio\/wp-json\/wp\/v2\/tags?post=84867"}],"curies":[{"name":"wp","href":"https:\/\/api.w.org\/{rel}","templated":true}]}}