{"id":84856,"date":"2025-04-09T13:38:00","date_gmt":"2025-04-09T16:38:00","guid":{"rendered":"https:\/\/vocesparalelas.com.ar\/sitio\/?p=84856"},"modified":"2025-04-10T22:14:17","modified_gmt":"2025-04-11T01:14:17","slug":"inicio-la-capacitacion-2025-para-docentes-del-nivel-inicial-de-san-juan","status":"publish","type":"post","link":"https:\/\/vocesparalelas.com.ar\/sitio\/inicio-la-capacitacion-2025-para-docentes-del-nivel-inicial-de-san-juan\/","title":{"rendered":"Inici\u00f3 la Capacitaci\u00f3n 2025 para docentes del Nivel Inicial de San Juan"},"content":{"rendered":"<p>M\u00e1s de 1.000 docentes del Nivel Inicial de San Juan accedieron a las primeras jornadas, previstas en el Plan Provincial de Alfabetizaci\u00f3n \u201cComprendo y Aprendo\u201d.<\/p>\n<p>Con el objetivo de fortalecer las pr\u00e1cticas de ense\u00f1anza y potenciar el desarrollo del lenguaje en los ni\u00f1os, el Ministerio de Educaci\u00f3n del Gobierno de San Juan inici\u00f3 las capacitaciones 2025 dirigidas a docentes de Nivel Inicial, en el marco del Plan Provincial de Alfabetizaci\u00f3n \u00abComprendo y Aprendo\u00bb.<\/p>\n<p>Docentes de salas de 4 y 5 a\u00f1os, as\u00ed como directivos de las escuelas abarcadas por el plan, tanto de gesti\u00f3n estatal como privada, participaron en una acci\u00f3n que hizo foco en la alfabetizaci\u00f3n temprana, un aspecto crucial para el desarrollo cognitivo y del lenguaje en los ni\u00f1os.<\/p>\n<p>Por ello, la ministra de Educaci\u00f3n, Lic. Silvia Fuentes destac\u00f3 que \u00aben esta gesti\u00f3n hemos iniciado un camino fundamental para el futuro de nuestros ni\u00f1os. A trav\u00e9s del plan &#8216;Comprendo y Aprendo&#8217;, estamos brindando a nuestros docentes las herramientas y estrategias necesarias para potenciar el desarrollo del lenguaje y el acceso a la alfabetizaci\u00f3n desde el Nivel Inicial\u00bb.<\/p>\n<p>En el 2025, el Plan de Alfabetizaci\u00f3n \u201cComprendo y Aprendo\u201d ampl\u00eda su alcance incorporando a 130 escuelas de Educaci\u00f3n Inicial, sum\u00e1ndose a las 98 que ya participaron desde 2024.<\/p>\n<p>Las capacitaciones que se extienden a lo largo del a\u00f1o incluyen encuentros presenciales y virtuales, y ya desde estas primeras jornadas cuentan con la participaci\u00f3n de destacadas especialistas como Celia Rosenberg, Ileana Ib\u00e1\u00f1ez y Patricia Sarlet.<\/p>\n<p>Los ejes principales abordados duranta la actividad en el Centro de Convenciones incluyeron la interacci\u00f3n social como base del aprendizaje, la relaci\u00f3n entre el lenguaje y el juego y la articulaci\u00f3n entre la familia y las salas de nivel inicial.<\/p>\n<p>\u201cLa alfabetizaci\u00f3n temprana busca favorecer el desarrollo cognitivo y del lenguaje y, por supuesto, el acceso a la alfabetizaci\u00f3n. Fortalecer las pr\u00e1cticas de ense\u00f1anza de los docentes va a potenciar las actividades y las interacciones dentro de las salitas, con las herramientas y las estrategias que en esta formaci\u00f3n se ponen a disposici\u00f3n a trav\u00e9s de un enfoque espec\u00edfico dentro del plan\u201d, indic\u00f3 la Lic. Laura Castro, directora de Educaci\u00f3n Inicial del Ministerio de Educaci\u00f3n del Gobierno de San Juan.<\/p>\n<p>&nbsp;<\/p>\n<p><img loading=\"lazy\" decoding=\"async\" class=\"alignnone size-full wp-image-28629\" src=\"https:\/\/vocesparalelas.com.ar\/sitio\/wp-content\/uploads\/2020\/05\/MINISTERIO-EDUCACION-SJ.jpg\" alt=\"\" width=\"800\" height=\"533\" srcset=\"https:\/\/vocesparalelas.com.ar\/sitio\/wp-content\/uploads\/2020\/05\/MINISTERIO-EDUCACION-SJ.jpg 800w, https:\/\/vocesparalelas.com.ar\/sitio\/wp-content\/uploads\/2020\/05\/MINISTERIO-EDUCACION-SJ-300x200.jpg 300w, https:\/\/vocesparalelas.com.ar\/sitio\/wp-content\/uploads\/2020\/05\/MINISTERIO-EDUCACION-SJ-768x512.jpg 768w\" sizes=\"auto, (max-width: 800px) 100vw, 800px\" \/><\/p>\n","protected":false},"excerpt":{"rendered":"<p>M\u00e1s de 1.000 docentes del Nivel Inicial de San Juan accedieron a las primeras jornadas, previstas en el Plan Provincial<\/p>\n","protected":false},"author":3,"featured_media":16281,"comment_status":"closed","ping_status":"closed","sticky":false,"template":"","format":"standard","meta":{"_acf_changed":false,"_seopress_robots_primary_cat":"none","_seopress_titles_title":"","_seopress_titles_desc":"","_seopress_robots_index":"","colormag_page_container_layout":"default_layout","colormag_page_sidebar_layout":"default_layout","footnotes":""},"categories":[9],"tags":[],"class_list":["post-84856","post","type-post","status-publish","format-standard","has-post-thumbnail","hentry","category-cursos"],"acf":[],"_links":{"self":[{"href":"https:\/\/vocesparalelas.com.ar\/sitio\/wp-json\/wp\/v2\/posts\/84856","targetHints":{"allow":["GET"]}}],"collection":[{"href":"https:\/\/vocesparalelas.com.ar\/sitio\/wp-json\/wp\/v2\/posts"}],"about":[{"href":"https:\/\/vocesparalelas.com.ar\/sitio\/wp-json\/wp\/v2\/types\/post"}],"author":[{"embeddable":true,"href":"https:\/\/vocesparalelas.com.ar\/sitio\/wp-json\/wp\/v2\/users\/3"}],"replies":[{"embeddable":true,"href":"https:\/\/vocesparalelas.com.ar\/sitio\/wp-json\/wp\/v2\/comments?post=84856"}],"version-history":[{"count":1,"href":"https:\/\/vocesparalelas.com.ar\/sitio\/wp-json\/wp\/v2\/posts\/84856\/revisions"}],"predecessor-version":[{"id":84859,"href":"https:\/\/vocesparalelas.com.ar\/sitio\/wp-json\/wp\/v2\/posts\/84856\/revisions\/84859"}],"wp:featuredmedia":[{"embeddable":true,"href":"https:\/\/vocesparalelas.com.ar\/sitio\/wp-json\/wp\/v2\/media\/16281"}],"wp:attachment":[{"href":"https:\/\/vocesparalelas.com.ar\/sitio\/wp-json\/wp\/v2\/media?parent=84856"}],"wp:term":[{"taxonomy":"category","embeddable":true,"href":"https:\/\/vocesparalelas.com.ar\/sitio\/wp-json\/wp\/v2\/categories?post=84856"},{"taxonomy":"post_tag","embeddable":true,"href":"https:\/\/vocesparalelas.com.ar\/sitio\/wp-json\/wp\/v2\/tags?post=84856"}],"curies":[{"name":"wp","href":"https:\/\/api.w.org\/{rel}","templated":true}]}}