{"id":84846,"date":"2025-04-10T18:05:55","date_gmt":"2025-04-10T21:05:55","guid":{"rendered":"https:\/\/vocesparalelas.com.ar\/sitio\/?p=84846"},"modified":"2025-04-11T20:45:58","modified_gmt":"2025-04-11T23:45:58","slug":"se-presento-el-paso-la-chapetona-que-une-san-juan-republica-argentina-con-la-republica-de-chile","status":"publish","type":"post","link":"https:\/\/vocesparalelas.com.ar\/sitio\/se-presento-el-paso-la-chapetona-que-une-san-juan-republica-argentina-con-la-republica-de-chile\/","title":{"rendered":"Se present\u00f3 el Paso La Chapetona que une San Juan, Rep\u00fablica Argentina con la Rep\u00fablica de Chile"},"content":{"rendered":"<p>El gobernador de San Juan, Dr. Marcelo Orrego junto con la ministra de Gobierno, Dra. Laura Palma, expuso en la V Reuni\u00f3n de la Comisi\u00f3n Nacional de Fronteras de la Jefatura de Gabinete de Ministros, donde adem\u00e1s de destacarse el r\u00e9cord hist\u00f3rico de usuarios que transitaron por el Paso de Agua Negra, en San Juan, en la \u00faltima temporada estival.<\/p>\n<p>Adem\u00e1s, se present\u00f3 el Paso La Chapetona que une el a la localidad Barreal, Departamento Calingasta, Provincia de San Juan, Rep\u00fablica Argentina, con ciudades, rutas y puertos comercialmente estrat\u00e9gicos de la Rep\u00fablica de Chile.<\/p>\n<p>En este contexto, el Gobernador de San Juan, Dr. Marcelo Orrego destac\u00f3 que \u00abel potencial de la Provincia en la extracci\u00f3n de cobre y los vol\u00famenes de exportaci\u00f3n en cal y productos agr\u00edcolas y vitivin\u00edcolas. Mencion\u00f3 la necesidad de finalizar los trabajos de pavimentaci\u00f3n en el Paso de Agua Negra: Esto nos dar\u00e1 la posibilidad de poder habilitar a lo largo del a\u00f1o una nueva ruta comercial que abrir\u00eda puertas para todo el pa\u00eds. En ese sentido, la viabilidad del desarrollo del Paso La Chapetona e instal\u00f3 el proyecto en la agenda de la Comisi\u00f3n para su oportuno tratamiento\u00bb.<\/p>\n<p><strong><span style=\"color: #ff0000;\">Paso La Chapetona<\/span><\/strong><\/p>\n<p>Entendiendo que la conectividad vial permanente en la zona oeste central de Argentina con los puertos del Pacifico en Chile se encuentra totalmente colapsada y reducida actualmente a un \u00fanico paso carretero como lo es el Paso Cristo Redentor en Mendoza, el cual presenta un promedio anual de interrupci\u00f3n de 45 d\u00edas producto de nevadas y derrumbes, es que el gobernador plante\u00f3 la posibilidad de expandir la infraestructura vial a trav\u00e9s del desarrollo del Paso La Chapetona, para ampliar el desarrollo de las oportunidades econ\u00f3micas que la miner\u00eda y otras industrias le presentan a la Provincia.<\/p>\n<p>Esta nueva alternativa est\u00e1 pensada como un complemento que sirva tanto al paso de Agua Negra como tambi\u00e9n, y fundamentalmente, al paso Los Libertadores. Esta v\u00eda podr\u00eda funcionar de manera permanente, y requerir\u00eda de inversiones menos costosas, con posibilidades de estructurar financiamientos p\u00fablico-privados con actores como las propias empresas mineras y consorcios viales con intereses en promover y operar estas obras.<\/p>\n<p>El Paso La Chapetona, pr\u00f3ximo a proyectos mineros de cobre como Pach\u00f3n, Azules y Altares del lado argentino, y a la Mina Pelambres del lado chileno, se sit\u00faa a una altura similar al paso Cristo Redentor (3350 m), con un menor impacto de nevadas y riesgos de derrumbes respecto al paso mendocino. El mismo tendr\u00eda salida a la localidad chilena Ovalle a trav\u00e9s de la Autopista Ruta Nacional 5, con opciones hacia puertos mineros en la localidad Los Vilos, pero fundamentalmente equidistante a los puertos y ciudades m\u00e1s importantes de Valpara\u00edso y Coquimbo.<\/p>\n<p>El desarrollo de este camino ofrece ventajas de ser desarrollado en actuales trazas de caminos mineros en buen estado y mantenimiento, ya realizadas y en uso. El objetivo inmediato es unir la localidad Barreal, Departamento Calingasta, San Juan, Rep\u00fablica Argentina con las localidades de Salamanca y Monte Patria, Rep\u00fablica de Chille. Este paso se integra a la recuperaci\u00f3n mediante redefinici\u00f3n de traza y pavimentaci\u00f3n de un tramo de 80 kil\u00f3metros de la Ruta Nacional 153 que une en el Sur de San Juan, y atravesando previamente de la Ruta Nacional 40, la localidad de Los Berros en el departamento Sarmiento, con Barreal y Uspallata, Provincia de Mendoza.<\/p>\n<p>La recuperaci\u00f3n de la ruta 153, deber\u00eda planificarse con acciones complementarias como la pavimentaci\u00f3n de la ruta Nacional 149 tramo Barreal-Uspallata (36km), ya consolidado y en excelente estado, junto con el tramo entre Villa Nueva en Calingasta con Bella Vista en Iglesia (80km), concretando el corredor andino minero en el oeste entre San Juan y Mendoza, asegurando la vinculaci\u00f3n directa y \u00e1gil entre los pasos Agua Negra, La Chapetona y Cristo Redentor.<\/p>\n<p>Esta visi\u00f3n permite sumar a San Juan al principal corredor bioce\u00e1nico central que une a Buenos Aires con Valpara\u00edso, lo que desde el punto de vista econ\u00f3mico contribuir\u00eda para agilizar notablemente el flujo de bienes, servicios y persona requerido por el desarrollo minero que se avecina. Asimismo, mejorar\u00eda sustancialmente la competitividad para las exportaciones de cal a Chile, ampliar\u00eda las oportunidades de exportaciones de productos agroindustriales de San Juan y tambi\u00e9n del norte y centro del pa\u00eds, reduciendo costos por bloqueos y esperas al tr\u00e1fico actual, integrando importantes zonas de la cordillera sanjuanina con gran potencial tur\u00edstico para el desarrollo de actividades vinculadas al monta\u00f1ismo, sky, pesca y trekking, que podr\u00edan ofrecerse al turismo nacional e internacional de alta gama.<\/p>\n<p><strong><span style=\"color: #ff0000;\">Paso de Agua Negra<\/span><\/strong><\/p>\n<p>Este camino ubicado en el departamento Iglesia, es considerado un paso de elevada altura (4700 m.s.n.m), e hist\u00f3ricamente se ha limitado a una apertura temporal solo en verano, adem\u00e1s de que restan pavimentar 86 kil\u00f3metros de su traza (36 del lado argentino y 50 del lado chileno). Estas condiciones limitan el flujo de personas, le restan operatividad y lo hacen poco viable para los flujos comerciales de bienes.<\/p>\n<p>Por estos motivos, se intent\u00f3 durante a\u00f1os construir un t\u00fanel que mejorara las condiciones de transitabilidad, concentrando esfuerzos p\u00fablicos y privados en ambos lados de la cordillera, pero no obtuvo resultados positivos. Por ello, atendiendo a un reordenamiento de prioridades, el gobernador plante\u00f3 que resulta necesario al menos avanzar con la pavimentaci\u00f3n definitiva de la traza, lo cual mejorar\u00eda notablemente las condiciones de seguridad, permitir\u00eda mantener abierto el paso todo el a\u00f1o y empezar a operar flujos comerciales medianos que se adapten a las condiciones del paso.<\/p>\n<p>Es interesante destacar que importantes emprendimientos mineros del Norte de San Juan, algunos en actividad como Veladero en el Departamento Iglesia o Gualcamayo en el Departamento J\u00e1chal, sumado a los proyectos de cobre como los que desarrolla la empresa Vicu\u00f1a con Josemar\u00eda y Filo del Sol, presentan un inter\u00e9s significativo en el desarrollo de este paso, en San Juan.<\/p>\n<p><img loading=\"lazy\" decoding=\"async\" class=\"alignnone size-full wp-image-84853\" src=\"https:\/\/vocesparalelas.com.ar\/sitio\/wp-content\/uploads\/2025\/04\/PASO-LA-CHAPETONA.jpg\" alt=\"\" width=\"800\" height=\"409\" srcset=\"https:\/\/vocesparalelas.com.ar\/sitio\/wp-content\/uploads\/2025\/04\/PASO-LA-CHAPETONA.jpg 800w, https:\/\/vocesparalelas.com.ar\/sitio\/wp-content\/uploads\/2025\/04\/PASO-LA-CHAPETONA-300x153.jpg 300w, https:\/\/vocesparalelas.com.ar\/sitio\/wp-content\/uploads\/2025\/04\/PASO-LA-CHAPETONA-768x393.jpg 768w\" sizes=\"auto, (max-width: 800px) 100vw, 800px\" \/><\/p>\n<p><strong><span style=\"color: #ff0000;\">Reflexiones del Alcalde de Monte\u00a0 Patria, Cristian Herrera<\/span><\/strong><\/p>\n<p>&nbsp;<\/p>\n<p><iframe loading=\"lazy\" title=\"CHILE MONTE PATRIA CRISTIAN HERRERA\" width=\"800\" height=\"450\" src=\"https:\/\/www.youtube.com\/embed\/PrnKQ9HC4Kc?feature=oembed\" frameborder=\"0\" allow=\"accelerometer; autoplay; clipboard-write; encrypted-media; gyroscope; picture-in-picture; web-share\" referrerpolicy=\"strict-origin-when-cross-origin\" allowfullscreen><\/iframe><\/p>\n<p>&nbsp;<\/p>\n<p><img loading=\"lazy\" decoding=\"async\" class=\"alignnone size-large wp-image-24984\" src=\"https:\/\/vocesparalelas.com.ar\/sitio\/wp-content\/uploads\/2019\/11\/CONGRESO-ARGENTINA-CHILE-02-800x533.jpg\" alt=\"\" width=\"800\" height=\"533\" srcset=\"https:\/\/vocesparalelas.com.ar\/sitio\/wp-content\/uploads\/2019\/11\/CONGRESO-ARGENTINA-CHILE-02.jpg 800w, https:\/\/vocesparalelas.com.ar\/sitio\/wp-content\/uploads\/2019\/11\/CONGRESO-ARGENTINA-CHILE-02-300x200.jpg 300w, https:\/\/vocesparalelas.com.ar\/sitio\/wp-content\/uploads\/2019\/11\/CONGRESO-ARGENTINA-CHILE-02-768x512.jpg 768w\" sizes=\"auto, (max-width: 800px) 100vw, 800px\" \/><\/p>\n<p>&nbsp;<\/p>\n","protected":false},"excerpt":{"rendered":"<p>El gobernador de San Juan, Dr. Marcelo Orrego junto con la ministra de Gobierno, Dra. Laura Palma, expuso en la<\/p>\n","protected":false},"author":3,"featured_media":84849,"comment_status":"closed","ping_status":"closed","sticky":false,"template":"","format":"standard","meta":{"_acf_changed":false,"_seopress_robots_primary_cat":"none","_seopress_titles_title":"","_seopress_titles_desc":"","_seopress_robots_index":"","colormag_page_container_layout":"default_layout","colormag_page_sidebar_layout":"default_layout","footnotes":""},"categories":[10,7],"tags":[],"class_list":["post-84846","post","type-post","status-publish","format-standard","has-post-thumbnail","hentry","category-opiniones","category-videos"],"acf":[],"_links":{"self":[{"href":"https:\/\/vocesparalelas.com.ar\/sitio\/wp-json\/wp\/v2\/posts\/84846","targetHints":{"allow":["GET"]}}],"collection":[{"href":"https:\/\/vocesparalelas.com.ar\/sitio\/wp-json\/wp\/v2\/posts"}],"about":[{"href":"https:\/\/vocesparalelas.com.ar\/sitio\/wp-json\/wp\/v2\/types\/post"}],"author":[{"embeddable":true,"href":"https:\/\/vocesparalelas.com.ar\/sitio\/wp-json\/wp\/v2\/users\/3"}],"replies":[{"embeddable":true,"href":"https:\/\/vocesparalelas.com.ar\/sitio\/wp-json\/wp\/v2\/comments?post=84846"}],"version-history":[{"count":6,"href":"https:\/\/vocesparalelas.com.ar\/sitio\/wp-json\/wp\/v2\/posts\/84846\/revisions"}],"predecessor-version":[{"id":84902,"href":"https:\/\/vocesparalelas.com.ar\/sitio\/wp-json\/wp\/v2\/posts\/84846\/revisions\/84902"}],"wp:featuredmedia":[{"embeddable":true,"href":"https:\/\/vocesparalelas.com.ar\/sitio\/wp-json\/wp\/v2\/media\/84849"}],"wp:attachment":[{"href":"https:\/\/vocesparalelas.com.ar\/sitio\/wp-json\/wp\/v2\/media?parent=84846"}],"wp:term":[{"taxonomy":"category","embeddable":true,"href":"https:\/\/vocesparalelas.com.ar\/sitio\/wp-json\/wp\/v2\/categories?post=84846"},{"taxonomy":"post_tag","embeddable":true,"href":"https:\/\/vocesparalelas.com.ar\/sitio\/wp-json\/wp\/v2\/tags?post=84846"}],"curies":[{"name":"wp","href":"https:\/\/api.w.org\/{rel}","templated":true}]}}