{"id":84842,"date":"2025-04-12T08:55:17","date_gmt":"2025-04-12T11:55:17","guid":{"rendered":"https:\/\/vocesparalelas.com.ar\/sitio\/?p=84842"},"modified":"2025-04-12T08:57:29","modified_gmt":"2025-04-12T11:57:29","slug":"2o-festival-de-ciencia-y-tecnologia-crear-con-ciencia-en-san-juan","status":"publish","type":"post","link":"https:\/\/vocesparalelas.com.ar\/sitio\/2o-festival-de-ciencia-y-tecnologia-crear-con-ciencia-en-san-juan\/","title":{"rendered":"2\u00ba Festival de Ciencia y Tecnolog\u00eda \u201cCrear Con-Ciencia\u201d en San Juan"},"content":{"rendered":"<p>El Centro Cultural Conte Grand, el S\u00e1bado, 12 de Abril, de 17 a 22 hs.; se desarrolla el 2\u00ba Festival de Ciencia y Tecnolog\u00eda \u201cCrear Con-Ciencia\u201d, con entrada libre y gratuita,<\/p>\n<p>En este contexto, San Juan vibra con ciencia, tecnolog\u00eda y comunidad porque \u201cCrear Con-Ciencia\u201d vuelve para transformar la curiosidad en asombro, y acercar el conocimiento a grandes y chicos. Este festival no es solo un evento: es una invitaci\u00f3n a descubrir el universo cient\u00edfico que late en San Juan.<\/p>\n<p><iframe loading=\"lazy\" title=\"SAN JUAN CREAR CON - CIENCIA Y TECNOLOG\u00cdA\" width=\"800\" height=\"450\" src=\"https:\/\/www.youtube.com\/embed\/4Kll1zSwzOk?feature=oembed\" frameborder=\"0\" allow=\"accelerometer; autoplay; clipboard-write; encrypted-media; gyroscope; picture-in-picture; web-share\" referrerpolicy=\"strict-origin-when-cross-origin\" allowfullscreen><\/iframe><\/p>\n<p><span style=\"color: #008000;\"><strong>\u00bfQu\u00e9 vas a encontrar?<\/strong><\/span><\/p>\n<p>M\u00e1s de 60 stands cient\u00edficos donde investigadores de San Juan te cuentan qu\u00e9 hacen y c\u00f3mo su trabajo transforma el mundo que habitamos.<\/p>\n<ul>\n<li>\u00abUn Noche en el Desierto: Experiencia Inmersiva\u00bb<\/li>\n<li>\u00abBichos detectives\u00bb \u00abHamsterboys &#8211; Academia de ilustraci\u00f3n\u00bb<\/li>\n<li>\u00abDe pluma en pluma: conoce a las aves sanjuaninas de cerca\u00bb<\/li>\n<li>\u00abGuardianes del Ambiente: Jugando y Aprendiendo\u00bb<\/li>\n<li>\u00abVivienda Rural Andina. Practicas dom\u00e9sticas\u00bb<\/li>\n<li>\u00abSerpientes de San Juan: mitos y creencias\u00bb<\/li>\n<li>\u00abAnfibios y ara\u00f1as: su relaci\u00f3n con el ambiente\u00bb<\/li>\n<li>\u00abHongos, MicroAlgas y Bacterias\u00bb \u00abGuardianes del Conocimiento\u00bb<\/li>\n<li>\u00abDel cultivo al plato, comer saludable tambi\u00e9n es cosa de bichos\u00bb<\/li>\n<li>\u00abAlas en la noche: Explorando el Mundo de los Murci\u00e9lagos\u00bb<\/li>\n<li>\u00abMuseo Con-Ciencia\u00bb \u00abInsectos, aromas y otros olores\u00bb<\/li>\n<li>\u00abMultiplicando voces: Rompiendo el silencio sobre el Chagas\u00bb<\/li>\n<li>\u00abLa fuerza de la naturaleza: Terremotos\u00bb<\/li>\n<li>\u00abExplorando el pasado a trav\u00e9s de los f\u00f3siles\u00bb<\/li>\n<li>\u00abTa fresco el Zonda\u00bb \u00abConstrucci\u00f3n virtual de edificios\u00bb<\/li>\n<li>\u00abEl Modulor \u00bfDise\u00f1o para qui\u00e9n?\u00bb<\/li>\n<li>\u00abMira d\u00f3nde pisas\u00bb<\/li>\n<li>\u00abGeof\u00edsica en Acci\u00f3n: Descifrando la Tierra\u00bb<\/li>\n<li>\u00abCiencia en Acci\u00f3n\u00bb<\/li>\n<li>\u00abEmprender para no depender: \u00bfRealidad o ilusi\u00f3n?\u00bb<\/li>\n<li>\u00abPaisaje Cultural Sostenible \u00a1JUGA Y GAN\u00c1!\u00bb<\/li>\n<li>\u00abCreando ConCiencia h\u00eddrica en San Juan\u00bb<\/li>\n<\/ul>\n<p><strong><span style=\"color: #008000;\">Talleres para todas las edades desde las 18 hs.<\/span><\/strong><\/p>\n<p><span style=\"color: #008000;\"><strong>Sala 1<\/strong><\/span><\/p>\n<ul>\n<li>18-18:30 hs \u00ab\u00bfDe d\u00f3nde sale el cobre para hacer los cables?\u00bb (6-12 a\u00f1os)<\/li>\n<li>18:30-19 hs \u00abCiencia en Erupci\u00f3n\u00bb (3-12 a\u00f1os)<\/li>\n<li>19-19:30 hs \u00abEl misterio de los meteoritos: \u00a1Una aventura c\u00f3smica!\u00bb (mayores a 10 a\u00f1os)<\/li>\n<li>19:30-20 hs \u00abArquitectura: sinergia entre Ciencia, Arte y T\u00e9cnica\u00bb (mayores a 14 a\u00f1os)<\/li>\n<li>20-20:30 hs \u00abExtracci\u00f3n de ADN &#8211; Un laboratorio de Biolog\u00eda Molecular en tu casa\u00bb (mayores a 6 a\u00f1os)<\/li>\n<\/ul>\n<p><strong><span style=\"color: #008000;\">Sala 2<\/span><\/strong><\/p>\n<ul>\n<li>18-18:30 hs \u00abAventuras en el Desierto: El Secreto de las Plantas Nativas\u00bb (3-14 a\u00f1os)<\/li>\n<li>18:30-19 hs \u00abRecreo Consciente: La meditaci\u00f3n desde el punto de vista de la biolog\u00eda\u00bb (mayores de 15 a\u00f1os)<\/li>\n<li>19-20 hs \u00abCaricatura de espec\u00edmenes\u00bb (mayores de 8 a\u00f1os)<\/li>\n<li>20-21 hs \u00ab\u00bfQu\u00e9 es para vos el TRABAJO?\u00bb (mayores de 18 a\u00f1os)<\/li>\n<\/ul>\n<p><strong><span style=\"color: #008000;\">Charlas Escenario<\/span><\/strong><\/p>\n<ul>\n<li>18-18:30 hs \u00abInterpretaci\u00f3n de lengua de se\u00f1as mediante inteligencia artificial \u00ab<\/li>\n<li>18:30-19 hs \u00abDesinformaci\u00f3n: \u00bfPor qu\u00e9 creemos en mentiras? Filosof\u00eda de la Mente\u00bb<\/li>\n<li>19-19:30 hs \u00ab\u00a1Superpoderes para crear videojuegos\u00bb<\/li>\n<li>19:30-20 hs \u00abNo buscamos tesoros ni huesos de dinosaurios \u00bfQu\u00e9 hace la antropolog\u00eda?\u00bb<\/li>\n<li>20-20:30 hs Ciencia en Humanidades? Preguntarse si toda ciencia es sobre lo \u00abnatural\u00bb\u00bb<\/li>\n<li>20:30-21 hs \u00abLos \u00e1rboles y arbustos nos cuentan historias\u00bb<\/li>\n<\/ul>\n<p><strong><span style=\"color: #008000;\">Charlas Sala Multimedia<\/span><\/strong><\/p>\n<ul>\n<li>18-18:30 hs \u00abLos superpoderes de nuestras plantas nativas\u00bb<\/li>\n<li>18:30-19 hs \u00abIA, Ingenier\u00eda, Colonialidad y Comunicaci\u00f3n\u00bb<\/li>\n<li>19-19:30 hs \u00abDibujo y representaci\u00f3n en la investigaci\u00f3n de campo. Bit\u00e1cora de registro\u00bb<\/li>\n<li>19:30-20 hs \u00abBiling\u00fcismo acercando educaci\u00f3n, ciencia e innovaci\u00f3n\u00bb<\/li>\n<li>20-20:30 hs \u00abRecuperaci\u00f3n de metales a partir de RAEE\u00bb<\/li>\n<li>20:30-21 hs \u00abCrear lo real: las ficciones que fundan nuestro mundo\u00bb<\/li>\n<li>21-21:30 hs \u00abLa f\u00f3rmula del conocimiento\u00bb<\/li>\n<\/ul>\n<p>Desde c\u00f3mo extraer ADN en casa hasta aventuras por el desierto y experiencias con realidad aumentada.<\/p>\n<p>Charlas para todo p\u00fablico: IA, videojuegos, plantas nativas, antropolog\u00eda, lengua de se\u00f1as y muchas sorpresas m\u00e1s. \u00a1La ciencia se cuenta en voz alta y en lenguaje claro!<\/p>\n<p>M\u00fasica en vivo, patio gastron\u00f3mico y un gran show final para cerrar la jornada a pura energ\u00eda.<\/p>\n<p><span style=\"color: #008000;\"><strong>Sumate a experiencias \u00fanicas<\/strong><\/span><\/p>\n<ul>\n<li>Observaci\u00f3n astron\u00f3mica con telescopios del CASLEO<\/li>\n<li>Museo Con-Ciencia<\/li>\n<li>Ilustraci\u00f3n y arte cient\u00edfico<\/li>\n<\/ul>\n<p><strong><span style=\"color: #008000;\">Ciencia aplicada: fermentaci\u00f3n, meteoritos, murci\u00e9lagos y m\u00e1s<\/span><\/strong><\/p>\n<ul>\n<li>Porque la ciencia tambi\u00e9n es juego, creatividad y comunidad.<\/li>\n<li>Porque queremos que toda San Juan se enamore de la ciencia, la viva, la toque, la escuche y la disfrute.<\/li>\n<\/ul>\n<p><img loading=\"lazy\" decoding=\"async\" class=\"alignnone size-large wp-image-22523\" src=\"https:\/\/vocesparalelas.com.ar\/sitio\/wp-content\/uploads\/2019\/07\/CENTRO-CULTURAL-CONTE-GRAND-800x601.jpg\" alt=\"\" width=\"800\" height=\"601\" srcset=\"https:\/\/vocesparalelas.com.ar\/sitio\/wp-content\/uploads\/2019\/07\/CENTRO-CULTURAL-CONTE-GRAND-800x601.jpg 800w, https:\/\/vocesparalelas.com.ar\/sitio\/wp-content\/uploads\/2019\/07\/CENTRO-CULTURAL-CONTE-GRAND-300x225.jpg 300w, https:\/\/vocesparalelas.com.ar\/sitio\/wp-content\/uploads\/2019\/07\/CENTRO-CULTURAL-CONTE-GRAND-768x577.jpg 768w, https:\/\/vocesparalelas.com.ar\/sitio\/wp-content\/uploads\/2019\/07\/CENTRO-CULTURAL-CONTE-GRAND.jpg 1000w\" sizes=\"auto, (max-width: 800px) 100vw, 800px\" \/><\/p>\n","protected":false},"excerpt":{"rendered":"<p>El Centro Cultural Conte Grand, el S\u00e1bado, 12 de Abril, de 17 a 22 hs.; se desarrolla el 2\u00ba Festival<\/p>\n","protected":false},"author":3,"featured_media":32673,"comment_status":"closed","ping_status":"closed","sticky":false,"template":"","format":"standard","meta":{"_acf_changed":false,"_seopress_robots_primary_cat":"none","_seopress_titles_title":"","_seopress_titles_desc":"","_seopress_robots_index":"","colormag_page_container_layout":"default_layout","colormag_page_sidebar_layout":"default_layout","footnotes":""},"categories":[6,7],"tags":[],"class_list":["post-84842","post","type-post","status-publish","format-standard","has-post-thumbnail","hentry","category-eventos","category-videos"],"acf":[],"_links":{"self":[{"href":"https:\/\/vocesparalelas.com.ar\/sitio\/wp-json\/wp\/v2\/posts\/84842","targetHints":{"allow":["GET"]}}],"collection":[{"href":"https:\/\/vocesparalelas.com.ar\/sitio\/wp-json\/wp\/v2\/posts"}],"about":[{"href":"https:\/\/vocesparalelas.com.ar\/sitio\/wp-json\/wp\/v2\/types\/post"}],"author":[{"embeddable":true,"href":"https:\/\/vocesparalelas.com.ar\/sitio\/wp-json\/wp\/v2\/users\/3"}],"replies":[{"embeddable":true,"href":"https:\/\/vocesparalelas.com.ar\/sitio\/wp-json\/wp\/v2\/comments?post=84842"}],"version-history":[{"count":1,"href":"https:\/\/vocesparalelas.com.ar\/sitio\/wp-json\/wp\/v2\/posts\/84842\/revisions"}],"predecessor-version":[{"id":84845,"href":"https:\/\/vocesparalelas.com.ar\/sitio\/wp-json\/wp\/v2\/posts\/84842\/revisions\/84845"}],"wp:featuredmedia":[{"embeddable":true,"href":"https:\/\/vocesparalelas.com.ar\/sitio\/wp-json\/wp\/v2\/media\/32673"}],"wp:attachment":[{"href":"https:\/\/vocesparalelas.com.ar\/sitio\/wp-json\/wp\/v2\/media?parent=84842"}],"wp:term":[{"taxonomy":"category","embeddable":true,"href":"https:\/\/vocesparalelas.com.ar\/sitio\/wp-json\/wp\/v2\/categories?post=84842"},{"taxonomy":"post_tag","embeddable":true,"href":"https:\/\/vocesparalelas.com.ar\/sitio\/wp-json\/wp\/v2\/tags?post=84842"}],"curies":[{"name":"wp","href":"https:\/\/api.w.org\/{rel}","templated":true}]}}