{"id":84836,"date":"2025-04-10T13:53:09","date_gmt":"2025-04-10T16:53:09","guid":{"rendered":"https:\/\/vocesparalelas.com.ar\/sitio\/?p=84836"},"modified":"2025-04-10T14:16:50","modified_gmt":"2025-04-10T17:16:50","slug":"se-reanuda-la-primera-sesion-del-periodo-ordinario-de-la-camara-de-diputados-de-san-juan-2","status":"publish","type":"post","link":"https:\/\/vocesparalelas.com.ar\/sitio\/se-reanuda-la-primera-sesion-del-periodo-ordinario-de-la-camara-de-diputados-de-san-juan-2\/","title":{"rendered":"Se reanuda la Primera Sesi\u00f3n del per\u00edodo ordinario de la C\u00e1mara de Diputados de San Juan"},"content":{"rendered":"<p>Durante la reuni\u00f3n de Labor Parlamentaria, los legisladores titulares de los diferentes bloques que forman parte de la C\u00e1mara de Diputados de San Juan definieron la fecha de la continuidad de la Primera Sesi\u00f3n del per\u00edodo ordinario para el Viernes, 11 de Abril, a las 9 horas.<\/p>\n<p>Por ello, Voces Paralelas desarroll\u00f3 una entrevista period\u00edstica al Diputado Dr. Juan de la Cruz C\u00f3rdoba, quien describi\u00f3 el cambio de d\u00eda de la reanudaci\u00f3n de lla Primera Sesi\u00f3n del per\u00edodo ordinario de la C\u00e1mara de Diputados de San Juan. Adem\u00e1s, reflexion\u00f3 sobre el discurso anual del Gobernador de San Juan, Dr. Marcelo Orrego.<\/p>\n<p><iframe loading=\"lazy\" title=\"CDSJ DIP DR JUAN DE LA CRUZ C\u00d3RDOBA\" width=\"800\" height=\"450\" src=\"https:\/\/www.youtube.com\/embed\/L8ZY_tZ6kxk?feature=oembed\" frameborder=\"0\" allow=\"accelerometer; autoplay; clipboard-write; encrypted-media; gyroscope; picture-in-picture; web-share\" referrerpolicy=\"strict-origin-when-cross-origin\" allowfullscreen><\/iframe><\/p>\n<p>El encuentro tuvo lugar en el edificio Anexo de la C\u00e1mara de Diputados y estuvo presidida por el vicepresidente primero, legislador Enzo Cornejo. Particip\u00f3 tambi\u00e9n el secretario Legislativo, Dr. Gustavo Velert; la vicepresidente segundo, CPN Marisa L\u00f3pez; los presidentes de los bloques Producci\u00f3n y Trabajo, Dr. Juan de la Cruz C\u00f3rdoba; Bloquismo, legislador Luis Rueda; bloque San Juan Vuelve \u2013 P.T.P., Dr. Mario Herrero; bloque del Este, Marcelo Mallea; La Libertad Avanza \u2013 ADN, Fernando Patinella;\u00a0 bloque Mejor Nosotros, Leopoldo Soler; bloque San Juan Te Quiero, diputado Gabriel S\u00e1nchez; bloque Crecer, Marta Gramajo; Frente Renovador, Lic. Franco Aranda; y en representaci\u00f3n del bloque Justicialista, el diputado Miguel Vega.<\/p>\n<p>En la reanudaci\u00f3n se conforman la Sala Juzgadora y la Sala Acusadora, de acuerdo a los art\u00edculos 220 y 221 de la Constituci\u00f3n Provincial y art\u00edculo 112 del Reglamento Interno, que establecen que la C\u00e1mara se debe dividir, en la primera sesi\u00f3n y por sorteo, en dos salas a los fines de la tramitaci\u00f3n del Juicio Pol\u00edtico. Cada Sala debe elegir a la Diputada o Diputado que la presida. As\u00ed mismo, la Sala Acusadora debe nombrar los miembros de la Comisi\u00f3n de Investigaci\u00f3n.<\/p>\n<p>Por otro lado, los legisladores acordaron tratar sobre tablas la comunicaci\u00f3n oficial remitida por el Poder Ejecutivo, que propone la aprobaci\u00f3n del Convenio de Colaboraci\u00f3n Interjurisdiccional Plan Regional de Seguridad entre la provincia de San Luis, Mendoza y San Juan, que tienen por objeto el trabajo mancomunado en estrategias de seguridad p\u00fablica vinculadas a distintos delitos con influencia en la regi\u00f3n.<\/p>\n<p><img loading=\"lazy\" decoding=\"async\" class=\"alignnone size-full wp-image-84839\" src=\"https:\/\/vocesparalelas.com.ar\/sitio\/wp-content\/uploads\/2025\/04\/CDSJ-08-04.jpg\" alt=\"\" width=\"800\" height=\"463\" srcset=\"https:\/\/vocesparalelas.com.ar\/sitio\/wp-content\/uploads\/2025\/04\/CDSJ-08-04.jpg 800w, https:\/\/vocesparalelas.com.ar\/sitio\/wp-content\/uploads\/2025\/04\/CDSJ-08-04-300x174.jpg 300w, https:\/\/vocesparalelas.com.ar\/sitio\/wp-content\/uploads\/2025\/04\/CDSJ-08-04-768x444.jpg 768w\" sizes=\"auto, (max-width: 800px) 100vw, 800px\" \/><\/p>\n<p>Asimismo, pondr\u00e1n a consideraci\u00f3n sobre tablas los siguientes proyectos de Resoluci\u00f3n que proponen declarar de Inter\u00e9s:<\/p>\n<ul>\n<li><span style=\"color: #800080;\"><strong>Educativo, social, cultural y acad\u00e9mico al \u00abPrimer Congreso Nacional e Internacional de Investigaciones sobre Oriente\u00bb\u00a0<\/strong><\/span>organizado por el Gabinete de Estudios e Investigaciones de Oriente, Departamento de Historia, Instituto De Filosof\u00eda \u00abEduardo Pe\u00f1afort\u00bb, que se llevar\u00e1 a cabo en la Sala de Audio Video de la Facultad de Filosof\u00eda, Humanidades y Artes, los d\u00edas mi\u00e9rcoles 7, jueves 8 y viernes 9 de 2025, en horario de 8 a 13 y de 15 a 21 horas. En el marco del Proyecto Oriente Y Occidente Miradas Plurales, Secretar\u00eda de Investigaci\u00f3n &#8211; Secretaria de Extensi\u00f3n \u2013 FFHA de la Universidad Nacional De San Juan. (Autor: bloque San Juan Vuelve)<\/li>\n<li><span style=\"color: #800080;\"><strong>Cultural, social y econ\u00f3mico el \u00abXXVIII Comit\u00e9 de Integraci\u00f3n Paso de Agua Negra<\/strong>\u00ab,<\/span> que se llevar\u00e1 a cabo los d\u00edas 14 y 15 de abril del corriente a\u00f1o, en el Sal\u00f3n Cruce de los Andes, Primer piso n\u00facleo 7, Centro C\u00edvico provincial, Ciudad de San Juan, Argentina. (Autor: Interbloque Cambia San Juan)<\/li>\n<li><strong><span style=\"color: #800080;\">Social y cultural, al encuentro denominado \u00abVoces que inspiran 2\u00bb<\/span>,<\/strong>\u00a0organizado por la Asociaci\u00f3n Civil Unidos por Parkinson en el marco del \u00abD\u00eda Mundial del Parkinson\u00bb, el d\u00eda 11 de abril de 2025 en el Museo de la Memoria Urbana de la provincia de San Juan. (Autor: Interbloque Cambia San Juan)<\/li>\n<\/ul>\n<p><span style=\"color: #800080;\"><strong>Nuevos proyectos que ingresar\u00e1n a Comisiones<\/strong><\/span><\/p>\n<p>Durante la continuidad de la Primera Sesi\u00f3n,\u00a0tomar\u00e1n estado parlamentario para ser tratados en sus respectivas comisiones\u00a0los siguientes proyectos de Ley que proponen:<\/p>\n<ul>\n<li>Imponer el nombre Escuela Barrio Huaziul a la escuela Cornelio Saavedra del departamento Rivadavia (Autor: Poder Ejecutivo. Comisiones: Educaci\u00f3n, T\u00e9cnica, Ciencia y Cultura\/ Peticiones y Poderes).<\/li>\n<li>Aprobaci\u00f3n del Convenio Marco de Colaboraci\u00f3n entre el Ministerio de Salud y la Iglesia de los Santos de los \u00daltimos D\u00edas (Autor: Poder Ejecutivo. Comisiones: Legislaci\u00f3n y Asuntos Constitucionales\/ Salud y Discapacidad).<\/li>\n<li>Adherir la provincia de San Juan al Decreto Nacional N\u00ba 196\/2025 (Autor: bloque Bloquista. Comisiones: Legislaci\u00f3n y Asuntos Constitucionales\/ Control y Seguimiento Legislativo\/ Justicia y Seguridad).<\/li>\n<li>Modificar el art\u00edculo 20 de la Ley N\u00ba 13-A, Ley de Departamento de Hidr\u00e1ulica (Autor: Interbloque Cambia San Juan. Comisiones: Legislaci\u00f3n y Asuntos Constitucionales\/ Hacienda y Presupuesto).<\/li>\n<li>Modificar el art\u00edculo 44 de la Ley N\u00ba 2730-I, Ley Impositiva (Autor: Interbloque Cambia San Juan. Comisiones: Legislaci\u00f3n y Asuntos Constitucionales\/ Hacienda y Presupuesto).<\/li>\n<li>Crear el Programa de Capacitaci\u00f3n en el Lengua de Se\u00f1as Argentina, destinado a todos los alumnos de educaci\u00f3n secundaria de la provincia de San Juan. (Autor: bloque San Juan Te Quiero. Comisiones: Legislaci\u00f3n y Asuntos Constitucionales\/ Educaci\u00f3n, T\u00e9cnica, Ciencia y Cultura)<\/li>\n<\/ul>\n<p>Asimismo, ser\u00e1n girados en sus respectivas comisiones los siguientes proyectos de Resoluci\u00f3n que proponen declarar de inter\u00e9s:<\/p>\n<ul>\n<li>El VII Congreso Nacional de la Conservaci\u00f3n de la Biodiversidad organizado por la Universidad Nacional de San Juan y la fundaci\u00f3n AZARA a realizarse en la provincia de San Juan, entre los d\u00edas 13 y 16 de mayo de 2025 (Autor: Interbloque Cambia San Juan. Comisi\u00f3n: Ambiente y Desarrollo Sostenible).<\/li>\n<li>Las actividades y presentaciones cient\u00edficas realizadas por el gabinete de investigaci\u00f3n de la Escuela Industrial Domingo Faustino Sarmiento (Autor: Interbloque Cambia San Juan. Comisi\u00f3n: Educaci\u00f3n, Ciencia, T\u00e9cnica y Cultura).<\/li>\n<\/ul>\n<p>Por \u00faltimo, ingresar\u00e1 a la comisi\u00f3n de Obras y Servicios P\u00fablicos, un proyecto de Comunicaci\u00f3n presentado por el bloque Justicialista (Diputada Sonia Ferreyra), por el que solicita al Poder Ejecutivo y por su intermedio a la Directora del Instituto Provincial de la Vivienda, informe sobre el programa Suelo Activo, Sue\u00f1o Cumplido \u201cBarrio Valles del Sol\u201d.<\/p>\n<p><span style=\"color: #800080;\"><strong>Proyectos que tomaron estado parlamentario en la apertura de sesiones<\/strong><\/span><\/p>\n<p>Cabe recordar que ingresaron a comisiones el pasado martes 1 de abril, tras el inicio de sesiones del periodo ordinario, los siguientes proyectos de Ley que proponen:<\/p>\n<ul>\n<li>Aprobar el Convenio de Cooperaci\u00f3n celebrado entre los 19 municipios y el Ministerio de Familia y Desarrollo Humano, en el marco del Programa Unidad Municipal de los Consumo Problem\u00e1ticos (UMCOP). (Autor: Poder Ejecutivo. Comisiones: Legislaci\u00f3n y Asuntos Constitucionales\/ Desarrollo Humano y Laboral\/ Sistema Municipal).<\/li>\n<li>Ratificar los Convenios de Cooperaci\u00f3n para la implementaci\u00f3n del Dispositivo del \u00c1rea de G\u00e9nero, celebrados entre los diecinueve Municipios de la Provincia y el Ministerio de Familia y Desarrollo Humano de la provincia de San Juan. (Autor: Poder Ejecutivo. Comisiones: Legislaci\u00f3n y Asuntos Constitucionales\/ Sistema Municipal\/ Mujer, G\u00e9nero y Diversidad).<\/li>\n<li>Promover la contrataci\u00f3n de mano de obra y servicios locales por parte de las empresas que operan en los departamentos donde se exploran y explotan recursos naturales renovables o no renovables<strong>.\u00a0<\/strong>(Autor: bloque Justicialista. Comisiones: Legislaci\u00f3n y Asuntos Constitucionales\/ Desarrollo Humano y Laboral\/ Hacienda y Presupuesto).<\/li>\n<li>Modificar la Ley N\u00ba 307-A, Registro Provincial de Constructores de Obras P\u00fablicas. (Autor: bloque Justicialista. Comisiones: Legislaci\u00f3n y Asuntos Constitucionales\/Obras y Servicios P\u00fablicos).<\/li>\n<li>Establecer una Campa\u00f1a Provincial de Concientizaci\u00f3n sobre el Uso de Pantallas en Ni\u00f1os, Ni\u00f1as y Adolescentes, con el objetivo de promover el uso saludable de la tecnolog\u00eda y prevenir efectos negativos. (Autor: interbloque Cambia San Juan. Comisiones: Legislaci\u00f3n y Asuntos Constitucionales\/ Salud y Discapacidad\/ Educaci\u00f3n, Ciencia, T\u00e9cnica y Cultura).<\/li>\n<li>Implementar en el \u00e1mbito de la provincia de San Juan la Hora Silenciosa, a los fines de garantizar el derecho a una protecci\u00f3n integral de las personas con Trastornos del Espectro Autista (TEA) y otros Trastornos o Condiciones Generalizadas del Desarrollo. (Autor: interbloque Cambia San Juan. Comisiones: Legislaci\u00f3n y Asuntos Constitucionales\/ Salud y Discapacidad\/ Econom\u00eda y Defensa de Consumidores).<\/li>\n<li>Imponer el nombre Peque\u00f1os Tesoros a la Escuela de Nivel Inicial N\u00ba 61, del Departamento Chimbas. (Autor: bloque San Juan Te Quiero. Comisiones: Educaci\u00f3n, Ciencia, T\u00e9cnica y Cultura\/ Peticiones y Poderes).<\/li>\n<li>Impone el nombre Piuquenes a la Escuela de Nivel Inicial N\u00b0 60 del Departamento Chimbas. (Autor: bloque San Juan Te Quiero. Comisiones: Educaci\u00f3n, Ciencia, T\u00e9cnica y Cultura\/ Peticiones y Poderes).<\/li>\n<li>Imponer el nombre Detr\u00e1s del Arco\u00edris, a la Escuela de Nivel Inicial N\u00ba 67, del Departamento Chimbas. (Autor: bloque San Juan Te Quiero. Comisiones: Educaci\u00f3n, Ciencia, T\u00e9cnica y Cultura\/ Peticiones y Poderes).<\/li>\n<\/ul>\n<p>Adem\u00e1s, destinaron a la Comisi\u00f3n de Legislaci\u00f3n y Asuntos Constitucionales un proyecto de Ley presentado por la Comisi\u00f3n Permanente por la que se consolidan leyes sancionadas desde el 1 de enero al 31 de diciembre de 2024, publicadas en el Bolet\u00edn Oficial al 31 de enero de 2025 y todas aquellas sancionadas en periodos anteriores al a\u00f1o 2024 que se han publicado al 31 de enero de 2025)<strong>.<\/strong><\/p>\n<p>Al mismo tiempo, ingresaron a comisiones los siguientes Proyectos de Resoluci\u00f3n que proponen declarar de inter\u00e9s:<\/p>\n<ul>\n<li>Las actividades que se llevan a cabo en el Simposio Internacional sobre la calidad de la energ\u00eda el\u00e9ctrica XII SICEL 2025. (Autor: bloque Justicialista. Comisi\u00f3n: Miner\u00eda y Energ\u00eda).<\/li>\n<li>El XLII Congreso Nacional de Cardiolog\u00eda. (Autor: interbloque Cambia San Juan. Comisi\u00f3n: Educaci\u00f3n, Ciencia, T\u00e9cnica y Cultura).<\/li>\n<\/ul>\n<p>Tambi\u00e9n, tom\u00f3 estado parlamentario para ser estudiado en la comisi\u00f3n de Educaci\u00f3n, Ciencia, T\u00e9cnica y Cultura, un proyecto de Comunicaci\u00f3n presentado por el bloque Justicialista, por el que solicita al Poder Ejecutivo que a trav\u00e9s del Ministerio de Educaci\u00f3n gestione y arbitren medidas necesarias para la respuesta a las necesidades de comunicaci\u00f3n que requiere la comunidad debido a los eventos clim\u00e1ticos.<\/p>\n<p>Por \u00faltimo, ingresaron dos comunicaciones oficiales: una remitida por el Ministerio de Turismo, Cultura y Deporte, por el que se declara de inter\u00e9s el Campeonato Nacional de Microtornner (a conocimiento); y otra, presentada por el Tribunal de Cuentas de San Juan, por la que presenta memoria anual del Tribunal.<\/p>\n<p>&nbsp;<\/p>\n<figure id=\"attachment_37951\" aria-describedby=\"caption-attachment-37951\" style=\"width: 800px\" class=\"wp-caption alignnone\"><img loading=\"lazy\" decoding=\"async\" class=\"size-full wp-image-37951\" src=\"https:\/\/vocesparalelas.com.ar\/sitio\/wp-content\/uploads\/2021\/05\/CAMARA-EDIFICIO.jpg\" alt=\"\" width=\"800\" height=\"515\" srcset=\"https:\/\/vocesparalelas.com.ar\/sitio\/wp-content\/uploads\/2021\/05\/CAMARA-EDIFICIO.jpg 800w, https:\/\/vocesparalelas.com.ar\/sitio\/wp-content\/uploads\/2021\/05\/CAMARA-EDIFICIO-300x193.jpg 300w, https:\/\/vocesparalelas.com.ar\/sitio\/wp-content\/uploads\/2021\/05\/CAMARA-EDIFICIO-768x494.jpg 768w\" sizes=\"auto, (max-width: 800px) 100vw, 800px\" \/><figcaption id=\"caption-attachment-37951\" class=\"wp-caption-text\">Legislatura Provincial de San Juan, Rep\u00fablica Argentina<\/figcaption><\/figure>\n","protected":false},"excerpt":{"rendered":"<p>Durante la reuni\u00f3n de Labor Parlamentaria, los legisladores titulares de los diferentes bloques que forman parte de la C\u00e1mara de<\/p>\n","protected":false},"author":3,"featured_media":84898,"comment_status":"closed","ping_status":"closed","sticky":false,"template":"","format":"standard","meta":{"_acf_changed":false,"_seopress_robots_primary_cat":"none","_seopress_titles_title":"","_seopress_titles_desc":"","_seopress_robots_index":"","colormag_page_container_layout":"default_layout","colormag_page_sidebar_layout":"default_layout","footnotes":""},"categories":[1,7],"tags":[],"class_list":["post-84836","post","type-post","status-publish","format-standard","has-post-thumbnail","hentry","category-destacadas","category-videos"],"acf":[],"_links":{"self":[{"href":"https:\/\/vocesparalelas.com.ar\/sitio\/wp-json\/wp\/v2\/posts\/84836","targetHints":{"allow":["GET"]}}],"collection":[{"href":"https:\/\/vocesparalelas.com.ar\/sitio\/wp-json\/wp\/v2\/posts"}],"about":[{"href":"https:\/\/vocesparalelas.com.ar\/sitio\/wp-json\/wp\/v2\/types\/post"}],"author":[{"embeddable":true,"href":"https:\/\/vocesparalelas.com.ar\/sitio\/wp-json\/wp\/v2\/users\/3"}],"replies":[{"embeddable":true,"href":"https:\/\/vocesparalelas.com.ar\/sitio\/wp-json\/wp\/v2\/comments?post=84836"}],"version-history":[{"count":3,"href":"https:\/\/vocesparalelas.com.ar\/sitio\/wp-json\/wp\/v2\/posts\/84836\/revisions"}],"predecessor-version":[{"id":84899,"href":"https:\/\/vocesparalelas.com.ar\/sitio\/wp-json\/wp\/v2\/posts\/84836\/revisions\/84899"}],"wp:featuredmedia":[{"embeddable":true,"href":"https:\/\/vocesparalelas.com.ar\/sitio\/wp-json\/wp\/v2\/media\/84898"}],"wp:attachment":[{"href":"https:\/\/vocesparalelas.com.ar\/sitio\/wp-json\/wp\/v2\/media?parent=84836"}],"wp:term":[{"taxonomy":"category","embeddable":true,"href":"https:\/\/vocesparalelas.com.ar\/sitio\/wp-json\/wp\/v2\/categories?post=84836"},{"taxonomy":"post_tag","embeddable":true,"href":"https:\/\/vocesparalelas.com.ar\/sitio\/wp-json\/wp\/v2\/tags?post=84836"}],"curies":[{"name":"wp","href":"https:\/\/api.w.org\/{rel}","templated":true}]}}