{"id":84827,"date":"2025-04-08T22:37:00","date_gmt":"2025-04-09T01:37:00","guid":{"rendered":"https:\/\/vocesparalelas.com.ar\/sitio\/?p=84827"},"modified":"2025-04-09T22:42:16","modified_gmt":"2025-04-10T01:42:16","slug":"temporada-2025-de-la-orquesta-sinfonica-de-la-unsj-con-el-m-wolfgang-wengenroth","status":"publish","type":"post","link":"https:\/\/vocesparalelas.com.ar\/sitio\/temporada-2025-de-la-orquesta-sinfonica-de-la-unsj-con-el-m-wolfgang-wengenroth\/","title":{"rendered":"Temporada 2025 de la Orquesta Sinf\u00f3nica de la UNSJ con el M\u00b0 Wolfgang Wengenroth"},"content":{"rendered":"<p>En el Foyer del Auditorio Ing. Juan Victoria las autoridades de la Facultad de Filosof\u00eda, Humanidades y Artes de la Universidad Nacional de San Juan, el Centro de Creaci\u00f3n Art\u00edstica Orquestal\u00a0 FFHA de la UNSJ, el Ministerio de Turismo, Cultura y Deporte del Gobierno de San Juan presentaron al Director de la Orquesta Sinf\u00f3nica de la UNSJ, M\u00b0 Wolfgang Wengenroth, quien es el responsable de dirigir y aportar su conocimiento para definir la programaci\u00f3n de la instituci\u00f3n.<\/p>\n<p>Es as\u00ed que, el Director del Centro de Creaci\u00f3n Art\u00edstica Orquestal\u00a0\u00a0FFHA de la UNSJ \u00a0Juan Carlos Caballero destac\u00f3 que comienzan los conciertos con Wengeroth como director titular. Esta vez interpretan la 9\u00ba Sinfon\u00eda de Bruckner, una de las sinfon\u00edas m\u00e1s importantes y complejas del repertorio universal de orquestas sinf\u00f3nicas\u201d.<\/p>\n<p><iframe loading=\"lazy\" title=\"ORQUESTA UNSJ\" width=\"800\" height=\"450\" src=\"https:\/\/www.youtube.com\/embed\/98JemJy2rzM?feature=oembed\" frameborder=\"0\" allow=\"accelerometer; autoplay; clipboard-write; encrypted-media; gyroscope; picture-in-picture; web-share\" referrerpolicy=\"strict-origin-when-cross-origin\" allowfullscreen><\/iframe><\/p>\n<p>Las interpretaciones de la \u201cSinfon\u00eda 9\u201d del compositor Anton Bruckner es el Mi\u00e9rcoles 9 y el Viernes, 11 de Abril en el Auditorio Ing. Juan Victoria, con entrada libre y gratuita.<\/p>\n<p>Luego, el Director de la Orquesta Sinf\u00f3nica de la UNSJ, M\u00b0 Wolfgang Wengenroth, quien subray\u00f3 que la orquesta y yo nos conocemos y tengo mucha expectativa y mucha curiosidad por el trabajo que hay para nosotros. Espero que sea una buena colaboraci\u00f3n. Vamos a interpretar el repertorio de Bruckner que no se toca tanto en Argentina\u201d.<\/p>\n<p>&nbsp;<\/p>\n<p>&nbsp;<\/p>\n<p><iframe loading=\"lazy\" title=\"ORQUESTA SINF\u00d3NICA UNSJ DIRECTOR\" width=\"800\" height=\"450\" src=\"https:\/\/www.youtube.com\/embed\/UCrFvFREwoE?feature=oembed\" frameborder=\"0\" allow=\"accelerometer; autoplay; clipboard-write; encrypted-media; gyroscope; picture-in-picture; web-share\" referrerpolicy=\"strict-origin-when-cross-origin\" allowfullscreen><\/iframe><\/p>\n<p>Adem\u00e1s, en la conferencia presentaron la web de la Orquesta Sinf\u00f3nica de la UNSJ donde comunicar\u00e1n presentaciones y dem\u00e1s informaci\u00f3n importante. La p\u00e1gina est\u00e1 disponible en el siguiente enlace.<\/p>\n<p><a href=\"https:\/\/orquestasinfonica.ffha.unsj.edu.ar\/\">https:\/\/orquestasinfonica.ffha.unsj.edu.ar\/<\/a><\/p>\n<p>Seguidamente, la Decana de la FFHA de la UNSJ, Mg Myrian Arrabal, describi\u00f3 lo que significa incorporar al M\u00b0 Wolfgang Wengenroth.<\/p>\n<p><iframe loading=\"lazy\" title=\"ORQUESTA SINF\u00d3NICA UNSJ DECANA MG MYRIAN ARRABAL\" width=\"800\" height=\"450\" src=\"https:\/\/www.youtube.com\/embed\/T5gCHMLDRSM?feature=oembed\" frameborder=\"0\" allow=\"accelerometer; autoplay; clipboard-write; encrypted-media; gyroscope; picture-in-picture; web-share\" referrerpolicy=\"strict-origin-when-cross-origin\" allowfullscreen><\/iframe><\/p>\n<p>&nbsp;<\/p>\n<p>Finalmente, el Director de Acci\u00f3n Cultural del Ministerio de Turismo, Cultura y Deporte del Gobierno de San Juan, Luciano Guti\u00e9rrez, quien subray\u00f3 la apuesta de la Orquesta Sinf\u00f3nica de la UNSJ\u00a0 para sostener la cultura de San Juan.<\/p>\n<p><iframe loading=\"lazy\" title=\"ORQUESTA SINF\u00d3NICA UNSJ\" width=\"800\" height=\"450\" src=\"https:\/\/www.youtube.com\/embed\/No-ih1c9A2A?feature=oembed\" frameborder=\"0\" allow=\"accelerometer; autoplay; clipboard-write; encrypted-media; gyroscope; picture-in-picture; web-share\" referrerpolicy=\"strict-origin-when-cross-origin\" allowfullscreen><\/iframe><\/p>\n<p>&nbsp;<\/p>\n<figure id=\"attachment_84831\" aria-describedby=\"caption-attachment-84831\" style=\"width: 800px\" class=\"wp-caption alignnone\"><img loading=\"lazy\" decoding=\"async\" class=\"size-full wp-image-84831\" src=\"https:\/\/vocesparalelas.com.ar\/sitio\/wp-content\/uploads\/2025\/04\/ORQUESTA-2025-UNSJ-03-DIRECTOR-ALEMAN.jpg\" alt=\"\" width=\"800\" height=\"533\" srcset=\"https:\/\/vocesparalelas.com.ar\/sitio\/wp-content\/uploads\/2025\/04\/ORQUESTA-2025-UNSJ-03-DIRECTOR-ALEMAN.jpg 800w, https:\/\/vocesparalelas.com.ar\/sitio\/wp-content\/uploads\/2025\/04\/ORQUESTA-2025-UNSJ-03-DIRECTOR-ALEMAN-300x200.jpg 300w, https:\/\/vocesparalelas.com.ar\/sitio\/wp-content\/uploads\/2025\/04\/ORQUESTA-2025-UNSJ-03-DIRECTOR-ALEMAN-768x512.jpg 768w\" sizes=\"auto, (max-width: 800px) 100vw, 800px\" \/><figcaption id=\"caption-attachment-84831\" class=\"wp-caption-text\">Director de la Orquesta Sinf\u00f3nica de la UNSJ, M\u00b0 Wolfgang Wengenroth<\/figcaption><\/figure>\n<p>&nbsp;<\/p>\n<p>A trav\u00e9s de un proceso de dos instancias de selecci\u00f3n fue elegido el director Wolfgang Wengenroth, maestro nacido en Bonn, Alemania, como director titular de la Orquesta Sinf\u00f3nica de la UNSJ. Con una carrera iniciada en el a\u00f1o 2002, un tr\u00e1nsito por Austria, con presencia en Argentina desde 2015 y teniendo en el 2023, en San Juan, como invitado la direcci\u00f3n de la Orquesta Sinf\u00f3nica de la FFHA durante un periodo de un par de semanas, con dos programas distintos.<\/p>\n<p>Wengenroth naci\u00f3 el 15 de noviembre de 1975 y se gradu\u00f3 en el 2000 en piano y direcci\u00f3n de orquesta. Dio sus primeros pasos como solista en Berl\u00edn. Y desde 2016 trabaja como artista independiente.<\/p>\n<p>Fue invitado a dirigir en diversas salas como la \u00d3pera de Leipzig, el Teatro del Estado de Oldenburg o el Teatro del Estado de Karlsruhe. Tambi\u00e9n en escenarios internacionales es un frecuente y bienvenido director invitado. En este rol visit\u00f3 importantes salas de \u00f3pera de Escandinavia, Jap\u00f3n y Sudam\u00e9rica.<\/p>\n<p>En la temporada 2019\/2020 regres\u00f3 a las \u00f3peras de Estocolmo y G\u00f6teborg, as\u00ed como tambi\u00e9n al Teatro Col\u00f3n de Buenos Aires. Asimismo, debut\u00f3 en el Teatro Argentino de La Plata, entre otros hitos de su destacada labor.<\/p>\n<p><iframe loading=\"lazy\" title=\"ORQUESTA SINF\u00d3NICA UNSJ DIRECTOR\" width=\"800\" height=\"450\" src=\"https:\/\/www.youtube.com\/embed\/oEndkXlVVvU?feature=oembed\" frameborder=\"0\" allow=\"accelerometer; autoplay; clipboard-write; encrypted-media; gyroscope; picture-in-picture; web-share\" referrerpolicy=\"strict-origin-when-cross-origin\" allowfullscreen><\/iframe><\/p>\n<p>&nbsp;<\/p>\n<figure id=\"attachment_59915\" aria-describedby=\"caption-attachment-59915\" style=\"width: 800px\" class=\"wp-caption alignnone\"><img loading=\"lazy\" decoding=\"async\" class=\"size-full wp-image-59915\" src=\"https:\/\/vocesparalelas.com.ar\/sitio\/wp-content\/uploads\/2023\/06\/ORQUESTA-SINFONICA.jpg\" alt=\"\" width=\"800\" height=\"450\" srcset=\"https:\/\/vocesparalelas.com.ar\/sitio\/wp-content\/uploads\/2023\/06\/ORQUESTA-SINFONICA.jpg 800w, https:\/\/vocesparalelas.com.ar\/sitio\/wp-content\/uploads\/2023\/06\/ORQUESTA-SINFONICA-300x169.jpg 300w, https:\/\/vocesparalelas.com.ar\/sitio\/wp-content\/uploads\/2023\/06\/ORQUESTA-SINFONICA-768x432.jpg 768w\" sizes=\"auto, (max-width: 800px) 100vw, 800px\" \/><figcaption id=\"caption-attachment-59915\" class=\"wp-caption-text\">Orquesta Sinf\u00f3nica de la UNSJ<\/figcaption><\/figure>\n","protected":false},"excerpt":{"rendered":"<p>En el Foyer del Auditorio Ing. Juan Victoria las autoridades de la Facultad de Filosof\u00eda, Humanidades y Artes de la<\/p>\n","protected":false},"author":3,"featured_media":84830,"comment_status":"closed","ping_status":"closed","sticky":false,"template":"","format":"standard","meta":{"_acf_changed":false,"_seopress_robots_primary_cat":"none","_seopress_titles_title":"","_seopress_titles_desc":"","_seopress_robots_index":"","colormag_page_container_layout":"default_layout","colormag_page_sidebar_layout":"default_layout","footnotes":""},"categories":[20,7],"tags":[],"class_list":["post-84827","post","type-post","status-publish","format-standard","has-post-thumbnail","hentry","category-cartelera","category-videos"],"acf":[],"_links":{"self":[{"href":"https:\/\/vocesparalelas.com.ar\/sitio\/wp-json\/wp\/v2\/posts\/84827","targetHints":{"allow":["GET"]}}],"collection":[{"href":"https:\/\/vocesparalelas.com.ar\/sitio\/wp-json\/wp\/v2\/posts"}],"about":[{"href":"https:\/\/vocesparalelas.com.ar\/sitio\/wp-json\/wp\/v2\/types\/post"}],"author":[{"embeddable":true,"href":"https:\/\/vocesparalelas.com.ar\/sitio\/wp-json\/wp\/v2\/users\/3"}],"replies":[{"embeddable":true,"href":"https:\/\/vocesparalelas.com.ar\/sitio\/wp-json\/wp\/v2\/comments?post=84827"}],"version-history":[{"count":5,"href":"https:\/\/vocesparalelas.com.ar\/sitio\/wp-json\/wp\/v2\/posts\/84827\/revisions"}],"predecessor-version":[{"id":84841,"href":"https:\/\/vocesparalelas.com.ar\/sitio\/wp-json\/wp\/v2\/posts\/84827\/revisions\/84841"}],"wp:featuredmedia":[{"embeddable":true,"href":"https:\/\/vocesparalelas.com.ar\/sitio\/wp-json\/wp\/v2\/media\/84830"}],"wp:attachment":[{"href":"https:\/\/vocesparalelas.com.ar\/sitio\/wp-json\/wp\/v2\/media?parent=84827"}],"wp:term":[{"taxonomy":"category","embeddable":true,"href":"https:\/\/vocesparalelas.com.ar\/sitio\/wp-json\/wp\/v2\/categories?post=84827"},{"taxonomy":"post_tag","embeddable":true,"href":"https:\/\/vocesparalelas.com.ar\/sitio\/wp-json\/wp\/v2\/tags?post=84827"}],"curies":[{"name":"wp","href":"https:\/\/api.w.org\/{rel}","templated":true}]}}