{"id":84792,"date":"2025-04-08T00:37:37","date_gmt":"2025-04-08T03:37:37","guid":{"rendered":"https:\/\/vocesparalelas.com.ar\/sitio\/?p=84792"},"modified":"2025-04-08T21:44:44","modified_gmt":"2025-04-09T00:44:44","slug":"el-gobierno-de-san-juan-ofrece-a-los-docentes-una-propuesta-superadora-a-la-anterior","status":"publish","type":"post","link":"https:\/\/vocesparalelas.com.ar\/sitio\/el-gobierno-de-san-juan-ofrece-a-los-docentes-una-propuesta-superadora-a-la-anterior\/","title":{"rendered":"El Gobierno de San Juan ofrece a los Docentes una propuesta superadora a la anterior"},"content":{"rendered":"<p>En la ciudad de San Juan, el Lunes 07 de Abril de 2025, a las 17.30 hs; se reanudo la Reuni\u00f3n de Conciliaci\u00f3n Obligaci\u00f3n con la presencia del Subsecretario de Trabajo de la Provincia de San Juan Dr. Franco Marchese, el Secretario General de la Gobernaci\u00f3n, Lic. Emilio Achem,; el Ministro de Econom\u00eda, Finanzas y Hacienda, CPN Roberto Guti\u00e9rrez y dem\u00e1s funcionarios con los Secretario Generales de los Gremios Docentes de San Juan UDAP, UDA y AMET.<\/p>\n<p>Abierto el acto por el funcionario actuante, cede la palabra al Gobierno quien de acuerdo a lo acordado en la reuni\u00f3n anterior y habiendo informado el Ministro de Econom\u00eda, Finanzas y Hacienda, CPN Roberto Guti\u00e9rrez, quien explic\u00f3 la situaci\u00f3n actual que atraviesa la provincia, como los ingresos provenientes de Coparticipaci\u00f3n Federal como as\u00ed tambi\u00e9n las proyecciones futuras no muy alentadoras lo que deviene en la imposibilidad de contemplar aumentos salariales que no pueden ser afrontados y sostenibles en el tiempo.<\/p>\n<p>Realiza una nueva propuesta superadora con relaci\u00f3n a los meses de Febrero y de Marzo 2025 consistente en sumar 8 puntos totales a todos los cargos del nomenclador docente, procediendo a reliquidar el mes de Marzo de 2025 y acreditar los valores resultantes con el mes de Abril 2025 y la inmediata apertura de las paritarias para acordar los salario del mes de Abril dejando claro que es intenci\u00f3n lograr un acuerdo para todo el a\u00f1o 2025.<\/p>\n<p>Se aclara que esta propuesta implica el m\u00e1ximo esfuerzo posible del Gobierno, teniendo en cuenta la l\u00ednea solicitada en reuniones anteriores por la parte Sindical, otorgando aumentos remunerativos a los docentes.<\/p>\n<p>Acto seguido se le cede la palabra al Sindicato de UDAP quien expresa que dado que la propuesta de blanquear los 100.000 pesos bajo la forma de E66 o Conectividad no ha sido receptada por el Gobierno de modo suficiente seg\u00fan lo debatido y facultado por el plenario de UDAP; visto que el gobierno ha formulado su propuesta ultima consistente en un incremento de 8 incremento de 8 puntos, a todos los cargos del nomenclador docente, lo cual resulta insuficiente.<\/p>\n<p>Atento a ello, UDAP fija la siguiente posici\u00f3n: pide un cuarto intermedio para el 11 de Abril del 2025 con el objeto de recabar mandatos para que los docentes opten por el incremento de 8 puntos a todos los cargos del nomenclador docente o los 100.000 pesos pagaderos por \u00fanica vez no remunerativos.<\/p>\n<p>Se entiende que la propuesta del Gobierno contiene el no descuento del d\u00eda de huelga, UDAP expresa finalmente que el 11 de abril traer\u00e1 el mandato mayoritario con el objetivo de acordar en esta conciliaci\u00f3n obligatoria a partir del mismo.<\/p>\n<p>Acto seguido toma la palabra AMET quien expresa que independientemente de pedir el cuarto intermedio para el 11 de Abril ambos deja constancia que 1\u00ba tiene mandato de sus afiliados de rechazar el pago por \u00fanica vez para la recomposici\u00f3n del salario del mes de Febrero y Marzo de un bono de 100.000 pesos no remunerativos ni bonificables, en segundo lugar en relaci\u00f3n a la propuesta de la patronal la rechaza en funci\u00f3n de<\/p>\n<p>A) por comprender una reparaci\u00f3n solo del mes de marzo cuando debiera comprender una recomposici\u00f3n de los meses de febrero y marzo que es el objeto de esta conciliaci\u00f3n obligatoria.<\/p>\n<p>B) Por no distribuir la masa de 2000 millones de pesos aproximadamente en el item E66 y Conectividad San Juan.<\/p>\n<p>Luego toma la palabra la UDA quien manifiesta que luego de una extensa y compleja reuni\u00f3n ha tomado la decisi\u00f3n de considerar aceptable esta nueva propuesta mandato mediante, ya que la misma permite lograr que se incorporen 8 puntos en todos los cargos del escalaf\u00f3n docente (A01), lo cual ha sido una demanda hist\u00f3rica de la docencia; por lo cual si bien no se puede decir que esta sea la \u00f3ptima propuesta esperada pero no se puede negar que representa un avance, aunque limitado.<\/p>\n<p>Cabe aclarar que sus bases ya hab\u00edan dejado en claro su desacuerdo a que se otorgar Uni\u00f3n Docentes Argentinos sumas en negro.<\/p>\n<p>Ante esto UDA sostiene que debe quedar en claro que la UDA mocion\u00f3 someter a votaci\u00f3n la propuesta ante su aceptaci\u00f3n dado que los otros dos sindicatos plantearon posturas distintas a las suyas.<\/p>\n<p>Y ante esto se produjo la negativa del Gobierno a votar, lo cual coloc\u00f3 a esta entidad sindical en la obligaci\u00f3n absurda de bajar a las bases la misma propuesta que ya fue anteriormente rechazada, raz\u00f3n por la cual tambi\u00e9n acepta pasar al cuarto intermedio solicitado.<\/p>\n<p>Ante la manifestaci\u00f3n efectuada en el p\u00e1rrafo anterior por UDA el Gobierno aclara como proponente no debe emitir voto alguno respecto de la aceptaci\u00f3n o rechazo de su propia oferta entendi\u00e9ndose que en esta conciliaci\u00f3n obligatoria los 3 sindicatos forman una sola parte y el Gobierno la otra.<\/p>\n<p>O\u00eddas las partes, la Autoridad Laboral RESUELVE:<\/p>\n<p>I)-Tener presente lo manifestado por las partes.<\/p>\n<p>II)-Fijar fecha de audiencia para el Viernes, 11 de Abril de 2025 a las 16 hs.<\/p>\n<p>III)-Quedan las partes debidamente notificadas. No siendo para m\u00e1s, se da por concluido el acto, firmando los comparecientes de total conformidad, previa lectura y ratificaci\u00f3n por ante m\u00ed que certifico.<\/p>\n<p>&nbsp;<\/p>\n<p><img loading=\"lazy\" decoding=\"async\" class=\"alignnone size-full wp-image-28629\" src=\"https:\/\/vocesparalelas.com.ar\/sitio\/wp-content\/uploads\/2020\/05\/MINISTERIO-EDUCACION-SJ.jpg\" alt=\"\" width=\"800\" height=\"533\" srcset=\"https:\/\/vocesparalelas.com.ar\/sitio\/wp-content\/uploads\/2020\/05\/MINISTERIO-EDUCACION-SJ.jpg 800w, https:\/\/vocesparalelas.com.ar\/sitio\/wp-content\/uploads\/2020\/05\/MINISTERIO-EDUCACION-SJ-300x200.jpg 300w, https:\/\/vocesparalelas.com.ar\/sitio\/wp-content\/uploads\/2020\/05\/MINISTERIO-EDUCACION-SJ-768x512.jpg 768w\" sizes=\"auto, (max-width: 800px) 100vw, 800px\" \/><\/p>\n<p>&nbsp;<\/p>\n<p>&nbsp;<\/p>\n","protected":false},"excerpt":{"rendered":"<p>En la ciudad de San Juan, el Lunes 07 de Abril de 2025, a las 17.30 hs; se reanudo la<\/p>\n","protected":false},"author":3,"featured_media":65642,"comment_status":"closed","ping_status":"closed","sticky":false,"template":"","format":"standard","meta":{"_acf_changed":false,"_seopress_robots_primary_cat":"none","_seopress_titles_title":"","_seopress_titles_desc":"","_seopress_robots_index":"","colormag_page_container_layout":"default_layout","colormag_page_sidebar_layout":"default_layout","footnotes":""},"categories":[5],"tags":[],"class_list":["post-84792","post","type-post","status-publish","format-standard","has-post-thumbnail","hentry","category-ofrecimientos"],"acf":[],"_links":{"self":[{"href":"https:\/\/vocesparalelas.com.ar\/sitio\/wp-json\/wp\/v2\/posts\/84792","targetHints":{"allow":["GET"]}}],"collection":[{"href":"https:\/\/vocesparalelas.com.ar\/sitio\/wp-json\/wp\/v2\/posts"}],"about":[{"href":"https:\/\/vocesparalelas.com.ar\/sitio\/wp-json\/wp\/v2\/types\/post"}],"author":[{"embeddable":true,"href":"https:\/\/vocesparalelas.com.ar\/sitio\/wp-json\/wp\/v2\/users\/3"}],"replies":[{"embeddable":true,"href":"https:\/\/vocesparalelas.com.ar\/sitio\/wp-json\/wp\/v2\/comments?post=84792"}],"version-history":[{"count":1,"href":"https:\/\/vocesparalelas.com.ar\/sitio\/wp-json\/wp\/v2\/posts\/84792\/revisions"}],"predecessor-version":[{"id":84795,"href":"https:\/\/vocesparalelas.com.ar\/sitio\/wp-json\/wp\/v2\/posts\/84792\/revisions\/84795"}],"wp:featuredmedia":[{"embeddable":true,"href":"https:\/\/vocesparalelas.com.ar\/sitio\/wp-json\/wp\/v2\/media\/65642"}],"wp:attachment":[{"href":"https:\/\/vocesparalelas.com.ar\/sitio\/wp-json\/wp\/v2\/media?parent=84792"}],"wp:term":[{"taxonomy":"category","embeddable":true,"href":"https:\/\/vocesparalelas.com.ar\/sitio\/wp-json\/wp\/v2\/categories?post=84792"},{"taxonomy":"post_tag","embeddable":true,"href":"https:\/\/vocesparalelas.com.ar\/sitio\/wp-json\/wp\/v2\/tags?post=84792"}],"curies":[{"name":"wp","href":"https:\/\/api.w.org\/{rel}","templated":true}]}}