{"id":84774,"date":"2025-04-07T20:26:28","date_gmt":"2025-04-07T23:26:28","guid":{"rendered":"https:\/\/vocesparalelas.com.ar\/sitio\/?p=84774"},"modified":"2025-04-07T20:26:28","modified_gmt":"2025-04-07T23:26:28","slug":"inicio-del-ciclo-lectivo-2025-en-el-instituto-de-formacion-policial-de-san-juan","status":"publish","type":"post","link":"https:\/\/vocesparalelas.com.ar\/sitio\/inicio-del-ciclo-lectivo-2025-en-el-instituto-de-formacion-policial-de-san-juan\/","title":{"rendered":"Inicio del \u00abCiclo Lectivo 2025\u00bb en el Instituto de Formaci\u00f3n Policial de San Juan"},"content":{"rendered":"<p>El Lunes, 7 de Abril, se desarroll\u00f3 el acto de inicio del \u00abCiclo Lectivo 2025\u00bb en el Instituto de Formaci\u00f3n Policial. La capacitaci\u00f3n y la formaci\u00f3n en materia de seguridad de los agentes y futuros integrantes de la fuerza, es una de los ejes trascendentales en la gesti\u00f3n.<\/p>\n<p>La ceremonia se desarroll\u00f3 en el Patio de Armas del Instituto de Formaci\u00f3n Policial. Las autoridades presentes destacaron la importancia de asumir esta etapa con disciplina, dedicaci\u00f3n y respeto por los valores que rigen la funci\u00f3n p\u00fablica.<\/p>\n<p>El secretario de Seguridad y Orden P\u00fablico del Gobierno de San Juan, Dr. Enrique Delgado destac\u00f3 que \u00abla responsabilidad del servicio y la pertenencia, como elementos fundamentales en la etapa de formaci\u00f3n. El Estado es el contacto directo con el ciudadano, y cada d\u00eda nos exigir\u00e1 m\u00e1s, por eso es importante este lugar donde comienza la preparaci\u00f3n, esta es la cuna de la capacitaci\u00f3n, ac\u00e1 se forma el Polic\u00eda y obtiene las herramientas para poder ejercer eficazmente su rol con el ciudadano\u201d.<\/p>\n<p>Luego, el jefe de la Polic\u00eda de San Juan, N\u00e9stor \u00c1lvarez, coment\u00f3 que \u201cla tarea del polic\u00eda no es com\u00fan, se necesita de mucho compromiso y vocaci\u00f3n de Servicio, adem\u00e1s del trabajo en equipo que es la \u00fanica manera de alcanzar objetivos juntos. Recuerdo una charla con efectivos policiales retirados. Ellos me manifestaron que su vida en la actividad policial fueron los mejores a\u00f1os de su vida, que todav\u00eda sent\u00edan la pasi\u00f3n y ganas de seguir prestando servicios, esto es lo que quiero transmitir a ustedes, poner todo de s\u00ed para cumplir con nuestra misi\u00f3n de proteger la comunidad\u201d.<\/p>\n<p>Seguidamente, el jefe del D6, Antonio Salinas remarc\u00f3 que \u201csi trabajamos con esp\u00edritu de cuerpo, armando equipos podemos llegar muy lejos, adem\u00e1s si sumamos el apoyo de la familia como siempre tenemos, podremos concretar muchos objetivos\u201d. \u201cTenemos que confiar en nuestro trabajo en equipo con el objetivo de obtener buenos resultados\u201d concluy\u00f3 Salinas.<\/p>\n<p>De la actividad tambi\u00e9n participaron la subsecretaria de Seguridad, Dra. Sandra Chamorro; subjefe de Polic\u00eda, Diego Morales; subdirector a cargo de la Direcci\u00f3n del SPP, Carlos Su\u00e1rez; integrantes de la Plana Mayor, de la Academia de Formaci\u00f3n y el Capell\u00e1n Gabriel Aciar.<\/p>\n<p><img loading=\"lazy\" decoding=\"async\" class=\"alignnone size-full wp-image-59001\" src=\"https:\/\/vocesparalelas.com.ar\/sitio\/wp-content\/uploads\/2023\/05\/POLICIA-LOGO.jpg\" alt=\"\" width=\"800\" height=\"600\" srcset=\"https:\/\/vocesparalelas.com.ar\/sitio\/wp-content\/uploads\/2023\/05\/POLICIA-LOGO.jpg 800w, https:\/\/vocesparalelas.com.ar\/sitio\/wp-content\/uploads\/2023\/05\/POLICIA-LOGO-300x225.jpg 300w, https:\/\/vocesparalelas.com.ar\/sitio\/wp-content\/uploads\/2023\/05\/POLICIA-LOGO-768x576.jpg 768w\" sizes=\"auto, (max-width: 800px) 100vw, 800px\" \/><\/p>\n","protected":false},"excerpt":{"rendered":"<p>El Lunes, 7 de Abril, se desarroll\u00f3 el acto de inicio del \u00abCiclo Lectivo 2025\u00bb en el Instituto de Formaci\u00f3n<\/p>\n","protected":false},"author":3,"featured_media":75966,"comment_status":"closed","ping_status":"closed","sticky":false,"template":"","format":"standard","meta":{"_acf_changed":false,"_seopress_robots_primary_cat":"none","_seopress_titles_title":"","_seopress_titles_desc":"","_seopress_robots_index":"","colormag_page_container_layout":"default_layout","colormag_page_sidebar_layout":"default_layout","footnotes":""},"categories":[1],"tags":[],"class_list":["post-84774","post","type-post","status-publish","format-standard","has-post-thumbnail","hentry","category-destacadas"],"acf":[],"_links":{"self":[{"href":"https:\/\/vocesparalelas.com.ar\/sitio\/wp-json\/wp\/v2\/posts\/84774","targetHints":{"allow":["GET"]}}],"collection":[{"href":"https:\/\/vocesparalelas.com.ar\/sitio\/wp-json\/wp\/v2\/posts"}],"about":[{"href":"https:\/\/vocesparalelas.com.ar\/sitio\/wp-json\/wp\/v2\/types\/post"}],"author":[{"embeddable":true,"href":"https:\/\/vocesparalelas.com.ar\/sitio\/wp-json\/wp\/v2\/users\/3"}],"replies":[{"embeddable":true,"href":"https:\/\/vocesparalelas.com.ar\/sitio\/wp-json\/wp\/v2\/comments?post=84774"}],"version-history":[{"count":1,"href":"https:\/\/vocesparalelas.com.ar\/sitio\/wp-json\/wp\/v2\/posts\/84774\/revisions"}],"predecessor-version":[{"id":84777,"href":"https:\/\/vocesparalelas.com.ar\/sitio\/wp-json\/wp\/v2\/posts\/84774\/revisions\/84777"}],"wp:featuredmedia":[{"embeddable":true,"href":"https:\/\/vocesparalelas.com.ar\/sitio\/wp-json\/wp\/v2\/media\/75966"}],"wp:attachment":[{"href":"https:\/\/vocesparalelas.com.ar\/sitio\/wp-json\/wp\/v2\/media?parent=84774"}],"wp:term":[{"taxonomy":"category","embeddable":true,"href":"https:\/\/vocesparalelas.com.ar\/sitio\/wp-json\/wp\/v2\/categories?post=84774"},{"taxonomy":"post_tag","embeddable":true,"href":"https:\/\/vocesparalelas.com.ar\/sitio\/wp-json\/wp\/v2\/tags?post=84774"}],"curies":[{"name":"wp","href":"https:\/\/api.w.org\/{rel}","templated":true}]}}