{"id":84770,"date":"2025-04-07T20:15:38","date_gmt":"2025-04-07T23:15:38","guid":{"rendered":"https:\/\/vocesparalelas.com.ar\/sitio\/?p=84770"},"modified":"2025-04-08T21:43:17","modified_gmt":"2025-04-09T00:43:17","slug":"convocan-bailarines-de-san-juan-para-formar-parte-de-la-gala-patria-de-25-de-mayo-2025","status":"publish","type":"post","link":"https:\/\/vocesparalelas.com.ar\/sitio\/convocan-bailarines-de-san-juan-para-formar-parte-de-la-gala-patria-de-25-de-mayo-2025\/","title":{"rendered":"Convocan bailarines de San Juan para formar parte de la \u00abGala Patria de 25 de Mayo\u00bb 2025"},"content":{"rendered":"<p>El Ministerio de Turismo, Cultura y Deporte del Gobierno de San Juan, convoca a bailarines con s\u00f3lida experiencia en Folclore, contempor\u00e1neo y Malambo a participar de la audici\u00f3n abierta para formar parte de la conmemoraci\u00f3n de la \u00abGala Patria del 25 de Mayo 2025\u00bb.<\/p>\n<p>Las inscripciones est\u00e1n abiertas desde el 7 hasta el 11 de Abril.<\/p>\n<p>En la audici\u00f3n, se seleccionan 16 parejas para ser parte del cuerpo oficial de baile y est\u00e1 a cargo de los directores coreogr\u00e1ficos Juan Peletier, Florencia Tejada y Victoria Balanza con sus respectivos asistentes.<\/p>\n<p>La puesta en escena se desarrolla el S\u00e1bado, 24 y el Domingo, 25 de Mayo, en el Teatro del Bicentenario.<\/p>\n<p><strong><span style=\"color: #0000ff;\">Requisitos para participar de la audici\u00f3n<\/span><\/strong><\/p>\n<ul>\n<li>Ser mayor de edad (18 a\u00f1os),<\/li>\n<li>Estar radicado en la provincia de San Juan,<\/li>\n<li>Tener una s\u00f3lida formaci\u00f3n y experiencia en las danzas Folclore, Contempor\u00e1neo y Malambo.<\/li>\n<li>Tener disponibilidad horaria para los ensayos de lunes a viernes, de 14:00 a 19:00, a partir del lunes 28 de abril, hasta la fecha de presentaciones de la Gala Patria.<\/li>\n<\/ul>\n<p><strong><span style=\"color: #0000ff;\">Los interesados deben inscribirse completando el formulario, hasta el 11 de Abril<\/span><\/strong><\/p>\n<p><a href=\"https:\/\/docs.google.com\/forms\/d\/e\/1FAIpQLScnqnsGIgWhOYdINN6L8hCGgX8ATfFC1ZWzH-vZGGZYthmADQ\/viewform\">https:\/\/docs.google.com\/forms\/d\/e\/1FAIpQLScnqnsGIgWhOYdINN6L8hCGgX8ATfFC1ZWzH-vZGGZYthmADQ\/viewform<\/a><\/p>\n<p>La audici\u00f3n es el Martes, 15 de Abril, en horario y lugar que se confirma v\u00eda email<\/p>\n<p><strong><span style=\"color: #0000ff;\">Para m\u00e1s informaci\u00f3n<\/span><\/strong><\/p>\n<p><span id=\"cloak067fee56f0b3ed2ca8d98b0d9ba4967a\"><a href=\"mailto:artesescenicassanjuan@gmail.com\">artesescenicassanjuan@gmail.com<\/a><\/span><\/p>\n<p>&nbsp;<\/p>\n<figure id=\"attachment_59510\" aria-describedby=\"caption-attachment-59510\" style=\"width: 800px\" class=\"wp-caption alignnone\"><img loading=\"lazy\" decoding=\"async\" class=\"size-full wp-image-59510\" src=\"https:\/\/vocesparalelas.com.ar\/sitio\/wp-content\/uploads\/2023\/05\/TB-PATRIO.jpg\" alt=\"\" width=\"800\" height=\"534\" srcset=\"https:\/\/vocesparalelas.com.ar\/sitio\/wp-content\/uploads\/2023\/05\/TB-PATRIO.jpg 800w, https:\/\/vocesparalelas.com.ar\/sitio\/wp-content\/uploads\/2023\/05\/TB-PATRIO-300x200.jpg 300w, https:\/\/vocesparalelas.com.ar\/sitio\/wp-content\/uploads\/2023\/05\/TB-PATRIO-768x513.jpg 768w\" sizes=\"auto, (max-width: 800px) 100vw, 800px\" \/><figcaption id=\"caption-attachment-59510\" class=\"wp-caption-text\">Teatro Bicentenario en la Provincia de San Juan, Rep\u00fablica Argentina<\/figcaption><\/figure>\n","protected":false},"excerpt":{"rendered":"<p>El Ministerio de Turismo, Cultura y Deporte del Gobierno de San Juan, convoca a bailarines con s\u00f3lida experiencia en Folclore,<\/p>\n","protected":false},"author":3,"featured_media":14856,"comment_status":"closed","ping_status":"closed","sticky":false,"template":"","format":"standard","meta":{"_acf_changed":false,"_seopress_robots_primary_cat":"none","_seopress_titles_title":"","_seopress_titles_desc":"","_seopress_robots_index":"","colormag_page_container_layout":"default_layout","colormag_page_sidebar_layout":"default_layout","footnotes":""},"categories":[8],"tags":[],"class_list":["post-84770","post","type-post","status-publish","format-standard","has-post-thumbnail","hentry","category-concursos"],"acf":[],"_links":{"self":[{"href":"https:\/\/vocesparalelas.com.ar\/sitio\/wp-json\/wp\/v2\/posts\/84770","targetHints":{"allow":["GET"]}}],"collection":[{"href":"https:\/\/vocesparalelas.com.ar\/sitio\/wp-json\/wp\/v2\/posts"}],"about":[{"href":"https:\/\/vocesparalelas.com.ar\/sitio\/wp-json\/wp\/v2\/types\/post"}],"author":[{"embeddable":true,"href":"https:\/\/vocesparalelas.com.ar\/sitio\/wp-json\/wp\/v2\/users\/3"}],"replies":[{"embeddable":true,"href":"https:\/\/vocesparalelas.com.ar\/sitio\/wp-json\/wp\/v2\/comments?post=84770"}],"version-history":[{"count":1,"href":"https:\/\/vocesparalelas.com.ar\/sitio\/wp-json\/wp\/v2\/posts\/84770\/revisions"}],"predecessor-version":[{"id":84773,"href":"https:\/\/vocesparalelas.com.ar\/sitio\/wp-json\/wp\/v2\/posts\/84770\/revisions\/84773"}],"wp:featuredmedia":[{"embeddable":true,"href":"https:\/\/vocesparalelas.com.ar\/sitio\/wp-json\/wp\/v2\/media\/14856"}],"wp:attachment":[{"href":"https:\/\/vocesparalelas.com.ar\/sitio\/wp-json\/wp\/v2\/media?parent=84770"}],"wp:term":[{"taxonomy":"category","embeddable":true,"href":"https:\/\/vocesparalelas.com.ar\/sitio\/wp-json\/wp\/v2\/categories?post=84770"},{"taxonomy":"post_tag","embeddable":true,"href":"https:\/\/vocesparalelas.com.ar\/sitio\/wp-json\/wp\/v2\/tags?post=84770"}],"curies":[{"name":"wp","href":"https:\/\/api.w.org\/{rel}","templated":true}]}}