{"id":84765,"date":"2025-04-07T14:09:28","date_gmt":"2025-04-07T17:09:28","guid":{"rendered":"https:\/\/vocesparalelas.com.ar\/sitio\/?p=84765"},"modified":"2025-04-09T00:44:52","modified_gmt":"2025-04-09T03:44:52","slug":"jornada-taller-introduccion-a-la-inteligencia-artificia-en-la-unsj","status":"publish","type":"post","link":"https:\/\/vocesparalelas.com.ar\/sitio\/jornada-taller-introduccion-a-la-inteligencia-artificia-en-la-unsj\/","title":{"rendered":"Jornada Taller \u201cIntroducci\u00f3n a la Inteligencia Artificia\u00bb en la UNSJ"},"content":{"rendered":"<p>El Viernes, 11 de Abril, a las 9 hs.; en el Hall de edificio Central de Rectorado de la Universidad Nacional de San Juan transmitido por Canal de YouTube de SIED UNSJ se desarrolla la Jornada Taller \u201cIntroducci\u00f3n a la Inteligencia Artificia a cargo del Prof. Hugo Orellano, de la FCEFN de la UNSJ.<\/p>\n<p><span style=\"color: #ff6600;\"><strong>Destinatarios<\/strong><\/span><\/p>\n<ul>\n<li>Personal docente<\/li>\n<li>Estudiantes y<\/li>\n<li>P\u00fablico general interesado en la tem\u00e1tica<\/li>\n<\/ul>\n<p><span style=\"color: #ff6600;\"><strong>M\u00e1s Informaci\u00f3n<\/strong><\/span><\/p>\n<p><a href=\"https:\/\/drive.google.com\/file\/d\/1PeJwB0C9Bl2Ymwd-bGvXOrzWxwbuHXpA\/view\">https:\/\/drive.google.com\/file\/d\/1PeJwB0C9Bl2Ymwd-bGvXOrzWxwbuHXpA\/view<\/a><\/p>\n<p><span style=\"color: #ff6600;\"><strong>Cronograma<\/strong><\/span><\/p>\n<ul>\n<li>Primera parte: de 9 a 9.40 ponencia a cargo del Prof. Hugo Orellano, docente del Departamento de Inform\u00e1tica y del Departamento de Geof\u00edsica, Astronom\u00eda y F\u00edsica -FCEFN \u2013 UNSJ<\/li>\n<li>Segunda parte: 9.50 a 11. Conversatorio con los participantes involucrados en el proceso de ense\u00f1anza y aprendizaje.<\/li>\n<\/ul>\n<p><span style=\"color: #ff6600;\"><strong>Contenidos<\/strong><\/span><\/p>\n<ol>\n<li>IA y PLN (Procesamiento de Lenguaje Natural)<\/li>\n<\/ol>\n<ul>\n<li>Resumen: Se abordar\u00e1 el concepto de IA, entendida como la simulaci\u00f3n de procesos de inteligencia humana en sistemas computacionales. El PLN es una rama que permite a las m\u00e1quinas entender y generar lenguaje humano de forma comprensible.<\/li>\n<\/ul>\n<ol start=\"2\">\n<li>LLM (Large Language Models &#8211; Modelos de Lenguaje Grande)<\/li>\n<\/ol>\n<ul>\n<li>Resumen: Los LLM son modelos dise\u00f1ados para procesar y generar texto en lenguaje humano, basados en redes neuronales avanzadas que permiten aprender patrones ling\u00fc\u00edsticos complejos a partir de grandes vol\u00famenes de datos textuales.<\/li>\n<\/ul>\n<ol start=\"3\">\n<li>Chatbots<\/li>\n<\/ol>\n<ul>\n<li>Resumen: Se explicar\u00e1 el funcionamiento de los chatbots, programas que simulan conversaciones humanas. Son herramientas \u00fatiles para atenci\u00f3n al cliente y automatizaci\u00f3n de respuestas en tiempo real, ya sea por texto o voz.<\/li>\n<\/ul>\n<ol start=\"4\">\n<li>Dominio de Informaci\u00f3n \/ Workspace<\/li>\n<\/ol>\n<ul>\n<li>Resumen: Este tema explora c\u00f3mo gestionar y organizar el conocimiento en el espacio de trabajo digital, facilitando el acceso y procesamiento eficiente de la informaci\u00f3n para tareas espec\u00edficas de IA.<\/li>\n<\/ul>\n<ol start=\"5\">\n<li>Prompts<\/li>\n<\/ol>\n<ul>\n<li>Resumen: Se definir\u00e1 qu\u00e9 es un \u00abprompt\u00bb y su rol en la interacci\u00f3n con modelos de IA, compar\u00e1ndolo con instrucciones que se dan para obtener respuestas precisas. Se abordar\u00e1 la ingenier\u00eda de prompts, esencial para generar salidas relevantes en los sistemas.<\/li>\n<\/ul>\n<ol start=\"6\">\n<li>T\u00e9cnica de RAG (Retrieval Augmented Generation)<\/li>\n<\/ol>\n<ul>\n<li>Resumen: Se explicar\u00e1 la t\u00e9cnica RAG, que combina recuperaci\u00f3n de informaci\u00f3n con generaci\u00f3n de contenido. Esta metodolog\u00eda mejora la capacidad de los modelos para proporcionar respuestas m\u00e1s precisas y contextualizadas.<\/li>\n<\/ul>\n<ol start=\"7\">\n<li>Herramientas<\/li>\n<\/ol>\n<ul>\n<li>Resumen: En este punto se presentar\u00e1n herramientas populares utilizadas en IA y PLN, como ChatGPT, Perplexity, Poe, NotebookLM y m\u00e1s. Se mostrar\u00e1 c\u00f3mo estas herramientas facilitan el acceso y el trabajo con modelos de lenguaje y datos.<\/li>\n<\/ul>\n<ol start=\"8\">\n<li>Ventajas y Desventajas del Uso de IA<\/li>\n<\/ol>\n<ul>\n<li>Resumen: Se discutir\u00e1n las ventajas de la IA en educaci\u00f3n, como la disponibilidad 24\/7, la personalizaci\u00f3n del aprendizaje y la recopilaci\u00f3n de datos. Tambi\u00e9n se tratar\u00e1n las desventajas, como la dependencia de la tecnolog\u00eda y los problemas de privacidad.<\/li>\n<\/ul>\n<ol start=\"9\">\n<li>Propuesta de An\u00e1lisis<\/li>\n<\/ol>\n<ul>\n<li>Resumen: Se presentar\u00e1n propuestas de an\u00e1lisis para integrar la IA en diferentes \u00e1reas, como la pedag\u00f3gica, t\u00e9cnica, de investigaci\u00f3n y evaluaci\u00f3n. Tambi\u00e9n se tratar\u00e1n temas como la actualizaci\u00f3n curricular, recursos humanos y el impacto en las instituciones.<\/li>\n<\/ul>\n<p>Modalidad: formato h\u00edbrido, transmitido por canal de YouTube de SIED UNSJ.<\/p>\n<p>Formas de participaci\u00f3n: Asistente- Expositor de experiencia con IA<\/p>\n<p><span style=\"color: #ff6600;\"><strong>Inscripci\u00f3n<\/strong><\/span><\/p>\n<p>Hasta el 10 de Abril<\/p>\n<p><a href=\"https:\/\/forms.gle\/bCrcLD6zdGvmqHaQ8\">https:\/\/forms.gle\/bCrcLD6zdGvmqHaQ8<\/a><\/p>\n<p><span style=\"color: #ff6600;\"><strong>Organiza<\/strong><\/span><\/p>\n<ul>\n<li>Secretar\u00eda Acad\u00e9mica y AED UNSJ del Plan VES 4, en el marco del Ciclo de Formaci\u00f3n \u201cInteligencia Artificial en Educaci\u00f3n\u201d<\/li>\n<\/ul>\n<p><img loading=\"lazy\" decoding=\"async\" class=\"alignnone size-full wp-image-79515\" src=\"https:\/\/vocesparalelas.com.ar\/sitio\/wp-content\/uploads\/2024\/11\/UNSJ-LOGO-01.jpg\" alt=\"\" width=\"800\" height=\"459\" srcset=\"https:\/\/vocesparalelas.com.ar\/sitio\/wp-content\/uploads\/2024\/11\/UNSJ-LOGO-01.jpg 800w, https:\/\/vocesparalelas.com.ar\/sitio\/wp-content\/uploads\/2024\/11\/UNSJ-LOGO-01-300x172.jpg 300w, https:\/\/vocesparalelas.com.ar\/sitio\/wp-content\/uploads\/2024\/11\/UNSJ-LOGO-01-768x441.jpg 768w\" sizes=\"auto, (max-width: 800px) 100vw, 800px\" \/><\/p>\n","protected":false},"excerpt":{"rendered":"<p>El Viernes, 11 de Abril, a las 9 hs.; en el Hall de edificio Central de Rectorado de la Universidad<\/p>\n","protected":false},"author":3,"featured_media":24712,"comment_status":"closed","ping_status":"closed","sticky":false,"template":"","format":"standard","meta":{"_acf_changed":false,"_seopress_robots_primary_cat":"none","_seopress_titles_title":"","_seopress_titles_desc":"","_seopress_robots_index":"","colormag_page_container_layout":"default_layout","colormag_page_sidebar_layout":"default_layout","footnotes":""},"categories":[9],"tags":[],"class_list":["post-84765","post","type-post","status-publish","format-standard","has-post-thumbnail","hentry","category-cursos"],"acf":[],"_links":{"self":[{"href":"https:\/\/vocesparalelas.com.ar\/sitio\/wp-json\/wp\/v2\/posts\/84765","targetHints":{"allow":["GET"]}}],"collection":[{"href":"https:\/\/vocesparalelas.com.ar\/sitio\/wp-json\/wp\/v2\/posts"}],"about":[{"href":"https:\/\/vocesparalelas.com.ar\/sitio\/wp-json\/wp\/v2\/types\/post"}],"author":[{"embeddable":true,"href":"https:\/\/vocesparalelas.com.ar\/sitio\/wp-json\/wp\/v2\/users\/3"}],"replies":[{"embeddable":true,"href":"https:\/\/vocesparalelas.com.ar\/sitio\/wp-json\/wp\/v2\/comments?post=84765"}],"version-history":[{"count":1,"href":"https:\/\/vocesparalelas.com.ar\/sitio\/wp-json\/wp\/v2\/posts\/84765\/revisions"}],"predecessor-version":[{"id":84768,"href":"https:\/\/vocesparalelas.com.ar\/sitio\/wp-json\/wp\/v2\/posts\/84765\/revisions\/84768"}],"wp:featuredmedia":[{"embeddable":true,"href":"https:\/\/vocesparalelas.com.ar\/sitio\/wp-json\/wp\/v2\/media\/24712"}],"wp:attachment":[{"href":"https:\/\/vocesparalelas.com.ar\/sitio\/wp-json\/wp\/v2\/media?parent=84765"}],"wp:term":[{"taxonomy":"category","embeddable":true,"href":"https:\/\/vocesparalelas.com.ar\/sitio\/wp-json\/wp\/v2\/categories?post=84765"},{"taxonomy":"post_tag","embeddable":true,"href":"https:\/\/vocesparalelas.com.ar\/sitio\/wp-json\/wp\/v2\/tags?post=84765"}],"curies":[{"name":"wp","href":"https:\/\/api.w.org\/{rel}","templated":true}]}}