{"id":84758,"date":"2025-04-07T13:29:07","date_gmt":"2025-04-07T16:29:07","guid":{"rendered":"https:\/\/vocesparalelas.com.ar\/sitio\/?p=84758"},"modified":"2025-04-08T21:45:42","modified_gmt":"2025-04-09T00:45:42","slug":"se-fortalece-el-servicio-de-salud-en-el-hospital-san-roque-departamento-jachal-en-san-juan","status":"publish","type":"post","link":"https:\/\/vocesparalelas.com.ar\/sitio\/se-fortalece-el-servicio-de-salud-en-el-hospital-san-roque-departamento-jachal-en-san-juan\/","title":{"rendered":"Se fortalece el servicio de salud en el Hospital San Roque, Departamento J\u00e1chal en San Juan"},"content":{"rendered":"<p>En un hecho hist\u00f3rico, el gobernador de San Juan, Dr. Marcelo Orrego presidi\u00f3 la inauguraci\u00f3n de tres obras fundamentales para el fortalecimiento del sistema de salud en el Hospital San Roque, Departamento J\u00e1chal,<\/p>\n<ul>\n<li>Maternidad<\/li>\n<li>Unidad de Oncolog\u00eda para Adultos<\/li>\n<li>Transformaci\u00f3n digital del Servicio de Diagn\u00f3stico por Im\u00e1genes<\/li>\n<\/ul>\n<p>Estos avances permiten descentralizar servicios, mejorar el acceso a la salud y elevar la calidad de atenci\u00f3n para los habitantes de los departamentos de J\u00e1chal, Iglesia y zonas aleda\u00f1as.<\/p>\n<p>Acompa\u00f1aron al gobernador, el intendente de la Municipalidad de J\u00e1chal, Dr. Mat\u00edas Espejo; el ministro de Salud, Dr. Amilcar Dobladez, jefa de Zona Sanitaria 3, Dra. Ivonne Garc\u00eda; director del Hospital San Roque, Dr. Carlos P\u00e1ez, directora de Maternidad e Infancia, Dra. Lenka Dumandzic, dem\u00e1s funcionarios provinciales.<\/p>\n<p>En este contexto, el gobernado de San Juan, Dr. Marcelo Orrego subray\u00f3 que \u00abel Hospital San Roque es el tercero m\u00e1s grande de la provincia y el primero en cuanto a la regi\u00f3n, hace un trabajo magn\u00edfico. Hoy tenemos la oportunidad de inaugurar dos unidades. Una de ellas est\u00e1 vinculada a algo muy tierno: la posibilidad de que una mam\u00e1 no tenga que viajar 200 kil\u00f3metros, sino que pueda ser atendida aqu\u00ed, cerca de su familia\u201d.<\/p>\n<p>\u201cRecorro la provincia desde hace mucho tiempo, y lo que siempre hago es escuchar. Siempre digo que no soy el pol\u00edtico que m\u00e1s sabe, pero s\u00ed creo que soy de los que m\u00e1s aprendi\u00f3, porque s\u00e9 escuchar. Ya en 2019, cuando fui candidato a gobernador, me contaban estas necesidades, y en 2023, cuando la gente me dio su confianza, sent\u00ed el compromiso de convertir las ideas en acci\u00f3n. Eso es la pol\u00edtica: hacer todos los d\u00edas, transformar los proyectos en realidad\u201d.<\/p>\n<p>\u201cTambi\u00e9n inauguramos una unidad de oncolog\u00eda, dedicada a una de las enfermedades m\u00e1s dolorosas. Lo s\u00e9 bien: perd\u00ed a mis dos padres por este tipo de enfermedades. Conozco, desde adentro, lo que significa para una familia contar con atenci\u00f3n cercana y de calidad. Por eso es fundamental esta unidad, porque tiene que ver con la sensibilidad y con brindar acceso a muchas mujeres que la necesitan\u201d.<\/p>\n<p>\u201cDebo reconocer al ministro, no solo por su vocaci\u00f3n por hacer, sino tambi\u00e9n por la inspiraci\u00f3n que tuvo al generar estos proyectos, que hoy son una realidad. Los vamos a llevar adelante con lo mejor que tiene este hospital. Porque s\u00ed, tenemos muchos recursos materiales valiosos, pero lo m\u00e1s importante de este hospital, y doy fe de ello, son sus recursos humanos. La calidad humana de quienes trabajan aqu\u00ed es lo que marca la diferencia\u201d &#8211; sintetiz\u00f3 el el gobernado de San Juan, Dr. Marcelo Orrego.<\/p>\n<p><iframe loading=\"lazy\" title=\"SAN JUAN HOSPITAL SAN ROQUE DEPARTAMENTO JACHAL\" width=\"800\" height=\"450\" src=\"https:\/\/www.youtube.com\/embed\/e7HRDn06aN4?feature=oembed\" frameborder=\"0\" allow=\"accelerometer; autoplay; clipboard-write; encrypted-media; gyroscope; picture-in-picture; web-share\" referrerpolicy=\"strict-origin-when-cross-origin\" allowfullscreen><\/iframe><\/p>\n<p><strong><span style=\"color: #ff0000;\">Atenci\u00f3n integral con calidad y cercan\u00eda<\/span><\/strong><\/p>\n<p>Con la apertura de la nueva Unidad de Oncolog\u00eda, los pacientes adultos con diagn\u00f3stico oncol\u00f3gico pueden acceder a tratamientos en su lugar de residencia, evitando traslados a centros de mayor complejidad en la capital provincial.<\/p>\n<p>Esta unidad no solo mejora la calidad de vida de los pacientes, sino que tambi\u00e9n descomprime el sistema sanitario del Gran San Juan.<\/p>\n<p><strong><span style=\"color: #ff0000;\">Caracter\u00edsticas destacadas<\/span><\/strong><\/p>\n<ul>\n<li>Destinada a pacientes con tumores s\u00f3lidos del adulto.<\/li>\n<li>Cobertura para habitantes de J\u00e1chal y localidades del norte provincial.<\/li>\n<li>Recursos humanos especializados: m\u00e9dicos onc\u00f3logos y equipo de enfermer\u00eda capacitado.<\/li>\n<li>Servicios de apoyo emocional y psicol\u00f3gico para pacientes y familiares.<\/li>\n<li>Equipamiento de \u00faltima generaci\u00f3n: sillones ergon\u00f3micos para quimioterapia y cabina de bioseguridad para la preparaci\u00f3n de medicamentos.<\/li>\n<li>Sala de tratamiento especialmente acondicionada.<\/li>\n<\/ul>\n<p>En San Juan, el 14,8 % de las defunciones se deben al c\u00e1ncer, siendo el de mama el m\u00e1s frecuente, seguido por el colorectal.<\/p>\n<p>La descentralizaci\u00f3n de la atenci\u00f3n oncol\u00f3gica facilita el seguimiento terap\u00e9utico, reduce los traslados y garantiza el acceso a la medicaci\u00f3n a trav\u00e9s del Banco de Drogas del Hospital Marcial Quiroga.<\/p>\n<p><strong><span style=\"color: #ff0000;\">Partos m\u00e1s seguros y respetados<\/span><\/strong><\/p>\n<p>La flamante maternidad brindar\u00e1 cobertura a m\u00e1s de 7.700 mujeres en edad f\u00e9rtil y permitir\u00e1 realizar anualmente hasta 250 partos o ces\u00e1reas de baja complejidad. Se trata de una obra estrat\u00e9gica para reducir la mortalidad materna e infantil, mejorar el acceso a los controles prenatales y fortalecer el v\u00ednculo madre-hijo en los primeros mil d\u00edas de vida.<\/p>\n<p><strong><span style=\"color: #ff0000;\">Datos relevantes<\/span><\/strong><\/p>\n<ul>\n<li>Argentina registra 3,2 muertes maternas cada 10.000 nacidos vivos; en San Juan, la tasa es de 4,1.<\/li>\n<li>J\u00e1chal e Iglesia se encuentran a m\u00e1s de 160 km de la Maternidad del Hospital Rawson, lo que dificulta la atenci\u00f3n oportuna.<\/li>\n<li>El nuevo servicio evita el traslado a la capital y permite que las embarazadas est\u00e9n acompa\u00f1adas en el parto por un familiar.<\/li>\n<\/ul>\n<p><strong><span style=\"color: #ff0000;\">Infraestructura y enfoque humanizado<\/span><\/strong><\/p>\n<p>Se implement\u00f3 la primera Unidad de Trabajo de Parto y Recuperaci\u00f3n (UTPR) de la provincia, tanto en el \u00e1mbito p\u00fablico como privado.<\/p>\n<ul>\n<li>Las mujeres podr\u00e1n parir en un entorno \u00edntimo, con bajo nivel de intervenci\u00f3n m\u00e9dica, acompa\u00f1adas por un referente afectivo.<\/li>\n<li>Las instalaciones cumplen con la Ley de Parto Respetado y con el modelo de maternidad centrada en la familia.<\/li>\n<li>Dos habitaciones con camas dobles, cunas, sillones y televisi\u00f3n.<\/li>\n<li>Consultorio de admisi\u00f3n tocoginecol\u00f3gica.<\/li>\n<li>M\u00e1s de 30 profesionales conforman el equipo: tocoginec\u00f3logos, pediatras, licenciadas en obstetricia, cirujanos, anestesi\u00f3logos, enfermeros, bioqu\u00edmicos y farmac\u00e9uticos, entre otros.<\/li>\n<\/ul>\n<p><strong><span style=\"color: #ff0000;\">Diagn\u00f3stico por Im\u00e1genes: tecnolog\u00eda al servicio de la precisi\u00f3n y la equidad<\/span><\/strong><\/p>\n<p>La modernizaci\u00f3n del Servicio de Diagn\u00f3stico por Im\u00e1genes posiciona al hospital San Roque como un referente en tecnolog\u00eda m\u00e9dica del norte sanjuanino. Los nuevos equipos permiten mejorar la precisi\u00f3n diagn\u00f3stica, reducir los tiempos de espera, evitar derivaciones innecesarias y brindar contenci\u00f3n a pacientes, especialmente pedi\u00e1tricos.<\/p>\n<p><strong><span style=\"color: #ff0000;\">Logros recientes<\/span><\/strong><\/p>\n<ul>\n<li>En 2024 se realizaron 741 tomograf\u00edas (100 pedi\u00e1tricas) y 5.853 estudios radiol\u00f3gicos (1.500 pedi\u00e1tricos).<\/li>\n<li>Solo en enero y febrero de 2025 se realizaron 235 tomograf\u00edas y 908 estudios de rayos X, cifras que reflejan un mayor aprovechamiento del servicio.<\/li>\n<\/ul>\n<p><strong><span style=\"color: #ff0000;\">Nueva tecnolog\u00eda incorporada<\/span><\/strong><\/p>\n<ul>\n<li>Tom\u00f3grafo axial computado de alta resoluci\u00f3n.<\/li>\n<li>Mam\u00f3grafo digital con tomos\u00edntesis para estudios en 3D.<\/li>\n<li>Rayos X fijo y rodante digital.<\/li>\n<li>Sistemas de digitalizaci\u00f3n y almacenamiento de im\u00e1genes.<\/li>\n<li>Red de visualizaci\u00f3n de im\u00e1genes m\u00e9dicas para interconsultas con especialistas, evitando traslados y garantizando segundas opiniones.<\/li>\n<\/ul>\n<p>Adem\u00e1s, se sumaron 11 profesionales al equipo t\u00e9cnico y m\u00e9dico del servicio, entre ellos un especialista en diagn\u00f3stico por im\u00e1genes y 10 licenciados y t\u00e9cnicos en bioim\u00e1genes.<\/p>\n<p>Con estas nuevas incorporaciones, el Hospital San Roque de J\u00e1chal se fortalece como un centro de salud integral y de alta complejidad para el norte provincial. La decisi\u00f3n pol\u00edtica de invertir en salud p\u00fablica en zonas alejadas de la capital es una apuesta concreta por la equidad territorial y el derecho a la salud de todos los sanjuaninos.<\/p>\n<p><img loading=\"lazy\" decoding=\"async\" class=\"alignnone size-full wp-image-58562\" src=\"https:\/\/vocesparalelas.com.ar\/sitio\/wp-content\/uploads\/2023\/04\/HOSPITAL-SAN-ROQUE.jpg\" alt=\"\" width=\"800\" height=\"450\" srcset=\"https:\/\/vocesparalelas.com.ar\/sitio\/wp-content\/uploads\/2023\/04\/HOSPITAL-SAN-ROQUE.jpg 800w, https:\/\/vocesparalelas.com.ar\/sitio\/wp-content\/uploads\/2023\/04\/HOSPITAL-SAN-ROQUE-300x169.jpg 300w, https:\/\/vocesparalelas.com.ar\/sitio\/wp-content\/uploads\/2023\/04\/HOSPITAL-SAN-ROQUE-768x432.jpg 768w\" sizes=\"auto, (max-width: 800px) 100vw, 800px\" \/><\/p>\n","protected":false},"excerpt":{"rendered":"<p>En un hecho hist\u00f3rico, el gobernador de San Juan, Dr. Marcelo Orrego presidi\u00f3 la inauguraci\u00f3n de tres obras fundamentales para<\/p>\n","protected":false},"author":3,"featured_media":84761,"comment_status":"closed","ping_status":"closed","sticky":false,"template":"","format":"standard","meta":{"_acf_changed":false,"_seopress_robots_primary_cat":"none","_seopress_titles_title":"","_seopress_titles_desc":"","_seopress_robots_index":"","colormag_page_container_layout":"default_layout","colormag_page_sidebar_layout":"default_layout","footnotes":""},"categories":[2,7],"tags":[],"class_list":["post-84758","post","type-post","status-publish","format-standard","has-post-thumbnail","hentry","category-convocatorias","category-videos"],"acf":[],"_links":{"self":[{"href":"https:\/\/vocesparalelas.com.ar\/sitio\/wp-json\/wp\/v2\/posts\/84758","targetHints":{"allow":["GET"]}}],"collection":[{"href":"https:\/\/vocesparalelas.com.ar\/sitio\/wp-json\/wp\/v2\/posts"}],"about":[{"href":"https:\/\/vocesparalelas.com.ar\/sitio\/wp-json\/wp\/v2\/types\/post"}],"author":[{"embeddable":true,"href":"https:\/\/vocesparalelas.com.ar\/sitio\/wp-json\/wp\/v2\/users\/3"}],"replies":[{"embeddable":true,"href":"https:\/\/vocesparalelas.com.ar\/sitio\/wp-json\/wp\/v2\/comments?post=84758"}],"version-history":[{"count":4,"href":"https:\/\/vocesparalelas.com.ar\/sitio\/wp-json\/wp\/v2\/posts\/84758\/revisions"}],"predecessor-version":[{"id":84769,"href":"https:\/\/vocesparalelas.com.ar\/sitio\/wp-json\/wp\/v2\/posts\/84758\/revisions\/84769"}],"wp:featuredmedia":[{"embeddable":true,"href":"https:\/\/vocesparalelas.com.ar\/sitio\/wp-json\/wp\/v2\/media\/84761"}],"wp:attachment":[{"href":"https:\/\/vocesparalelas.com.ar\/sitio\/wp-json\/wp\/v2\/media?parent=84758"}],"wp:term":[{"taxonomy":"category","embeddable":true,"href":"https:\/\/vocesparalelas.com.ar\/sitio\/wp-json\/wp\/v2\/categories?post=84758"},{"taxonomy":"post_tag","embeddable":true,"href":"https:\/\/vocesparalelas.com.ar\/sitio\/wp-json\/wp\/v2\/tags?post=84758"}],"curies":[{"name":"wp","href":"https:\/\/api.w.org\/{rel}","templated":true}]}}