{"id":84754,"date":"2025-04-08T13:05:11","date_gmt":"2025-04-08T16:05:11","guid":{"rendered":"https:\/\/vocesparalelas.com.ar\/sitio\/?p=84754"},"modified":"2025-04-09T13:40:02","modified_gmt":"2025-04-09T16:40:02","slug":"sumate-al-dia-mundial-de-la-voz-empodera-tu-voz-en-el-hospital-dr-marcial-quiroga-de-san-juan","status":"publish","type":"post","link":"https:\/\/vocesparalelas.com.ar\/sitio\/sumate-al-dia-mundial-de-la-voz-empodera-tu-voz-en-el-hospital-dr-marcial-quiroga-de-san-juan\/","title":{"rendered":"Sumate al D\u00eda Mundial de la Voz \u00abEmpodera tu voz\u00bb en el Hospital Dr. Marcial Quiroga de San Juan"},"content":{"rendered":"<p>En el Hospital Dr. Marcial Quiroga del Ministerio de Salud del Gobierno de San Juan se desarrollan distintas actividades en el D\u00eda Mundial de la Voz \u00abEmpodera tu voz\u00bb, que se conmemora el 16 de Abril, con una mirada preventiva de patolog\u00eda de la Voz, durante Abril y Mayo.<\/p>\n<p>Por ello, Voces Paralelas desarroll\u00f3 una entrevista period\u00edstica a la integrante del equipo del Servicio de de Fonoaudiolog\u00eda del Hospital Dr. Marcial Quiroga, Lic. Sonia Belmonte, quien describi\u00f3 que es muy importante cuidar la voz cuando es una de las herramientas de trabajo en el cado de los docentes, profesionales, cantantes y en general. Los controles necesarios con el profesional indicado. Cuidarla es parte del bienestar de la salud bocal.<\/p>\n<p>&nbsp;<\/p>\n<p><iframe loading=\"lazy\" title=\"HMQ LIC SONIA BELMONTE\" width=\"800\" height=\"450\" src=\"https:\/\/www.youtube.com\/embed\/kafPGpbEPSk?feature=oembed\" frameborder=\"0\" allow=\"accelerometer; autoplay; clipboard-write; encrypted-media; gyroscope; picture-in-picture; web-share\" referrerpolicy=\"strict-origin-when-cross-origin\" allowfullscreen><\/iframe><\/p>\n<p>&nbsp;<\/p>\n<p>Ambas son actividades cient\u00edficas y asistenciales que se desarrollar\u00e1n durante Abril y Mayo 2025\u00a0 en el Hospital Dr. Marcial Quiroga, organizadas por el Servicio de Otorrinolaringolog\u00eda y Fonoaudiolog\u00eda, con el aval del Ministerio de Salud y Educaci\u00f3n del Gobierno de San Juan.<\/p>\n<p>El mensaje se focaliza en la importancia de alcanzar un entrenamiento adecuado para conservar la salud vocal, especialmente en aquellos que trabajan con su voz como lo son los fonoaudi\u00f3logos, m\u00e9dicos, docentes, cantantes, locutores, periodistas, actores y oradores, entre otros.<\/p>\n<p>Se desarrollan los Lunes, Jueves y Viernes de Abril y Mayo con los ex\u00e1menes de voz m\u00e9dico-fonoaudiol\u00f3gicos en el consultorio de Otorrinolaringolog\u00eda &#8211; ORL -, con asesoramiento sobre tratamiento y procedimientos al padecer enfermedad profesional.<\/p>\n<p>Previamente se debe solicitar un turno comunic\u00e1ndose al 4324818 del Servicio de Fonoaudiolog\u00eda del Hospital Dr. Marcial Quiroga.<\/p>\n<p><img loading=\"lazy\" decoding=\"async\" class=\"alignnone size-large wp-image-20335\" src=\"https:\/\/vocesparalelas.com.ar\/sitio\/wp-content\/uploads\/2019\/04\/VOZ-CONTROL-800x600.jpg\" alt=\"\" width=\"800\" height=\"600\" srcset=\"https:\/\/vocesparalelas.com.ar\/sitio\/wp-content\/uploads\/2019\/04\/VOZ-CONTROL-800x600.jpg 800w, https:\/\/vocesparalelas.com.ar\/sitio\/wp-content\/uploads\/2019\/04\/VOZ-CONTROL-300x225.jpg 300w, https:\/\/vocesparalelas.com.ar\/sitio\/wp-content\/uploads\/2019\/04\/VOZ-CONTROL-768x576.jpg 768w, https:\/\/vocesparalelas.com.ar\/sitio\/wp-content\/uploads\/2019\/04\/VOZ-CONTROL.jpg 1000w\" sizes=\"auto, (max-width: 800px) 100vw, 800px\" \/><\/p>\n<p>Mientras que el Mi\u00e9rcoles, 16 de Abril, en el D\u00eda Mundial de la Voz, se desarrolla una nutrida jornada cient\u00edfica desde las 8.30 en el sal\u00f3n de actos del Hospital Dr. Marcial Quiroga.<\/p>\n<p><strong><span style=\"color: #ff0000;\">Temario<\/span><\/strong><\/p>\n<ul>\n<li>Evaluaci\u00f3n cl\u00ednica de la voz y la laringe;<\/li>\n<li>Estudios y diagn\u00f3sticos de ORL;<\/li>\n<li>Psicoac\u00fastica y ac\u00fastica vocal;<\/li>\n<li>Fonoscop\u00eda;<\/li>\n<li>Patolog\u00edas lar\u00edngeas en los profesionales de la voz;<\/li>\n<li>Signos, s\u00edntomas, factores desencadenantes y factores predisponentes y<\/li>\n<li>Salud vocal laboral<\/li>\n<\/ul>\n<p><span style=\"color: #ff0000;\"><strong>Inscripci\u00f3n\u00a0<\/strong><\/span><\/p>\n<p><a href=\"https:\/\/forms.gle\/3JDyZskQFczPQhBp9\">https:\/\/forms.gle\/3JDyZskQFczPQhBp9<\/a><\/p>\n<p>Ambas actividades est\u00e1n dirigidas a la poblaci\u00f3n, por lo que brindan la oportunidad a aquellas personas que tienen dudas sobre su salud vocal a que se realicen un diagn\u00f3stico y un tratamiento oportuno. Este permitir\u00e1 detectar diversas patolog\u00edas, como c\u00e1ncer de laringe, par\u00e1lisis cordal, n\u00f3dulos, disfon\u00edas funcionales. Como as\u00ed tambi\u00e9n dar tranquilidad a muchos pacientes sobre que su voz est\u00e1 dentro de los par\u00e1metros normales.<\/p>\n<p>Una vez finalizado el monitoreo cl\u00ednico que se realiza por el mes de la voz, estos pacientes tienen los seguimientos cl\u00ednicos necesarios para evacuar dudas fuera de la campa\u00f1a y el tratamiento para cada caso.<\/p>\n<p>La voz es de suma importancia, ya que representa el sonido que se emite al querer comunicarse, ya sea con palabras o con otros argumentos naturales del ser humano como la risa, el llanto y el grito entre otros.<\/p>\n<p>Por ello es que juega un papel necesario en las personas y siempre debe ser cuidada porque la voz habla por s\u00ed sola del estado de cada ser humano.<\/p>\n<p>&nbsp;<\/p>\n<p><img loading=\"lazy\" decoding=\"async\" class=\"alignnone size-full wp-image-50515\" src=\"https:\/\/vocesparalelas.com.ar\/sitio\/wp-content\/uploads\/2022\/07\/HMQ-FRENTE.jpg\" alt=\"\" width=\"800\" height=\"600\" srcset=\"https:\/\/vocesparalelas.com.ar\/sitio\/wp-content\/uploads\/2022\/07\/HMQ-FRENTE.jpg 800w, https:\/\/vocesparalelas.com.ar\/sitio\/wp-content\/uploads\/2022\/07\/HMQ-FRENTE-300x225.jpg 300w, https:\/\/vocesparalelas.com.ar\/sitio\/wp-content\/uploads\/2022\/07\/HMQ-FRENTE-768x576.jpg 768w\" sizes=\"auto, (max-width: 800px) 100vw, 800px\" \/><\/p>\n","protected":false},"excerpt":{"rendered":"<p>En el Hospital Dr. Marcial Quiroga del Ministerio de Salud del Gobierno de San Juan se desarrollan distintas actividades en<\/p>\n","protected":false},"author":3,"featured_media":84797,"comment_status":"closed","ping_status":"closed","sticky":false,"template":"","format":"standard","meta":{"_acf_changed":false,"_seopress_robots_primary_cat":"none","_seopress_titles_title":"","_seopress_titles_desc":"","_seopress_robots_index":"","colormag_page_container_layout":"default_layout","colormag_page_sidebar_layout":"default_layout","footnotes":""},"categories":[5,7],"tags":[],"class_list":["post-84754","post","type-post","status-publish","format-standard","has-post-thumbnail","hentry","category-ofrecimientos","category-videos"],"acf":[],"_links":{"self":[{"href":"https:\/\/vocesparalelas.com.ar\/sitio\/wp-json\/wp\/v2\/posts\/84754","targetHints":{"allow":["GET"]}}],"collection":[{"href":"https:\/\/vocesparalelas.com.ar\/sitio\/wp-json\/wp\/v2\/posts"}],"about":[{"href":"https:\/\/vocesparalelas.com.ar\/sitio\/wp-json\/wp\/v2\/types\/post"}],"author":[{"embeddable":true,"href":"https:\/\/vocesparalelas.com.ar\/sitio\/wp-json\/wp\/v2\/users\/3"}],"replies":[{"embeddable":true,"href":"https:\/\/vocesparalelas.com.ar\/sitio\/wp-json\/wp\/v2\/comments?post=84754"}],"version-history":[{"count":3,"href":"https:\/\/vocesparalelas.com.ar\/sitio\/wp-json\/wp\/v2\/posts\/84754\/revisions"}],"predecessor-version":[{"id":84799,"href":"https:\/\/vocesparalelas.com.ar\/sitio\/wp-json\/wp\/v2\/posts\/84754\/revisions\/84799"}],"wp:featuredmedia":[{"embeddable":true,"href":"https:\/\/vocesparalelas.com.ar\/sitio\/wp-json\/wp\/v2\/media\/84797"}],"wp:attachment":[{"href":"https:\/\/vocesparalelas.com.ar\/sitio\/wp-json\/wp\/v2\/media?parent=84754"}],"wp:term":[{"taxonomy":"category","embeddable":true,"href":"https:\/\/vocesparalelas.com.ar\/sitio\/wp-json\/wp\/v2\/categories?post=84754"},{"taxonomy":"post_tag","embeddable":true,"href":"https:\/\/vocesparalelas.com.ar\/sitio\/wp-json\/wp\/v2\/tags?post=84754"}],"curies":[{"name":"wp","href":"https:\/\/api.w.org\/{rel}","templated":true}]}}