{"id":84694,"date":"2025-04-05T19:54:10","date_gmt":"2025-04-05T22:54:10","guid":{"rendered":"https:\/\/vocesparalelas.com.ar\/sitio\/?p=84694"},"modified":"2025-04-07T13:34:45","modified_gmt":"2025-04-07T16:34:45","slug":"programa-abril-2025-con-musica-en-vivo-mas-cerveza-artesanal-para-disfrutar-el-otono-en-san-juan","status":"publish","type":"post","link":"https:\/\/vocesparalelas.com.ar\/sitio\/programa-abril-2025-con-musica-en-vivo-mas-cerveza-artesanal-para-disfrutar-el-otono-en-san-juan\/","title":{"rendered":"Programa \u00abAbril 2025\u00bb con m\u00fasica en vivo m\u00e1s cerveza artesanal para disfrutar el oto\u00f1o en San Juan"},"content":{"rendered":"<p>Los Domingos de Abril de 2025, a las 20 hs.; en Donata, Av. Libertador 3311 &#8211; O &#8211; Rivadavia puede disfrutar M\u00fasica en vivo + cerveza artesanal para disfrutar el oto\u00f1o en San Juan. Entrada Libre y gratuita.<\/p>\n<p>El ciclo \u00abEscuchame una cosita\u00bb vuelve a Donata con una propuesta que combina buena m\u00fasica y cerveza artesanal, durante\u00a0 los Domingos de Abril, con artistas emergentes locales presentan sus canciones en un \u00edntimo espacio dedicado a promover la cultura musical independiente.<\/p>\n<p><strong><span style=\"color: #ff6600;\">Programa \u00abAbril 2025\u00bb<\/span><\/strong><\/p>\n<ul>\n<li>Domingo, 06 de Abri, Martina Flores y Mart\u00edn Krywo<\/li>\n<li>Domingo, 13 de Abril, Flor the Human y Ale Francavilla<\/li>\n<li>Domingo, 20 de Abril, Guadalupe de la Fuente y Sandro Storani<\/li>\n<li>Domingo, 27 de Abril, Lupera y Gabriel D\u00e1vila Kurb\u00e1n<\/li>\n<\/ul>\n<p><strong><span style=\"color: #ff6600;\">Ficha T\u00e9cnica<\/span><\/strong><\/p>\n<ul>\n<li>Ambiente c\u00e1lido y cerveza artesanal de Donata<\/li>\n<li>Curadur\u00eda musical: Fabricio Montilla<\/li>\n<li>Flyer art\u00edstico: El Hora y Ceci Berra<\/li>\n<li>Sonido a cargo de Lucas Atencio<\/li>\n<\/ul>\n<p><img loading=\"lazy\" decoding=\"async\" class=\"alignnone size-full wp-image-59803\" src=\"https:\/\/vocesparalelas.com.ar\/sitio\/wp-content\/uploads\/2023\/06\/DONATA-01.jpg\" alt=\"\" width=\"800\" height=\"757\" srcset=\"https:\/\/vocesparalelas.com.ar\/sitio\/wp-content\/uploads\/2023\/06\/DONATA-01.jpg 800w, https:\/\/vocesparalelas.com.ar\/sitio\/wp-content\/uploads\/2023\/06\/DONATA-01-300x284.jpg 300w, https:\/\/vocesparalelas.com.ar\/sitio\/wp-content\/uploads\/2023\/06\/DONATA-01-768x727.jpg 768w\" sizes=\"auto, (max-width: 800px) 100vw, 800px\" \/><\/p>\n","protected":false},"excerpt":{"rendered":"<p>Los Domingos de Abril de 2025, a las 20 hs.; en Donata, Av. Libertador 3311 &#8211; O &#8211; Rivadavia puede<\/p>\n","protected":false},"author":3,"featured_media":84697,"comment_status":"closed","ping_status":"closed","sticky":false,"template":"","format":"standard","meta":{"_acf_changed":false,"_seopress_robots_primary_cat":"none","_seopress_titles_title":"","_seopress_titles_desc":"","_seopress_robots_index":"","colormag_page_container_layout":"default_layout","colormag_page_sidebar_layout":"default_layout","footnotes":""},"categories":[20],"tags":[],"class_list":["post-84694","post","type-post","status-publish","format-standard","has-post-thumbnail","hentry","category-cartelera"],"acf":[],"_links":{"self":[{"href":"https:\/\/vocesparalelas.com.ar\/sitio\/wp-json\/wp\/v2\/posts\/84694","targetHints":{"allow":["GET"]}}],"collection":[{"href":"https:\/\/vocesparalelas.com.ar\/sitio\/wp-json\/wp\/v2\/posts"}],"about":[{"href":"https:\/\/vocesparalelas.com.ar\/sitio\/wp-json\/wp\/v2\/types\/post"}],"author":[{"embeddable":true,"href":"https:\/\/vocesparalelas.com.ar\/sitio\/wp-json\/wp\/v2\/users\/3"}],"replies":[{"embeddable":true,"href":"https:\/\/vocesparalelas.com.ar\/sitio\/wp-json\/wp\/v2\/comments?post=84694"}],"version-history":[{"count":1,"href":"https:\/\/vocesparalelas.com.ar\/sitio\/wp-json\/wp\/v2\/posts\/84694\/revisions"}],"predecessor-version":[{"id":84698,"href":"https:\/\/vocesparalelas.com.ar\/sitio\/wp-json\/wp\/v2\/posts\/84694\/revisions\/84698"}],"wp:featuredmedia":[{"embeddable":true,"href":"https:\/\/vocesparalelas.com.ar\/sitio\/wp-json\/wp\/v2\/media\/84697"}],"wp:attachment":[{"href":"https:\/\/vocesparalelas.com.ar\/sitio\/wp-json\/wp\/v2\/media?parent=84694"}],"wp:term":[{"taxonomy":"category","embeddable":true,"href":"https:\/\/vocesparalelas.com.ar\/sitio\/wp-json\/wp\/v2\/categories?post=84694"},{"taxonomy":"post_tag","embeddable":true,"href":"https:\/\/vocesparalelas.com.ar\/sitio\/wp-json\/wp\/v2\/tags?post=84694"}],"curies":[{"name":"wp","href":"https:\/\/api.w.org\/{rel}","templated":true}]}}