{"id":84676,"date":"2025-04-04T20:44:07","date_gmt":"2025-04-04T23:44:07","guid":{"rendered":"https:\/\/vocesparalelas.com.ar\/sitio\/?p=84676"},"modified":"2025-04-07T11:24:11","modified_gmt":"2025-04-07T14:24:11","slug":"ofrecen-cubrir-cargos-vacantes-de-supervision-escolar-a-docentes-de-rama-primaria-de-san-juan","status":"publish","type":"post","link":"https:\/\/vocesparalelas.com.ar\/sitio\/ofrecen-cubrir-cargos-vacantes-de-supervision-escolar-a-docentes-de-rama-primaria-de-san-juan\/","title":{"rendered":"Ofrecen cubrir cargos vacantes de Supervisi\u00f3n Escolar a docentes de Rama Primaria de San Juan"},"content":{"rendered":"<p>La\u00a0Junta de Clasificaci\u00f3n Docente Rama Primaria del Ministerio de Educaci\u00f3n del Gobierno de San Juan convoca a cubrir cargos vacantes de Supervisi\u00f3n Escolar, conforme a lo dispuesto por las Resoluciones N\u00b0 2835-ME-2023 y N\u00ba 05313-ME-2024.<\/p>\n<p><span style=\"color: #ff6600;\"><strong>Cronograma<\/strong><\/span><\/p>\n<ul>\n<li>Exhibici\u00f3n de cargos vacantes: 4; 7 y 8 de abril de 2025.<\/li>\n<li>Acto de ofrecimiento de cargo: 9 de abril de 2025.<\/li>\n<li>Canje de certificados: 10 de abril de 2025.<\/li>\n<\/ul>\n<p><strong><span style=\"color: #ff6600;\">Los docentes interesados deben concurrir con la documentaci\u00f3n<\/span><\/strong><\/p>\n<ul>\n<li>DNI.<\/li>\n<li>Fotocopia de DNI.<\/li>\n<li>Declaraci\u00f3n jurada de cargos emitida por el SIGE.<\/li>\n<li>Resoluci\u00f3n del cargo directivo por el cual concursa.<\/li>\n<\/ul>\n<p><strong><span style=\"color: #ff6600;\">Para m\u00e1s informaci\u00f3n<\/span><\/strong><\/p>\n<p>Ingresar a la Web del Ministerio de Educaci\u00f3n del Gobierno de San Juan<\/p>\n<p><a href=\"https:\/\/educacion.sanjuan.edu.ar\/mesj\/LinkClick.aspx?fileticket=K7HnTAsRz5o%3d&amp;tabid=757\">https:\/\/educacion.sanjuan.edu.ar\/mesj\/LinkClick.aspx?fileticket=K7HnTAsRz5o%3d&amp;tabid=757<\/a><\/p>\n<p>&nbsp;<\/p>\n<p><img loading=\"lazy\" decoding=\"async\" class=\"alignnone size-full wp-image-28629\" src=\"https:\/\/vocesparalelas.com.ar\/sitio\/wp-content\/uploads\/2020\/05\/MINISTERIO-EDUCACION-SJ.jpg\" alt=\"\" width=\"800\" height=\"533\" srcset=\"https:\/\/vocesparalelas.com.ar\/sitio\/wp-content\/uploads\/2020\/05\/MINISTERIO-EDUCACION-SJ.jpg 800w, https:\/\/vocesparalelas.com.ar\/sitio\/wp-content\/uploads\/2020\/05\/MINISTERIO-EDUCACION-SJ-300x200.jpg 300w, https:\/\/vocesparalelas.com.ar\/sitio\/wp-content\/uploads\/2020\/05\/MINISTERIO-EDUCACION-SJ-768x512.jpg 768w\" sizes=\"auto, (max-width: 800px) 100vw, 800px\" \/><\/p>\n","protected":false},"excerpt":{"rendered":"<p>La\u00a0Junta de Clasificaci\u00f3n Docente Rama Primaria del Ministerio de Educaci\u00f3n del Gobierno de San Juan convoca a cubrir cargos vacantes<\/p>\n","protected":false},"author":3,"featured_media":5000,"comment_status":"closed","ping_status":"closed","sticky":false,"template":"","format":"standard","meta":{"_acf_changed":false,"_seopress_robots_primary_cat":"none","_seopress_titles_title":"","_seopress_titles_desc":"","_seopress_robots_index":"","colormag_page_container_layout":"default_layout","colormag_page_sidebar_layout":"default_layout","footnotes":""},"categories":[5],"tags":[],"class_list":["post-84676","post","type-post","status-publish","format-standard","has-post-thumbnail","hentry","category-ofrecimientos"],"acf":[],"_links":{"self":[{"href":"https:\/\/vocesparalelas.com.ar\/sitio\/wp-json\/wp\/v2\/posts\/84676","targetHints":{"allow":["GET"]}}],"collection":[{"href":"https:\/\/vocesparalelas.com.ar\/sitio\/wp-json\/wp\/v2\/posts"}],"about":[{"href":"https:\/\/vocesparalelas.com.ar\/sitio\/wp-json\/wp\/v2\/types\/post"}],"author":[{"embeddable":true,"href":"https:\/\/vocesparalelas.com.ar\/sitio\/wp-json\/wp\/v2\/users\/3"}],"replies":[{"embeddable":true,"href":"https:\/\/vocesparalelas.com.ar\/sitio\/wp-json\/wp\/v2\/comments?post=84676"}],"version-history":[{"count":1,"href":"https:\/\/vocesparalelas.com.ar\/sitio\/wp-json\/wp\/v2\/posts\/84676\/revisions"}],"predecessor-version":[{"id":84679,"href":"https:\/\/vocesparalelas.com.ar\/sitio\/wp-json\/wp\/v2\/posts\/84676\/revisions\/84679"}],"wp:featuredmedia":[{"embeddable":true,"href":"https:\/\/vocesparalelas.com.ar\/sitio\/wp-json\/wp\/v2\/media\/5000"}],"wp:attachment":[{"href":"https:\/\/vocesparalelas.com.ar\/sitio\/wp-json\/wp\/v2\/media?parent=84676"}],"wp:term":[{"taxonomy":"category","embeddable":true,"href":"https:\/\/vocesparalelas.com.ar\/sitio\/wp-json\/wp\/v2\/categories?post=84676"},{"taxonomy":"post_tag","embeddable":true,"href":"https:\/\/vocesparalelas.com.ar\/sitio\/wp-json\/wp\/v2\/tags?post=84676"}],"curies":[{"name":"wp","href":"https:\/\/api.w.org\/{rel}","templated":true}]}}