{"id":84666,"date":"2025-04-04T20:58:16","date_gmt":"2025-04-04T23:58:16","guid":{"rendered":"https:\/\/vocesparalelas.com.ar\/sitio\/?p=84666"},"modified":"2025-04-04T21:00:05","modified_gmt":"2025-04-05T00:00:05","slug":"se-habilita-provisoriamente-un-tramo-mas-de-la-avda-libertador-gral-san-martin-en-san-juan","status":"publish","type":"post","link":"https:\/\/vocesparalelas.com.ar\/sitio\/se-habilita-provisoriamente-un-tramo-mas-de-la-avda-libertador-gral-san-martin-en-san-juan\/","title":{"rendered":"Se habilita provisoriamente un tramo m\u00e1s de la Avda. Libertador Gral. San Mart\u00edn en San Juan"},"content":{"rendered":"<p>El S\u00e1bado, 06 de Abril, de horas de\u00a0 tarde, queda habilitada provisoriamente la calzada Sur de Avenida Libertador Gral. San Mart\u00edn entre Urquiza y Toranzo, Capital.<\/p>\n<p>Esta habilitaci\u00f3n es posible luego, que la Direcci\u00f3n Provincial de Vialidad complete la colocaci\u00f3n de la primera capa de arena asfalto.<\/p>\n<p>Desde Vialidad explicaron que esta capa inicial permite consolidar el pavimento gracias al paso controlado de veh\u00edculos, lo que mejora su adherencia y durabilidad.<\/p>\n<p>Sin embargo, no se trata de la capa definitiva, por lo que esta calzada ser\u00e1 cerrada nuevamente en los pr\u00f3ximos d\u00edas para continuar con las siguientes etapas de obra.<\/p>\n<p>&nbsp;<\/p>\n<p><img loading=\"lazy\" decoding=\"async\" class=\"alignnone size-full wp-image-65642\" src=\"https:\/\/vocesparalelas.com.ar\/sitio\/wp-content\/uploads\/2023\/11\/GOBIERNO-SAN-JUAN.jpg\" alt=\"\" width=\"800\" height=\"600\" srcset=\"https:\/\/vocesparalelas.com.ar\/sitio\/wp-content\/uploads\/2023\/11\/GOBIERNO-SAN-JUAN.jpg 800w, https:\/\/vocesparalelas.com.ar\/sitio\/wp-content\/uploads\/2023\/11\/GOBIERNO-SAN-JUAN-300x225.jpg 300w, https:\/\/vocesparalelas.com.ar\/sitio\/wp-content\/uploads\/2023\/11\/GOBIERNO-SAN-JUAN-768x576.jpg 768w\" sizes=\"auto, (max-width: 800px) 100vw, 800px\" \/><\/p>\n","protected":false},"excerpt":{"rendered":"<p>El S\u00e1bado, 06 de Abril, de horas de\u00a0 tarde, queda habilitada provisoriamente la calzada Sur de Avenida Libertador Gral. San<\/p>\n","protected":false},"author":3,"featured_media":84669,"comment_status":"closed","ping_status":"closed","sticky":false,"template":"","format":"standard","meta":{"_acf_changed":false,"_seopress_robots_primary_cat":"none","_seopress_titles_title":"","_seopress_titles_desc":"","_seopress_robots_index":"","colormag_page_container_layout":"default_layout","colormag_page_sidebar_layout":"default_layout","footnotes":""},"categories":[1],"tags":[],"class_list":["post-84666","post","type-post","status-publish","format-standard","has-post-thumbnail","hentry","category-destacadas"],"acf":[],"_links":{"self":[{"href":"https:\/\/vocesparalelas.com.ar\/sitio\/wp-json\/wp\/v2\/posts\/84666","targetHints":{"allow":["GET"]}}],"collection":[{"href":"https:\/\/vocesparalelas.com.ar\/sitio\/wp-json\/wp\/v2\/posts"}],"about":[{"href":"https:\/\/vocesparalelas.com.ar\/sitio\/wp-json\/wp\/v2\/types\/post"}],"author":[{"embeddable":true,"href":"https:\/\/vocesparalelas.com.ar\/sitio\/wp-json\/wp\/v2\/users\/3"}],"replies":[{"embeddable":true,"href":"https:\/\/vocesparalelas.com.ar\/sitio\/wp-json\/wp\/v2\/comments?post=84666"}],"version-history":[{"count":3,"href":"https:\/\/vocesparalelas.com.ar\/sitio\/wp-json\/wp\/v2\/posts\/84666\/revisions"}],"predecessor-version":[{"id":84672,"href":"https:\/\/vocesparalelas.com.ar\/sitio\/wp-json\/wp\/v2\/posts\/84666\/revisions\/84672"}],"wp:featuredmedia":[{"embeddable":true,"href":"https:\/\/vocesparalelas.com.ar\/sitio\/wp-json\/wp\/v2\/media\/84669"}],"wp:attachment":[{"href":"https:\/\/vocesparalelas.com.ar\/sitio\/wp-json\/wp\/v2\/media?parent=84666"}],"wp:term":[{"taxonomy":"category","embeddable":true,"href":"https:\/\/vocesparalelas.com.ar\/sitio\/wp-json\/wp\/v2\/categories?post=84666"},{"taxonomy":"post_tag","embeddable":true,"href":"https:\/\/vocesparalelas.com.ar\/sitio\/wp-json\/wp\/v2\/tags?post=84666"}],"curies":[{"name":"wp","href":"https:\/\/api.w.org\/{rel}","templated":true}]}}