{"id":84659,"date":"2025-04-04T14:36:38","date_gmt":"2025-04-04T17:36:38","guid":{"rendered":"https:\/\/vocesparalelas.com.ar\/sitio\/?p=84659"},"modified":"2025-04-07T00:11:00","modified_gmt":"2025-04-07T03:11:00","slug":"remate-de-vehiculos-de-la-caja-de-accion-social-de-san-juan","status":"publish","type":"post","link":"https:\/\/vocesparalelas.com.ar\/sitio\/remate-de-vehiculos-de-la-caja-de-accion-social-de-san-juan\/","title":{"rendered":"Remate de veh\u00edculos de la Caja de Acci\u00f3n Social de San Juan"},"content":{"rendered":"<p>El Viernes, 25 de Abril de 2025, la Caja de Acci\u00f3n Social &#8211; CAS-\u00a0realiza el\u00a0primer remate de 2025 de movilidades de organismos p\u00fablicos.<\/p>\n<p>Se trata de uno de los eventos de gran convocatoria, ya que cada a\u00f1o, representa una oportunidad para los sanjuaninos de adquirir veh\u00edculos con bases menores a las de mercado.<\/p>\n<p><strong><span style=\"color: #ff6600;\">En esta oportunidad, la cita es en la Gerencia de Pr\u00e9stamos, Mendoza, 451 &#8211; S -, a las 17 hs.; donde se subastan<\/span><\/strong><\/p>\n<ol>\n<li>Renault Megane 1.6 Bic Authentique Sedan 5 puertas, modelo 2006 \u2013 Base: $300 mil<\/li>\n<li>Renault Megane TRI 1.6 L Pack Plus Sedan 4 puertas, modelo 2007 &#8211; Base: $300 mil<\/li>\n<li>Chevrolet Corsa II 1.8 GL Sedan 5 puertas, modelo 2006 &#8211; Base: $300 mil<\/li>\n<li>Renault Kangoo Confort 1.9 Diesel Sportway Sedan 4 puertas, doble port\u00f3n, modelo 2008 Base: $500 mil<\/li>\n<li>Ford Ranger CS 4&#215;2 XL Plus Pickup 3.0 LD, modelo 2007 \u2013 Base: $1 mill\u00f3n<\/li>\n<li>Ford F-100D Pickup, modelo 1989 \u2013 Base: $800 mil<\/li>\n<li>Chevrolet S10 2.6 TDI STD 4&#215;2 Electronic Pickup, modelo 2012 \u2013 Base: $1.2 millones<\/li>\n<li>Ford Ranger DC 4&#215;4 Superduty 3.0 LD Pickup cabina doble, modelo 2011 \u2013 Base: $1.5 millones<\/li>\n<\/ol>\n<p>Las movilidades pertenecen a la Corte de Justicia, a la Defensor\u00eda del Pueblo de San Juan y a Distribuidora El\u00e9ctrica de Caucete S.A. &#8211; DECSA.<\/p>\n<p>Los interesados en conocer los veh\u00edculos pueden asistir a la exhibici\u00f3n de los mismos, que se realiza el 21; 22; 23 y 24 de Abril, de 14 a 18 horas, en el predio de Corrientes, 1090 &#8211; E &#8211; Capital, ex Urbino.<\/p>\n<p><span style=\"color: #ff6600;\"><strong>Requisitos para participar<\/strong><\/span><\/p>\n<ol>\n<li>Asistir con D.N.I. para adquirir un lote.<\/li>\n<li>Abonar en Pesos ($): 10% del monto total m\u00e1s (+) 10% de comisi\u00f3n de martilleros.<\/li>\n<li>Contado efectivo, transferencia bancaria o Mercado Pago, no D\u00f3lar ni Cheques<\/li>\n<li>El saldo restante se debe Cancelar dentro de los cinco d\u00edas h\u00e1biles siguientes en Caja de Acci\u00f3n Social, Santa Fe 10 &#8211; E &#8211;\u00a0 1\u00ba Piso Tesorer\u00eda, de 07 a 10 hs.; sin excepci\u00f3n. En caso contrario, puede la suma pagada como se\u00f1a anteriormente y el lote se\u00f1ado.<\/li>\n<\/ol>\n<p><span style=\"color: #ff6600;\"><strong>Requisitos para retirar el LOTE<\/strong><\/span><\/p>\n<ul>\n<li>Debe tener la boleta entregada por Tesorer\u00eda, con el sello de \u00abCancelado\u00bb.<\/li>\n<li>Los Formularios son 100% a cargo del \u201cComprador\u201d.<\/li>\n<li>Para iniciar el tr\u00e1mite de transferencia, acercarse por la Entidad Vendedora.<\/li>\n<li>Para retirar el bien adquirido presentar los requisitos que solicite la Entidad Vendedora.<\/li>\n<\/ul>\n<p><span style=\"color: #ff6600;\"><strong>Tener en cuenta<\/strong><\/span><\/p>\n<ul>\n<li>Se participa sin inscripci\u00f3n y no se debe abonar ning\u00fan costo con anterioridad al remate.<\/li>\n<li>Precio base: es el valor de asignado de referencia a cada lote y con este comienza el martillero para el remate.<\/li>\n<li>El precio final para la adquisici\u00f3n de un lote es al \u00abMejor Postor\u00bb.<\/li>\n<\/ul>\n<p><strong><span style=\"color: #ff6600;\">Para m\u00e1s informaci\u00f3n<\/span><\/strong><\/p>\n<p>Los interesados deben contactarse a los tel\u00e9fonos 2644102526 o al 2644868564, a trav\u00e9s de WhatsApp. Tambi\u00e9n, pueden escribir al correo electr\u00f3nico: <span id=\"cloak9613c3711a9b36791d1b2d84d255508d\"><a href=\"mailto:div.remates@cas.gob.ar\">div.remates@cas.gob.ar<\/a><\/span><\/p>\n<p>&nbsp;<\/p>\n<p><img loading=\"lazy\" decoding=\"async\" class=\"alignnone size-full wp-image-65642\" src=\"https:\/\/vocesparalelas.com.ar\/sitio\/wp-content\/uploads\/2023\/11\/GOBIERNO-SAN-JUAN.jpg\" alt=\"\" width=\"800\" height=\"600\" srcset=\"https:\/\/vocesparalelas.com.ar\/sitio\/wp-content\/uploads\/2023\/11\/GOBIERNO-SAN-JUAN.jpg 800w, https:\/\/vocesparalelas.com.ar\/sitio\/wp-content\/uploads\/2023\/11\/GOBIERNO-SAN-JUAN-300x225.jpg 300w, https:\/\/vocesparalelas.com.ar\/sitio\/wp-content\/uploads\/2023\/11\/GOBIERNO-SAN-JUAN-768x576.jpg 768w\" sizes=\"auto, (max-width: 800px) 100vw, 800px\" \/><\/p>\n","protected":false},"excerpt":{"rendered":"<p>El Viernes, 25 de Abril de 2025, la Caja de Acci\u00f3n Social &#8211; CAS-\u00a0realiza el\u00a0primer remate de 2025 de movilidades<\/p>\n","protected":false},"author":3,"featured_media":71490,"comment_status":"closed","ping_status":"closed","sticky":false,"template":"","format":"standard","meta":{"_acf_changed":false,"_seopress_robots_primary_cat":"none","_seopress_titles_title":"","_seopress_titles_desc":"","_seopress_robots_index":"","colormag_page_container_layout":"default_layout","colormag_page_sidebar_layout":"default_layout","footnotes":""},"categories":[6],"tags":[],"class_list":["post-84659","post","type-post","status-publish","format-standard","has-post-thumbnail","hentry","category-eventos"],"acf":[],"_links":{"self":[{"href":"https:\/\/vocesparalelas.com.ar\/sitio\/wp-json\/wp\/v2\/posts\/84659","targetHints":{"allow":["GET"]}}],"collection":[{"href":"https:\/\/vocesparalelas.com.ar\/sitio\/wp-json\/wp\/v2\/posts"}],"about":[{"href":"https:\/\/vocesparalelas.com.ar\/sitio\/wp-json\/wp\/v2\/types\/post"}],"author":[{"embeddable":true,"href":"https:\/\/vocesparalelas.com.ar\/sitio\/wp-json\/wp\/v2\/users\/3"}],"replies":[{"embeddable":true,"href":"https:\/\/vocesparalelas.com.ar\/sitio\/wp-json\/wp\/v2\/comments?post=84659"}],"version-history":[{"count":1,"href":"https:\/\/vocesparalelas.com.ar\/sitio\/wp-json\/wp\/v2\/posts\/84659\/revisions"}],"predecessor-version":[{"id":84662,"href":"https:\/\/vocesparalelas.com.ar\/sitio\/wp-json\/wp\/v2\/posts\/84659\/revisions\/84662"}],"wp:featuredmedia":[{"embeddable":true,"href":"https:\/\/vocesparalelas.com.ar\/sitio\/wp-json\/wp\/v2\/media\/71490"}],"wp:attachment":[{"href":"https:\/\/vocesparalelas.com.ar\/sitio\/wp-json\/wp\/v2\/media?parent=84659"}],"wp:term":[{"taxonomy":"category","embeddable":true,"href":"https:\/\/vocesparalelas.com.ar\/sitio\/wp-json\/wp\/v2\/categories?post=84659"},{"taxonomy":"post_tag","embeddable":true,"href":"https:\/\/vocesparalelas.com.ar\/sitio\/wp-json\/wp\/v2\/tags?post=84659"}],"curies":[{"name":"wp","href":"https:\/\/api.w.org\/{rel}","templated":true}]}}