{"id":84640,"date":"2025-04-04T13:03:35","date_gmt":"2025-04-04T16:03:35","guid":{"rendered":"https:\/\/vocesparalelas.com.ar\/sitio\/?p=84640"},"modified":"2025-04-06T10:29:32","modified_gmt":"2025-04-06T13:29:32","slug":"se-desarrolla-el-triatlon-ironman-70-3-en-san-juan","status":"publish","type":"post","link":"https:\/\/vocesparalelas.com.ar\/sitio\/se-desarrolla-el-triatlon-ironman-70-3-en-san-juan\/","title":{"rendered":"Se desarrolla el Triatl\u00f3n Ironman 70.3 en San Juan"},"content":{"rendered":"<p>En Casa de Gobierno de San Juan se realiz\u00f3 el lanzamiento del triatl\u00f3n Ironman 70.3, un evento que promete adrenalina y mucho esfuerzo.<\/p>\n<p>Del acto participaron el gobernador de San Juan, Dr. Marcelo Orrego, el ministro de Turismo, Cultura y Deporte, Dr. Guido Romero; la intendenta de la Municipalidad de la Ciudad Capital, Dra. Susana Laciar; la secretaria de Turismo, Bel\u00e9n Barboza; subsecretario de Alto Rendimiento, Prof. Eduardo Cerimedo; gerente General de Ironman Argentina, Rub\u00e9n Sciutto; directora de Ironman Latinoam\u00e9rica, Johana Jordan; director de Ironman Argentina, Mariano Patrone y otros participantes.<\/p>\n<p>Cabe destacar que, de los 1200 participantes, 400 son extranjeros, 700 de Argentina y 100 aproximadamente de la provincia de San Juan.<\/p>\n<p>Por ello, el subsecretario de Alto Rendimiento, Prof. Eduardo Cerimedo describi\u00f3 la importancia del triatrol en San Juan.<\/p>\n<p><iframe loading=\"lazy\" title=\"SAN JUAN IRONMAN 2025 PROF EDUARDO CERIMEDO\" width=\"800\" height=\"450\" src=\"https:\/\/www.youtube.com\/embed\/ArTiN4eFjRE?feature=oembed\" frameborder=\"0\" allow=\"accelerometer; autoplay; clipboard-write; encrypted-media; gyroscope; picture-in-picture; web-share\" referrerpolicy=\"strict-origin-when-cross-origin\" allowfullscreen><\/iframe><\/p>\n<p>&nbsp;<\/p>\n<p>Luego, el gerente General de Ironman Argentina, Rub\u00e9n Sciutto destac\u00f3 la elecci\u00f3n para que se desarrolle en San Juan posicion\u00e1ndolo, en el mundo.<\/p>\n<p><iframe loading=\"lazy\" title=\"SAN JUAN IRONMAN 2025 RUB\u00c9N SCIUTTO\" width=\"800\" height=\"450\" src=\"https:\/\/www.youtube.com\/embed\/607Ua5O1Dls?feature=oembed\" frameborder=\"0\" allow=\"accelerometer; autoplay; clipboard-write; encrypted-media; gyroscope; picture-in-picture; web-share\" referrerpolicy=\"strict-origin-when-cross-origin\" allowfullscreen><\/iframe><\/p>\n<p>Seguidamente, el director de Ironman Argentina, Mariano Patrone puntualiz\u00f3 como San Jua elegido para que los participantes al triatl\u00f3n lleguen a San Juan como un espacio deportivo para disfrutar.<\/p>\n<p><iframe loading=\"lazy\" title=\"SAN JUAN IRONMAN MARIANO PATRONE\" width=\"800\" height=\"450\" src=\"https:\/\/www.youtube.com\/embed\/p8o9fAy6nMY?feature=oembed\" frameborder=\"0\" allow=\"accelerometer; autoplay; clipboard-write; encrypted-media; gyroscope; picture-in-picture; web-share\" referrerpolicy=\"strict-origin-when-cross-origin\" allowfullscreen><\/iframe><\/p>\n<p>A continuaci\u00f3n, la directora de Ironman Latinoam\u00e9rica, Johana Jordan, quien pidi\u00f3 disculpas por la tardanza a la actividad pero ven\u00eda de visitar los espacios elegidos en San Juan para el desarrollo del Triatl\u00f3n.<\/p>\n<figure id=\"attachment_84657\" aria-describedby=\"caption-attachment-84657\" style=\"width: 800px\" class=\"wp-caption alignnone\"><img loading=\"lazy\" decoding=\"async\" class=\"size-full wp-image-84657\" src=\"https:\/\/vocesparalelas.com.ar\/sitio\/wp-content\/uploads\/2025\/04\/IRONMAN-JOHANA-JORDAN.jpg\" alt=\"\" width=\"800\" height=\"533\" srcset=\"https:\/\/vocesparalelas.com.ar\/sitio\/wp-content\/uploads\/2025\/04\/IRONMAN-JOHANA-JORDAN.jpg 800w, https:\/\/vocesparalelas.com.ar\/sitio\/wp-content\/uploads\/2025\/04\/IRONMAN-JOHANA-JORDAN-300x200.jpg 300w, https:\/\/vocesparalelas.com.ar\/sitio\/wp-content\/uploads\/2025\/04\/IRONMAN-JOHANA-JORDAN-768x512.jpg 768w\" sizes=\"auto, (max-width: 800px) 100vw, 800px\" \/><figcaption id=\"caption-attachment-84657\" class=\"wp-caption-text\">Directora de Ironman Latinoam\u00e9rica, Johana Jordan<\/figcaption><\/figure>\n<p>&nbsp;<\/p>\n<p><iframe loading=\"lazy\" title=\"SAN JUAN IRONMAN JOHANA JORDAN\" width=\"800\" height=\"450\" src=\"https:\/\/www.youtube.com\/embed\/atpPc0Y3EjQ?feature=oembed\" frameborder=\"0\" allow=\"accelerometer; autoplay; clipboard-write; encrypted-media; gyroscope; picture-in-picture; web-share\" referrerpolicy=\"strict-origin-when-cross-origin\" allowfullscreen><\/iframe><\/p>\n<p>Finalmente, el Gobernador de San Juan, Dr. Marcelo Orrego agradeci\u00f3 a los organizadores para el desarrollo con seguridad del Triatl\u00f3n.<\/p>\n<p>&nbsp;<\/p>\n<p><iframe loading=\"lazy\" title=\"SAN JUAN IRONMAN GOBERNADOR DR MARCELO ORREGO\" width=\"800\" height=\"450\" src=\"https:\/\/www.youtube.com\/embed\/D77l1x-WPsc?feature=oembed\" frameborder=\"0\" allow=\"accelerometer; autoplay; clipboard-write; encrypted-media; gyroscope; picture-in-picture; web-share\" referrerpolicy=\"strict-origin-when-cross-origin\" allowfullscreen><\/iframe><\/p>\n<p>El S\u00e1bado, 5 de Abril es el turno de los m\u00e1s peque\u00f1os con el Ironkids, cuya concentraci\u00f3n es a las 10:30 hs.; en la Plaza Seca del Centro C\u00edvico, y la largada a las 11 hs.<\/p>\n<p><img loading=\"lazy\" decoding=\"async\" class=\"alignnone size-full wp-image-70984\" src=\"https:\/\/vocesparalelas.com.ar\/sitio\/wp-content\/uploads\/2024\/04\/IROMAN-KITS.jpg\" alt=\"\" width=\"800\" height=\"450\" srcset=\"https:\/\/vocesparalelas.com.ar\/sitio\/wp-content\/uploads\/2024\/04\/IROMAN-KITS.jpg 800w, https:\/\/vocesparalelas.com.ar\/sitio\/wp-content\/uploads\/2024\/04\/IROMAN-KITS-300x169.jpg 300w, https:\/\/vocesparalelas.com.ar\/sitio\/wp-content\/uploads\/2024\/04\/IROMAN-KITS-768x432.jpg 768w\" sizes=\"auto, (max-width: 800px) 100vw, 800px\" \/><\/p>\n<p>El plato fuerte es el Domingo, 6 de Abril: la largada del Ironman 70.3 es a las 8 hs.; en el Embarcadero Punta Negra y la llegada es en la Plaza del Bicentenario.<\/p>\n<p>Finalmente, la jornada culmina con la esperada entrega de premios a las 19 hs.; en Ancestral.<\/p>\n<p><strong><span style=\"color: #ff0000;\">Expo Ironman<\/span><\/strong><\/p>\n<p>Del 3 al 5 de abril, de 11 a 20 hs., se llevar\u00e1 a cabo la Carpa de Expo Ironman, un espacio con 30 stands donde empresas exhibir\u00e1n la oferta exportable de San Juan. Este gran centro comercial deportivo contar\u00e1 con la participaci\u00f3n del Ministerio de Producci\u00f3n, Trabajo e Innovaci\u00f3n, que presentar\u00e1 una muestra de inter\u00e9s general.<\/p>\n<p>Los visitantes pueden encontrar alimentos saludables, indumentaria, tecnolog\u00eda y equipamiento deportivo especializado, as\u00ed como suplementos alimentarios y otros productos y servicios afines.<\/p>\n<p>Adem\u00e1s, en este marco, se realizan encuentros de negocios y una serie de charlas como parte de los atractivos del evento.<\/p>\n<p>Las charlas, conferencias y degustaciones ser\u00e1n abiertas al p\u00fablico y estar\u00e1n a cargo de empresarios sanjuaninos, junto con profesionales y estudiantes de la Universidad Cat\u00f3lica de Cuyo.<\/p>\n<p>Entre los temas a tratar, se destacan el emprendedurismo para exportar, salud y nutrici\u00f3n, adem\u00e1s de degustaciones de aceite, vino y dulce de membrillo.<\/p>\n<p><img loading=\"lazy\" decoding=\"async\" class=\"alignnone size-full wp-image-67926\" src=\"https:\/\/vocesparalelas.com.ar\/sitio\/wp-content\/uploads\/2024\/01\/IRONMAN-CICLISMO.jpg\" alt=\"\" width=\"800\" height=\"533\" srcset=\"https:\/\/vocesparalelas.com.ar\/sitio\/wp-content\/uploads\/2024\/01\/IRONMAN-CICLISMO.jpg 800w, https:\/\/vocesparalelas.com.ar\/sitio\/wp-content\/uploads\/2024\/01\/IRONMAN-CICLISMO-300x200.jpg 300w, https:\/\/vocesparalelas.com.ar\/sitio\/wp-content\/uploads\/2024\/01\/IRONMAN-CICLISMO-768x512.jpg 768w\" sizes=\"auto, (max-width: 800px) 100vw, 800px\" \/> <img loading=\"lazy\" decoding=\"async\" class=\"alignnone size-full wp-image-67928\" src=\"https:\/\/vocesparalelas.com.ar\/sitio\/wp-content\/uploads\/2024\/01\/IRONMAN-RUNNING.jpg\" alt=\"\" width=\"800\" height=\"534\" srcset=\"https:\/\/vocesparalelas.com.ar\/sitio\/wp-content\/uploads\/2024\/01\/IRONMAN-RUNNING.jpg 800w, https:\/\/vocesparalelas.com.ar\/sitio\/wp-content\/uploads\/2024\/01\/IRONMAN-RUNNING-300x200.jpg 300w, https:\/\/vocesparalelas.com.ar\/sitio\/wp-content\/uploads\/2024\/01\/IRONMAN-RUNNING-768x513.jpg 768w\" sizes=\"auto, (max-width: 800px) 100vw, 800px\" \/> <img loading=\"lazy\" decoding=\"async\" class=\"alignnone size-full wp-image-67927\" src=\"https:\/\/vocesparalelas.com.ar\/sitio\/wp-content\/uploads\/2024\/01\/IRONMAN-NATACION.jpg\" alt=\"\" width=\"800\" height=\"490\" srcset=\"https:\/\/vocesparalelas.com.ar\/sitio\/wp-content\/uploads\/2024\/01\/IRONMAN-NATACION.jpg 800w, https:\/\/vocesparalelas.com.ar\/sitio\/wp-content\/uploads\/2024\/01\/IRONMAN-NATACION-300x184.jpg 300w, https:\/\/vocesparalelas.com.ar\/sitio\/wp-content\/uploads\/2024\/01\/IRONMAN-NATACION-768x470.jpg 768w\" sizes=\"auto, (max-width: 800px) 100vw, 800px\" \/><\/p>\n","protected":false},"excerpt":{"rendered":"<p>En Casa de Gobierno de San Juan se realiz\u00f3 el lanzamiento del triatl\u00f3n Ironman 70.3, un evento que promete adrenalina<\/p>\n","protected":false},"author":3,"featured_media":84643,"comment_status":"closed","ping_status":"closed","sticky":false,"template":"","format":"standard","meta":{"_acf_changed":false,"_seopress_robots_primary_cat":"none","_seopress_titles_title":"","_seopress_titles_desc":"","_seopress_robots_index":"","colormag_page_container_layout":"default_layout","colormag_page_sidebar_layout":"default_layout","footnotes":""},"categories":[6,7],"tags":[],"class_list":["post-84640","post","type-post","status-publish","format-standard","has-post-thumbnail","hentry","category-eventos","category-videos"],"acf":[],"_links":{"self":[{"href":"https:\/\/vocesparalelas.com.ar\/sitio\/wp-json\/wp\/v2\/posts\/84640","targetHints":{"allow":["GET"]}}],"collection":[{"href":"https:\/\/vocesparalelas.com.ar\/sitio\/wp-json\/wp\/v2\/posts"}],"about":[{"href":"https:\/\/vocesparalelas.com.ar\/sitio\/wp-json\/wp\/v2\/types\/post"}],"author":[{"embeddable":true,"href":"https:\/\/vocesparalelas.com.ar\/sitio\/wp-json\/wp\/v2\/users\/3"}],"replies":[{"embeddable":true,"href":"https:\/\/vocesparalelas.com.ar\/sitio\/wp-json\/wp\/v2\/comments?post=84640"}],"version-history":[{"count":3,"href":"https:\/\/vocesparalelas.com.ar\/sitio\/wp-json\/wp\/v2\/posts\/84640\/revisions"}],"predecessor-version":[{"id":84658,"href":"https:\/\/vocesparalelas.com.ar\/sitio\/wp-json\/wp\/v2\/posts\/84640\/revisions\/84658"}],"wp:featuredmedia":[{"embeddable":true,"href":"https:\/\/vocesparalelas.com.ar\/sitio\/wp-json\/wp\/v2\/media\/84643"}],"wp:attachment":[{"href":"https:\/\/vocesparalelas.com.ar\/sitio\/wp-json\/wp\/v2\/media?parent=84640"}],"wp:term":[{"taxonomy":"category","embeddable":true,"href":"https:\/\/vocesparalelas.com.ar\/sitio\/wp-json\/wp\/v2\/categories?post=84640"},{"taxonomy":"post_tag","embeddable":true,"href":"https:\/\/vocesparalelas.com.ar\/sitio\/wp-json\/wp\/v2\/tags?post=84640"}],"curies":[{"name":"wp","href":"https:\/\/api.w.org\/{rel}","templated":true}]}}