{"id":84527,"date":"2025-03-31T20:01:53","date_gmt":"2025-03-31T23:01:53","guid":{"rendered":"https:\/\/vocesparalelas.com.ar\/sitio\/?p=84527"},"modified":"2025-04-01T19:50:08","modified_gmt":"2025-04-01T22:50:08","slug":"se-modifican-momentaneamente-el-servicio-de-colectivos-de-la-redtulum-por-ironman-70-3-san-juan","status":"publish","type":"post","link":"https:\/\/vocesparalelas.com.ar\/sitio\/se-modifican-momentaneamente-el-servicio-de-colectivos-de-la-redtulum-por-ironman-70-3-san-juan\/","title":{"rendered":"Se modifican moment\u00e1neamente el servicio de colectivos de la RedTulum por \u201cIronman 70.3 San Juan\u201d"},"content":{"rendered":"<p>El Ministerio de Gobierno, a trav\u00e9s de la Direcci\u00f3n de Coordinaci\u00f3n de RedTulum inform\u00f3 sobre modificaciones del servicio de colectivos que tendr\u00e1n lugar desde el Mi\u00e9rcoles, 2 hasta el Domingo 6 de Abril.<\/p>\n<p>Durante estas jornadas se realizar\u00e1 una nueva edici\u00f3n del\u00a0evento internacional \u201cIronman 70.3 San Juan\u201d, competencia que abarca diferentes disciplinas deportivas y actos de entretenimiento y cultura.<\/p>\n<p>Los desv\u00edos que se producen afectan a las l\u00edneas de colectivos que circulan por Santa Fe hasta Espa\u00f1a, que modifican su recorrido habitual pasando desde Santa Fe por Avenida Leandro N. Alem hasta Avenida C\u00f3rdoba, Departamento Capital.<\/p>\n<p><strong><span style=\"color: #ff6600;\">Las l\u00edneas de colectivo abarcadas por estos cambios son<\/span><\/strong><\/p>\n<ul>\n<li>3,<\/li>\n<li>160,<\/li>\n<li>161,<\/li>\n<li>244,<\/li>\n<li>322,<\/li>\n<li>364.<\/li>\n<\/ul>\n<p><img loading=\"lazy\" decoding=\"async\" class=\"alignnone size-full wp-image-74417\" src=\"https:\/\/vocesparalelas.com.ar\/sitio\/wp-content\/uploads\/2024\/07\/REDTULUM-LOGO.jpg\" alt=\"\" width=\"800\" height=\"600\" srcset=\"https:\/\/vocesparalelas.com.ar\/sitio\/wp-content\/uploads\/2024\/07\/REDTULUM-LOGO.jpg 800w, https:\/\/vocesparalelas.com.ar\/sitio\/wp-content\/uploads\/2024\/07\/REDTULUM-LOGO-300x225.jpg 300w, https:\/\/vocesparalelas.com.ar\/sitio\/wp-content\/uploads\/2024\/07\/REDTULUM-LOGO-768x576.jpg 768w\" sizes=\"auto, (max-width: 800px) 100vw, 800px\" \/><\/p>\n","protected":false},"excerpt":{"rendered":"<p>El Ministerio de Gobierno, a trav\u00e9s de la Direcci\u00f3n de Coordinaci\u00f3n de RedTulum inform\u00f3 sobre modificaciones del servicio de colectivos<\/p>\n","protected":false},"author":3,"featured_media":83510,"comment_status":"closed","ping_status":"closed","sticky":false,"template":"","format":"standard","meta":{"_acf_changed":false,"_seopress_robots_primary_cat":"none","_seopress_titles_title":"","_seopress_titles_desc":"","_seopress_robots_index":"","colormag_page_container_layout":"default_layout","colormag_page_sidebar_layout":"default_layout","footnotes":""},"categories":[6],"tags":[],"class_list":["post-84527","post","type-post","status-publish","format-standard","has-post-thumbnail","hentry","category-eventos"],"acf":[],"_links":{"self":[{"href":"https:\/\/vocesparalelas.com.ar\/sitio\/wp-json\/wp\/v2\/posts\/84527","targetHints":{"allow":["GET"]}}],"collection":[{"href":"https:\/\/vocesparalelas.com.ar\/sitio\/wp-json\/wp\/v2\/posts"}],"about":[{"href":"https:\/\/vocesparalelas.com.ar\/sitio\/wp-json\/wp\/v2\/types\/post"}],"author":[{"embeddable":true,"href":"https:\/\/vocesparalelas.com.ar\/sitio\/wp-json\/wp\/v2\/users\/3"}],"replies":[{"embeddable":true,"href":"https:\/\/vocesparalelas.com.ar\/sitio\/wp-json\/wp\/v2\/comments?post=84527"}],"version-history":[{"count":1,"href":"https:\/\/vocesparalelas.com.ar\/sitio\/wp-json\/wp\/v2\/posts\/84527\/revisions"}],"predecessor-version":[{"id":84530,"href":"https:\/\/vocesparalelas.com.ar\/sitio\/wp-json\/wp\/v2\/posts\/84527\/revisions\/84530"}],"wp:featuredmedia":[{"embeddable":true,"href":"https:\/\/vocesparalelas.com.ar\/sitio\/wp-json\/wp\/v2\/media\/83510"}],"wp:attachment":[{"href":"https:\/\/vocesparalelas.com.ar\/sitio\/wp-json\/wp\/v2\/media?parent=84527"}],"wp:term":[{"taxonomy":"category","embeddable":true,"href":"https:\/\/vocesparalelas.com.ar\/sitio\/wp-json\/wp\/v2\/categories?post=84527"},{"taxonomy":"post_tag","embeddable":true,"href":"https:\/\/vocesparalelas.com.ar\/sitio\/wp-json\/wp\/v2\/tags?post=84527"}],"curies":[{"name":"wp","href":"https:\/\/api.w.org\/{rel}","templated":true}]}}