{"id":84471,"date":"2025-03-30T19:56:05","date_gmt":"2025-03-30T22:56:05","guid":{"rendered":"https:\/\/vocesparalelas.com.ar\/sitio\/?p=84471"},"modified":"2025-03-31T21:02:54","modified_gmt":"2025-04-01T00:02:54","slug":"se-habilita-provisoriamente-el-tramo-comprendido-entre-las-heras-y-urquiza-de-la-avda-san-martin-en-san-juan","status":"publish","type":"post","link":"https:\/\/vocesparalelas.com.ar\/sitio\/se-habilita-provisoriamente-el-tramo-comprendido-entre-las-heras-y-urquiza-de-la-avda-san-martin-en-san-juan\/","title":{"rendered":"Se habilita provisoriamente el tramo comprendido entre Las Heras y Urquiza de la Avda. San Mart\u00edn en San Juan"},"content":{"rendered":"<p>La Avenida Libertador Gral. San Mart\u00edn, cuenta con un tramo habilitado de manera provisoria a partir del Lunes 31 de Marzo de 2025, luego que, la Direcci\u00f3n Provincial de Vialidad del Gobierno de San Juan completa la colocaci\u00f3n de la primera capa de arena asfalto.<\/p>\n<p>Se trata del tramo comprendido entre Las Heras y Urquiza. Los trabajos se realizaron durante la jornada del S\u00e1bado y consistieron en la aplicaci\u00f3n de una capa de 2,5 cent\u00edmetros de espesor, que cumple un rol estructural clave.<\/p>\n<p><img loading=\"lazy\" decoding=\"async\" class=\"alignnone size-full wp-image-84486\" src=\"https:\/\/vocesparalelas.com.ar\/sitio\/wp-content\/uploads\/2025\/03\/SAN-JUAN-LIBERTADOR-03.jpg\" alt=\"\" width=\"800\" height=\"600\" srcset=\"https:\/\/vocesparalelas.com.ar\/sitio\/wp-content\/uploads\/2025\/03\/SAN-JUAN-LIBERTADOR-03.jpg 800w, https:\/\/vocesparalelas.com.ar\/sitio\/wp-content\/uploads\/2025\/03\/SAN-JUAN-LIBERTADOR-03-300x225.jpg 300w, https:\/\/vocesparalelas.com.ar\/sitio\/wp-content\/uploads\/2025\/03\/SAN-JUAN-LIBERTADOR-03-768x576.jpg 768w\" sizes=\"auto, (max-width: 800px) 100vw, 800px\" \/><\/p>\n<p>Esta primera capa es fundamental, ya que permite regularizar la superficie y mejorar la adherencia con la capa final. Adem\u00e1s, cumple funciones de impermeabilizaci\u00f3n y protecci\u00f3n de la base, evitando filtraciones de agua y distribuyendo las cargas vehiculares de manera uniforme para reducir el riesgo de deformaciones prematuras en la calzada. Cabe recordar que esta arteria fue originalmente construida con losas de hormig\u00f3n.<\/p>\n<p>El tramo comprendido entre Urquiza y Las Heras queda habilitado temporalmente. Esta medida responde a la necesidad de optimizar la adherencia y estabilidad del material, ya que la circulaci\u00f3n vehicular contribuye a su consolidaci\u00f3n, mejorando la durabilidad del pavimento. Sin embargo, esta no es la capa definitiva, por lo que la calzada ser\u00e1 inhabilitada nuevamente en los pr\u00f3ximos d\u00edas para continuar con las siguientes etapas del proyecto.<\/p>\n<p><img loading=\"lazy\" decoding=\"async\" class=\"alignnone size-full wp-image-84476\" src=\"https:\/\/vocesparalelas.com.ar\/sitio\/wp-content\/uploads\/2025\/03\/SAN-JUAN-LIBERTADOR-02.jpg\" alt=\"\" width=\"800\" height=\"450\" srcset=\"https:\/\/vocesparalelas.com.ar\/sitio\/wp-content\/uploads\/2025\/03\/SAN-JUAN-LIBERTADOR-02.jpg 800w, https:\/\/vocesparalelas.com.ar\/sitio\/wp-content\/uploads\/2025\/03\/SAN-JUAN-LIBERTADOR-02-300x169.jpg 300w, https:\/\/vocesparalelas.com.ar\/sitio\/wp-content\/uploads\/2025\/03\/SAN-JUAN-LIBERTADOR-02-768x432.jpg 768w\" sizes=\"auto, (max-width: 800px) 100vw, 800px\" \/><\/p>\n<p>Las pr\u00f3ximas intervenciones incluye la colocaci\u00f3n de una membrana antirreflejo de fisuras, denominada geogrilla, y posteriormente la aplicaci\u00f3n del concreto asf\u00e1ltico definitivo de 5 cent\u00edmetros de espesor. Adem\u00e1s, se realizar\u00e1 la se\u00f1alizaci\u00f3n horizontal correspondiente en la calzada.<\/p>\n<p>Mientras se mantiene la habilitaci\u00f3n temporal, el tr\u00e1nsito puede circular en ambas calzadas del tramo intervenido. No obstante, la trocha Sur entre Urquiza y Toranzo contin\u00faa con restricciones, por lo que se recomienda a los conductores tomar rutas alternativas y circular con precauci\u00f3n.<\/p>\n<p>&nbsp;<\/p>\n<p><img loading=\"lazy\" decoding=\"async\" class=\"alignnone size-full wp-image-65642\" src=\"https:\/\/vocesparalelas.com.ar\/sitio\/wp-content\/uploads\/2023\/11\/GOBIERNO-SAN-JUAN.jpg\" alt=\"\" width=\"800\" height=\"600\" srcset=\"https:\/\/vocesparalelas.com.ar\/sitio\/wp-content\/uploads\/2023\/11\/GOBIERNO-SAN-JUAN.jpg 800w, https:\/\/vocesparalelas.com.ar\/sitio\/wp-content\/uploads\/2023\/11\/GOBIERNO-SAN-JUAN-300x225.jpg 300w, https:\/\/vocesparalelas.com.ar\/sitio\/wp-content\/uploads\/2023\/11\/GOBIERNO-SAN-JUAN-768x576.jpg 768w\" sizes=\"auto, (max-width: 800px) 100vw, 800px\" \/><\/p>\n","protected":false},"excerpt":{"rendered":"<p>La Avenida Libertador Gral. San Mart\u00edn, cuenta con un tramo habilitado de manera provisoria a partir del Lunes 31 de<\/p>\n","protected":false},"author":3,"featured_media":84479,"comment_status":"closed","ping_status":"closed","sticky":false,"template":"","format":"standard","meta":{"_acf_changed":false,"_seopress_robots_primary_cat":"none","_seopress_titles_title":"","_seopress_titles_desc":"","_seopress_robots_index":"","colormag_page_container_layout":"default_layout","colormag_page_sidebar_layout":"default_layout","footnotes":""},"categories":[6],"tags":[],"class_list":["post-84471","post","type-post","status-publish","format-standard","has-post-thumbnail","hentry","category-eventos"],"acf":[],"_links":{"self":[{"href":"https:\/\/vocesparalelas.com.ar\/sitio\/wp-json\/wp\/v2\/posts\/84471","targetHints":{"allow":["GET"]}}],"collection":[{"href":"https:\/\/vocesparalelas.com.ar\/sitio\/wp-json\/wp\/v2\/posts"}],"about":[{"href":"https:\/\/vocesparalelas.com.ar\/sitio\/wp-json\/wp\/v2\/types\/post"}],"author":[{"embeddable":true,"href":"https:\/\/vocesparalelas.com.ar\/sitio\/wp-json\/wp\/v2\/users\/3"}],"replies":[{"embeddable":true,"href":"https:\/\/vocesparalelas.com.ar\/sitio\/wp-json\/wp\/v2\/comments?post=84471"}],"version-history":[{"count":2,"href":"https:\/\/vocesparalelas.com.ar\/sitio\/wp-json\/wp\/v2\/posts\/84471\/revisions"}],"predecessor-version":[{"id":84487,"href":"https:\/\/vocesparalelas.com.ar\/sitio\/wp-json\/wp\/v2\/posts\/84471\/revisions\/84487"}],"wp:featuredmedia":[{"embeddable":true,"href":"https:\/\/vocesparalelas.com.ar\/sitio\/wp-json\/wp\/v2\/media\/84479"}],"wp:attachment":[{"href":"https:\/\/vocesparalelas.com.ar\/sitio\/wp-json\/wp\/v2\/media?parent=84471"}],"wp:term":[{"taxonomy":"category","embeddable":true,"href":"https:\/\/vocesparalelas.com.ar\/sitio\/wp-json\/wp\/v2\/categories?post=84471"},{"taxonomy":"post_tag","embeddable":true,"href":"https:\/\/vocesparalelas.com.ar\/sitio\/wp-json\/wp\/v2\/tags?post=84471"}],"curies":[{"name":"wp","href":"https:\/\/api.w.org\/{rel}","templated":true}]}}