{"id":84442,"date":"2025-03-28T21:41:09","date_gmt":"2025-03-29T00:41:09","guid":{"rendered":"https:\/\/vocesparalelas.com.ar\/sitio\/?p=84442"},"modified":"2025-03-28T21:41:09","modified_gmt":"2025-03-29T00:41:09","slug":"se-amplia-la-planta-del-laboratorio-monteverde-raffo-y-genera-150-puestos-de-trabajo-en-san-juan","status":"publish","type":"post","link":"https:\/\/vocesparalelas.com.ar\/sitio\/se-amplia-la-planta-del-laboratorio-monteverde-raffo-y-genera-150-puestos-de-trabajo-en-san-juan\/","title":{"rendered":"Se ampl\u00eda la planta del Laboratorio Monteverde-Raffo y genera 150 puestos de trabajo en San Juan"},"content":{"rendered":"<p>El gobernador de San Juan, Dr. Marcelo Orrego visit\u00f3 la planta del Laboratorio Monteverde-Raffode, Departamento Pocito, San Juan, acompa\u00f1ado por el ministro de Producci\u00f3n, Trabajo e Innovaci\u00f3n, CPN Gustavo Fern\u00e1ndez y el ministro de Salud, Dr. Amilcar Dobladez. Tambi\u00e9n estuvieron el director General Raffo Argentina, Claudio Beranendi y el gerente Planta San Juan, Hern\u00e1n Pereiro.<\/p>\n<p>El Laboratorio es considerado un modelo no s\u00f3lo en la provincia sino en la Rep\u00fablica Argentina, contin\u00faa consolid\u00e1ndose como un actor clave en la industria farmac\u00e9utica nacional.<\/p>\n<p>Con m\u00e1s de 20 a\u00f1os de presencia en San Juan, Monteverde-Raffo cuenta con una superficie cubierta superior a los 17.000 m2.<\/p>\n<p>En esta oportunidad, la visita estuvo motivada por la expansi\u00f3n de la planta con una inversi\u00f3n de 40 millones de d\u00f3lares. Esta apuesta permite aumentar la capacidad productiva, mantener los altos est\u00e1ndares de calidad y generar 150 nuevos puestos de trabajo en San Juan.<\/p>\n<p>Es as\u00ed que, el Gobernador de San Juan, Dr. Marcelo Orrego remarc\u00f3 que \u00abinvertir en Argentina no es f\u00e1cil, por eso como gobierno valoramos enormemente las iniciativas privadas que modernizan los procesos industriales y apuestan al crecimiento productivo de nuestra provincia. La importancia de generar condiciones favorables para las inversiones privadas en la provincia. Estos anuncios nos impulsan a seguir trabajando para que nuestra industria fabril contin\u00fae creciendo. La confianza de los empresarios en San Juan es un activo clave, y nuestro compromiso es garantizar transparencia y reglas claras en la gesti\u00f3n\u00bb.<\/p>\n<p>El gobernador felicit\u00f3 a las autoridades de Monteverde-Raffo y destac\u00f3 el impacto positivo de su crecimiento en el desarrollo econ\u00f3mico de la provincia. \u00abEstamos convencidos de que la colaboraci\u00f3n entre el sector p\u00fablico y privado es el camino para generar m\u00e1s empleo de calidad y mayores oportunidades de expansi\u00f3n productiva\u00bb.<\/p>\n<p>Por su lado, el director General Raffo Argentina, Claudio Beranendi asegur\u00f3 que \u201cla empresa comunica el proyecto de expansi\u00f3n de la planta: &#8216;Vamos a expandir en m\u00e1s de 2.300 metros nuestra planta actual, que tiene cerca de 17.000 metros cuadrados. Es una inversi\u00f3n que realizaremos en toda la regi\u00f3n, pero espec\u00edficamente en San Juan destinaremos aproximadamente 40 millones de d\u00f3lares durante los pr\u00f3ximos dos a\u00f1os\u201d.<\/p>\n<p>\u201cIncorporaremos recursos humanos de la provincia, lo que permitir\u00e1 incrementar nuestra dotaci\u00f3n actual, cercana a las 900 personas, en un 20% en ese per\u00edodo. Esto incluye tanto la incorporaci\u00f3n directa como el impacto indirecto que generar\u00e1 en la provincia. La verdad es que hay un compromiso muy grande de nuestra compa\u00f1\u00eda con San Juan\u201d.<\/p>\n<p>Al respecto, ministro de Producci\u00f3n, Trabajo e Innovaci\u00f3n, CPN Gustavo Fern\u00e1ndez remarc\u00f3 que \u201cestoy muy contento de acompa\u00f1ar al gobernador de la provincia y a las autoridades de Monteverde en este anuncio de nuevas inversiones para San Juan. La industria farmac\u00e9utica, dedicada a la producci\u00f3n de medicamentos, es el segundo sector en valor de exportaci\u00f3n de la provincia, despu\u00e9s del oro. \u201cMonteverde, adem\u00e1s, es el segundo mayor exportador de San Juan, solo detr\u00e1s de la miner\u00eda. Por eso, desde el gobierno provincial, trabajamos para facilitar tr\u00e1mites y reducir burocracias, impulsando as\u00ed al sector privado ya la industria. Este es un mandato de nuestro gobernador, Marcelo Orrego, que nos enorgullece llevar a la pr\u00e1ctica\u201d.<\/p>\n<p>&nbsp;<\/p>\n<p>&nbsp;<\/p>\n","protected":false},"excerpt":{"rendered":"<p>El gobernador de San Juan, Dr. Marcelo Orrego visit\u00f3 la planta del Laboratorio Monteverde-Raffode, Departamento Pocito, San Juan, acompa\u00f1ado por<\/p>\n","protected":false},"author":3,"featured_media":84445,"comment_status":"closed","ping_status":"closed","sticky":false,"template":"","format":"standard","meta":{"_acf_changed":false,"_seopress_robots_primary_cat":"none","_seopress_titles_title":"","_seopress_titles_desc":"","_seopress_robots_index":"","colormag_page_container_layout":"default_layout","colormag_page_sidebar_layout":"default_layout","footnotes":""},"categories":[1],"tags":[],"class_list":["post-84442","post","type-post","status-publish","format-standard","has-post-thumbnail","hentry","category-destacadas"],"acf":[],"_links":{"self":[{"href":"https:\/\/vocesparalelas.com.ar\/sitio\/wp-json\/wp\/v2\/posts\/84442","targetHints":{"allow":["GET"]}}],"collection":[{"href":"https:\/\/vocesparalelas.com.ar\/sitio\/wp-json\/wp\/v2\/posts"}],"about":[{"href":"https:\/\/vocesparalelas.com.ar\/sitio\/wp-json\/wp\/v2\/types\/post"}],"author":[{"embeddable":true,"href":"https:\/\/vocesparalelas.com.ar\/sitio\/wp-json\/wp\/v2\/users\/3"}],"replies":[{"embeddable":true,"href":"https:\/\/vocesparalelas.com.ar\/sitio\/wp-json\/wp\/v2\/comments?post=84442"}],"version-history":[{"count":1,"href":"https:\/\/vocesparalelas.com.ar\/sitio\/wp-json\/wp\/v2\/posts\/84442\/revisions"}],"predecessor-version":[{"id":84446,"href":"https:\/\/vocesparalelas.com.ar\/sitio\/wp-json\/wp\/v2\/posts\/84442\/revisions\/84446"}],"wp:featuredmedia":[{"embeddable":true,"href":"https:\/\/vocesparalelas.com.ar\/sitio\/wp-json\/wp\/v2\/media\/84445"}],"wp:attachment":[{"href":"https:\/\/vocesparalelas.com.ar\/sitio\/wp-json\/wp\/v2\/media?parent=84442"}],"wp:term":[{"taxonomy":"category","embeddable":true,"href":"https:\/\/vocesparalelas.com.ar\/sitio\/wp-json\/wp\/v2\/categories?post=84442"},{"taxonomy":"post_tag","embeddable":true,"href":"https:\/\/vocesparalelas.com.ar\/sitio\/wp-json\/wp\/v2\/tags?post=84442"}],"curies":[{"name":"wp","href":"https:\/\/api.w.org\/{rel}","templated":true}]}}