{"id":84436,"date":"2025-03-28T20:39:41","date_gmt":"2025-03-28T23:39:41","guid":{"rendered":"https:\/\/vocesparalelas.com.ar\/sitio\/?p=84436"},"modified":"2025-03-31T22:08:20","modified_gmt":"2025-04-01T01:08:20","slug":"la-unsj-y-el-ministerio-de-educacion-fortalecen-el-proyecto-acercando-la-universidad-a-la-escuela-primaria-en-san-juan","status":"publish","type":"post","link":"https:\/\/vocesparalelas.com.ar\/sitio\/la-unsj-y-el-ministerio-de-educacion-fortalecen-el-proyecto-acercando-la-universidad-a-la-escuela-primaria-en-san-juan\/","title":{"rendered":"La UNSJ y el Ministerio de Educaci\u00f3n fortalecen el Proyecto \u201cAcercando la Universidad a la Escuela Primaria\u201d en San Juan"},"content":{"rendered":"<p>El Ministerio de Educaci\u00f3n del Gobierno de San Juan y la Universidad Nacional de San Juan desarrollan \u201cAcercando la Universidad a la Escuela Primaria\u201d,, donde participaron estudiantes de ocho escuelas primarias iniciaron\u00a0 con una actividad en el Complejo Deportivo El Palomar de la UNSJ.<\/p>\n<p>Participaron 200 alumnos que experimentaron aspectos vinculados a la universidad a trav\u00e9s de actividades recreativas, art\u00edsticas y deportivas.<\/p>\n<p>La iniciativa tuvo un acto de presentaci\u00f3n, que fue presidida por la ministra de Educaci\u00f3n, Lic. Silvia Fuentes, y el rector de la UNSJ, Ing., Tadeo Berenguer.<\/p>\n<p><img loading=\"lazy\" decoding=\"async\" class=\"alignnone size-large wp-image-84440\" src=\"https:\/\/vocesparalelas.com.ar\/sitio\/wp-content\/uploads\/2025\/03\/UNSJ-MINISTERIO-02.jpg\" alt=\"\" width=\"800\" height=\"533\" srcset=\"https:\/\/vocesparalelas.com.ar\/sitio\/wp-content\/uploads\/2025\/03\/UNSJ-MINISTERIO-02.jpg 800w, https:\/\/vocesparalelas.com.ar\/sitio\/wp-content\/uploads\/2025\/03\/UNSJ-MINISTERIO-02-300x200.jpg 300w, https:\/\/vocesparalelas.com.ar\/sitio\/wp-content\/uploads\/2025\/03\/UNSJ-MINISTERIO-02-768x512.jpg 768w\" sizes=\"auto, (max-width: 800px) 100vw, 800px\" \/><\/p>\n<p>En este contexto, la ministra de Educaci\u00f3n del Gobierno de San Juan, Lic. Silvia Fuentes acentu\u00f3 que \u00ablos docentes dejamos huella en los estudiantes, una semillita vinculada a la educaci\u00f3n que luego florece. Esta acci\u00f3n es una de ellas, porque los alumnos volver\u00e1n a sus casas y hablar\u00e1n con sus familias sobre qu\u00e9 aprendieron, qu\u00e9 carreras les gustar\u00eda estudiar m\u00e1s adelante. Celebramos esta iniciativa y todas aquellas que piensen en nuestros estudiantes, que son el futuro de San Juan\u201d.<\/p>\n<p>El proyecto, que depende del vicerrectorado de la UNS y tiene la coordinaci\u00f3n t\u00e9cnico-pedag\u00f3gica de Lic. Leonardo Parietti y la Lic. Fabiana Rojo Vitoloni. Tiene como objetivo visibilizar y generar v\u00ednculos con la universidad, para que pueda formar parte del proyecto de vida de alumnos que transitan los \u00faltimos a\u00f1os de la escuela primaria.<\/p>\n<p>Luego, el Rector de la UNSJ, Ing. Tadeo Berenguer destac\u00f3 que \u00abla iniciativa implica echar ra\u00edces y abrir la puerta de nuestra universidad a los futuros estudiantes. Es importante este concepto de que los estudiantes ahora hablen con sus padres sobre la experiencia. En el di\u00e1logo de la mesa familiar debe estar insertada la universidad, p\u00fablica y gratuita, una universidad que les brindar\u00e1 un lugar donde estudiar\u201d.<\/p>\n<p><span style=\"color: #ff6600;\"><strong>El encuentro se desarroll\u00f3 en el Complejo Deportivo El Palomar de la UNSJ con la participaron alumnos<\/strong><\/span><\/p>\n<ul>\n<li>Escuela Cecilio \u00c1vila,<\/li>\n<li>Escuela Provincia de Buenos Aires,<\/li>\n<li>Escuela Pedro Cort\u00ednez,<\/li>\n<li>Escuela H\u00e9ctor Conte Grand,<\/li>\n<li>Escuela Rep\u00fablica de Bolivia,<\/li>\n<li>Escuela Presidente Roca,<\/li>\n<li>Escuela Provincia de Santiago del Estero<\/li>\n<li>Escuela Juan Dolores Godoy.<\/li>\n<\/ul>\n<p>Los chicos realizaron diferentes actividades, acompa\u00f1ados por sus docentes, que incluyeron desde la confecci\u00f3n de banderas a presenciar obras musicales y de t\u00edteres.<\/p>\n<p><strong><span style=\"color: #ff6600;\">Luego de esta primera experiencia, la ejecuci\u00f3n del dispositivo contempla tres diferentes pasos<\/span><\/strong><\/p>\n<ol>\n<li>\u201cLa Universidad se acerca a la escuela primaria\u201d<\/li>\n<li>\u201cV\u00ednculos con las Familias\u201d<\/li>\n<li>\u201cLas escuelas van a la UNSJ e Institutos Preuniversitarios\u201d<\/li>\n<\/ol>\n<p>Con un cierre previsto para mediados de a\u00f1o. El proyecto permite la participaci\u00f3n articulada y activa directivos, docentes y alumnos de diferentes escuelas primarias pertenecientes al Ministerio de Educaci\u00f3n y docentes y autoridades de la UNSJ, mediante producciones y trabajos.<\/p>\n<p>Adem\u00e1s, contempla la apertura y presentaci\u00f3n a los alumnos de los diversos espacios que conforman las facultades, en las que se realizan las pr\u00e1cticas pedag\u00f3gicas e investigativas de la Universidad Nacional de San Juan.<\/p>\n<p><img loading=\"lazy\" decoding=\"async\" class=\"alignnone size-full wp-image-79515\" src=\"https:\/\/vocesparalelas.com.ar\/sitio\/wp-content\/uploads\/2024\/11\/UNSJ-LOGO-01.jpg\" alt=\"\" width=\"800\" height=\"459\" srcset=\"https:\/\/vocesparalelas.com.ar\/sitio\/wp-content\/uploads\/2024\/11\/UNSJ-LOGO-01.jpg 800w, https:\/\/vocesparalelas.com.ar\/sitio\/wp-content\/uploads\/2024\/11\/UNSJ-LOGO-01-300x172.jpg 300w, https:\/\/vocesparalelas.com.ar\/sitio\/wp-content\/uploads\/2024\/11\/UNSJ-LOGO-01-768x441.jpg 768w\" sizes=\"auto, (max-width: 800px) 100vw, 800px\" \/><\/p>\n<p><img loading=\"lazy\" decoding=\"async\" class=\"alignnone size-full wp-image-28629\" src=\"https:\/\/vocesparalelas.com.ar\/sitio\/wp-content\/uploads\/2020\/05\/MINISTERIO-EDUCACION-SJ.jpg\" alt=\"\" width=\"800\" height=\"533\" srcset=\"https:\/\/vocesparalelas.com.ar\/sitio\/wp-content\/uploads\/2020\/05\/MINISTERIO-EDUCACION-SJ.jpg 800w, https:\/\/vocesparalelas.com.ar\/sitio\/wp-content\/uploads\/2020\/05\/MINISTERIO-EDUCACION-SJ-300x200.jpg 300w, https:\/\/vocesparalelas.com.ar\/sitio\/wp-content\/uploads\/2020\/05\/MINISTERIO-EDUCACION-SJ-768x512.jpg 768w\" sizes=\"auto, (max-width: 800px) 100vw, 800px\" \/><\/p>\n","protected":false},"excerpt":{"rendered":"<p>El Ministerio de Educaci\u00f3n del Gobierno de San Juan y la Universidad Nacional de San Juan desarrollan \u201cAcercando la Universidad<\/p>\n","protected":false},"author":3,"featured_media":84439,"comment_status":"closed","ping_status":"closed","sticky":false,"template":"","format":"standard","meta":{"_acf_changed":false,"_seopress_robots_primary_cat":"none","_seopress_titles_title":"","_seopress_titles_desc":"","_seopress_robots_index":"","colormag_page_container_layout":"default_layout","colormag_page_sidebar_layout":"default_layout","footnotes":""},"categories":[5],"tags":[],"class_list":["post-84436","post","type-post","status-publish","format-standard","has-post-thumbnail","hentry","category-ofrecimientos"],"acf":[],"_links":{"self":[{"href":"https:\/\/vocesparalelas.com.ar\/sitio\/wp-json\/wp\/v2\/posts\/84436","targetHints":{"allow":["GET"]}}],"collection":[{"href":"https:\/\/vocesparalelas.com.ar\/sitio\/wp-json\/wp\/v2\/posts"}],"about":[{"href":"https:\/\/vocesparalelas.com.ar\/sitio\/wp-json\/wp\/v2\/types\/post"}],"author":[{"embeddable":true,"href":"https:\/\/vocesparalelas.com.ar\/sitio\/wp-json\/wp\/v2\/users\/3"}],"replies":[{"embeddable":true,"href":"https:\/\/vocesparalelas.com.ar\/sitio\/wp-json\/wp\/v2\/comments?post=84436"}],"version-history":[{"count":1,"href":"https:\/\/vocesparalelas.com.ar\/sitio\/wp-json\/wp\/v2\/posts\/84436\/revisions"}],"predecessor-version":[{"id":84441,"href":"https:\/\/vocesparalelas.com.ar\/sitio\/wp-json\/wp\/v2\/posts\/84436\/revisions\/84441"}],"wp:featuredmedia":[{"embeddable":true,"href":"https:\/\/vocesparalelas.com.ar\/sitio\/wp-json\/wp\/v2\/media\/84439"}],"wp:attachment":[{"href":"https:\/\/vocesparalelas.com.ar\/sitio\/wp-json\/wp\/v2\/media?parent=84436"}],"wp:term":[{"taxonomy":"category","embeddable":true,"href":"https:\/\/vocesparalelas.com.ar\/sitio\/wp-json\/wp\/v2\/categories?post=84436"},{"taxonomy":"post_tag","embeddable":true,"href":"https:\/\/vocesparalelas.com.ar\/sitio\/wp-json\/wp\/v2\/tags?post=84436"}],"curies":[{"name":"wp","href":"https:\/\/api.w.org\/{rel}","templated":true}]}}