{"id":84426,"date":"2025-03-28T14:06:15","date_gmt":"2025-03-28T17:06:15","guid":{"rendered":"https:\/\/vocesparalelas.com.ar\/sitio\/?p=84426"},"modified":"2025-03-28T22:09:27","modified_gmt":"2025-03-29T01:09:27","slug":"copa-internacional-de-precision-sobre-el-agua-roberto-mugnani-en-san-juan","status":"publish","type":"post","link":"https:\/\/vocesparalelas.com.ar\/sitio\/copa-internacional-de-precision-sobre-el-agua-roberto-mugnani-en-san-juan\/","title":{"rendered":"Copa Internacional de Precisi\u00f3n sobre el Agua \u201cRoberto Mugnani\u201d en San Juan"},"content":{"rendered":"<p>San Juan es sede de un evento deportivo sin precedentes, \u00fanico en Argentina, la Copa Internacional de Precisi\u00f3n sobre el Agua \u201cRoberto Mugnani\u201d, ser\u00e1 una competencia de alto nivel que reunir\u00e1 a los mejores paracaidistas en la playa del Dique Punta Negra.<\/p>\n<p>Del Viernes 28 al Domingo, 30 de Marzo, los mejores paracaidistas de Argentina y Chile se enfrentan en esta disciplina extrema, donde la precisi\u00f3n es clave. El desaf\u00edo consiste en aterrizar sobre un colch\u00f3n inflable de 6&#215;4 metros flotando en el agua, lo que exige un control total del vuelo y una ejecuci\u00f3n perfecta.<\/p>\n<p>Esta competencia cuenta con la organizaci\u00f3n de\u00a0Paracaidismo San Juan\u00a0y el\u00a0Centro de Aviaci\u00f3n Civil de San Juan\u00a0y el auspicio del\u00a0Gobierno de San Juan\u00a0a trav\u00e9s del\u00a0Ministerio de Turismo, Cultura y Deporte y la Secretar\u00eda de Deportes, adem\u00e1s del apoyo de empresas y sponsors que hacen posible su realizaci\u00f3n.<\/p>\n<p>Gast\u00f3n Reyes, paracaidista y uno de los organizadores del evento, nos coment\u00f3: \u201cEs la primera edici\u00f3n que se hace en Argentina. La idea la trajimos de Chile, donde se practica en el sur, con un evento que hacen hace muchos a\u00f1os. Tienen algunas modificaciones, sobre todo que ac\u00e1 se aterriza sobre un colch\u00f3n inflable y all\u00e1 lo hacen en algo as\u00ed como una diana de salvavidas\u201d.<\/p>\n<p>Adem\u00e1s de la competencia principal, el p\u00fablico puede disfrutar de un evento cargado de adrenalina y entretenimientos:<\/p>\n<ul>\n<li>Zona de stands y experiencias: Marcas y empresas ofrecer\u00e1n productos, exhibiciones y activaciones interactivas.<\/li>\n<li>Sunset Sky N Sun Fest: El d\u00eda s\u00e1bado, el evento cerrar\u00e1 con un atardecer \u00fanico en la playa del dique, con m\u00fasica en vivo y un ambiente relajado. Horario: 19:00 a 00:00 horas.<\/li>\n<li>Gastronom\u00eda y bebidas: Paradores con opciones para todos los gustos.<\/li>\n<li>Zona de p\u00fablico: Espacio para que todos los asistentes disfruten c\u00f3modamente del evento.<\/li>\n<li>Seguridad y asistencia: Contaremos con un equipo especializado para garantizar la seguridad de competidores y espectadores.<\/li>\n<\/ul>\n<p><span style=\"color: #ff6600;\"><strong>\u00bfQui\u00e9n fue Roberto Mugnani?<\/strong><\/span><\/p>\n<p>Roberto Mugnani fue instructor y juez de paracaidismo. Contador P\u00fablico Nacional de profesi\u00f3n, y docente de la UNSJ, su pasi\u00f3n siempre estuvo en el aire. Realiz\u00f3 su primer salto en junio de 1969 en el Regimiento 14\u00ba de Infanter\u00eda Aerotransportada. Se integr\u00f3 a la brigada de paracaidismo del C.A.C.S.J (Centro de Aviaci\u00f3n Civil de San Juan) en el a\u00f1o 1974. Obtuvo su Certificado de Competencia de Paracaidista Deportivo en 1980 y logr\u00f3 su habilitaci\u00f3n de Instructor de Paracaidismo en 1982.<\/p>\n<p>En 1983 se hizo cargo de la instrucci\u00f3n en la Brigada de Paracaidismo de la cual fue su director hasta su fallecimiento. En 1985 se gradu\u00f3 como Juez Nacional y en 1988 Juez Internacional. Juzg\u00f3 en m\u00e1s de 100 competiciones nacionales e internacionales. Presidi\u00f3 el Colegio de Jueces de Argentina y la Federaci\u00f3n Argentina de Paracaidismo. Fue el principal organizador e impulsor de m\u00faltiples campeonatos nacionales, un campeonato latinoamericano y 2 mundiales.<\/p>\n<p>Lamentablemente nunca pudo realizar el campeonato de precisi\u00f3n en Agua en la provincia pese a que mucho lo deseaba, y ahora los paracaidistas sanjuaninos, est\u00e1n cumpliendo lo \u00fanico que le falt\u00f3 cumplir en el deporte.<\/p>\n<p>Reconocido por su trayectoria por el Comit\u00e9 Ol\u00edmpico Argentino en el 2019, falleci\u00f3 el 26 de Mayo de 2022.<\/p>\n<p><strong><span style=\"color: #ff6600;\">Entradas<\/span><\/strong><\/p>\n<p>Cabe destacar, que\u00a0el ingreso al sector general para ver la Copa Internacional de Precisi\u00f3n sobre el Agua \u201cRoberto Mugnani\u201d\u00a0es gratuito.<\/p>\n<p>Quienes quieran ingresar al Sunset Sky N Sun Fest del S\u00e1bado, 29 de Marzo, deben abonar una entrada que est\u00e1n disponibles a trav\u00e9s de la cuenta oficial del evento desde el link en Instagram @skynsun.fest.<\/p>\n<p><span style=\"color: #ff6600;\"><strong>Cronograma Copa Internacional de Precisi\u00f3n sobre el Agua \u201cRoberto Mugnani\u201d<\/strong><\/span><\/p>\n<p><span style=\"color: #ff6600;\"><strong>Viernes 28 de marzo<\/strong><\/span><\/p>\n<ul>\n<li>12:00 hs \u2013 Inicio de entrenamientos oficiales<\/li>\n<li>19:00 hs \u2013 Cierre de entrenamientos<\/li>\n<\/ul>\n<p><span style=\"color: #ff6600;\"><strong>S\u00e1bado 29 de marzo<\/strong><\/span><\/p>\n<ul>\n<li>10:00 hs \u2013 Primera jornada de competencia<\/li>\n<li>19:00 hs \u2013 Fin de la jornada<\/li>\n<li>19:00 hs \u2013 Sunset Sky N Sun Fest (hasta las 00:00 h)<\/li>\n<\/ul>\n<p><span style=\"color: #ff6600;\"><strong>Domingo 30 de marzo<\/strong><\/span><\/p>\n<ul>\n<li>10:00 hs \u2013 Segunda jornada de competencia<\/li>\n<li>19:00 hs \u2013 Gran final y premiaci\u00f3n<\/li>\n<\/ul>\n<p><img loading=\"lazy\" decoding=\"async\" class=\"alignnone size-full wp-image-84430\" src=\"https:\/\/vocesparalelas.com.ar\/sitio\/wp-content\/uploads\/2025\/03\/PARACAIDISMO-01.jpg\" alt=\"\" width=\"800\" height=\"514\" srcset=\"https:\/\/vocesparalelas.com.ar\/sitio\/wp-content\/uploads\/2025\/03\/PARACAIDISMO-01.jpg 800w, https:\/\/vocesparalelas.com.ar\/sitio\/wp-content\/uploads\/2025\/03\/PARACAIDISMO-01-300x193.jpg 300w, https:\/\/vocesparalelas.com.ar\/sitio\/wp-content\/uploads\/2025\/03\/PARACAIDISMO-01-768x493.jpg 768w\" sizes=\"auto, (max-width: 800px) 100vw, 800px\" \/><\/p>\n","protected":false},"excerpt":{"rendered":"<p>San Juan es sede de un evento deportivo sin precedentes, \u00fanico en Argentina, la Copa Internacional de Precisi\u00f3n sobre el<\/p>\n","protected":false},"author":3,"featured_media":84429,"comment_status":"closed","ping_status":"closed","sticky":false,"template":"","format":"standard","meta":{"_acf_changed":false,"_seopress_robots_primary_cat":"none","_seopress_titles_title":"","_seopress_titles_desc":"","_seopress_robots_index":"","colormag_page_container_layout":"default_layout","colormag_page_sidebar_layout":"default_layout","footnotes":""},"categories":[20],"tags":[],"class_list":["post-84426","post","type-post","status-publish","format-standard","has-post-thumbnail","hentry","category-cartelera"],"acf":[],"_links":{"self":[{"href":"https:\/\/vocesparalelas.com.ar\/sitio\/wp-json\/wp\/v2\/posts\/84426","targetHints":{"allow":["GET"]}}],"collection":[{"href":"https:\/\/vocesparalelas.com.ar\/sitio\/wp-json\/wp\/v2\/posts"}],"about":[{"href":"https:\/\/vocesparalelas.com.ar\/sitio\/wp-json\/wp\/v2\/types\/post"}],"author":[{"embeddable":true,"href":"https:\/\/vocesparalelas.com.ar\/sitio\/wp-json\/wp\/v2\/users\/3"}],"replies":[{"embeddable":true,"href":"https:\/\/vocesparalelas.com.ar\/sitio\/wp-json\/wp\/v2\/comments?post=84426"}],"version-history":[{"count":1,"href":"https:\/\/vocesparalelas.com.ar\/sitio\/wp-json\/wp\/v2\/posts\/84426\/revisions"}],"predecessor-version":[{"id":84431,"href":"https:\/\/vocesparalelas.com.ar\/sitio\/wp-json\/wp\/v2\/posts\/84426\/revisions\/84431"}],"wp:featuredmedia":[{"embeddable":true,"href":"https:\/\/vocesparalelas.com.ar\/sitio\/wp-json\/wp\/v2\/media\/84429"}],"wp:attachment":[{"href":"https:\/\/vocesparalelas.com.ar\/sitio\/wp-json\/wp\/v2\/media?parent=84426"}],"wp:term":[{"taxonomy":"category","embeddable":true,"href":"https:\/\/vocesparalelas.com.ar\/sitio\/wp-json\/wp\/v2\/categories?post=84426"},{"taxonomy":"post_tag","embeddable":true,"href":"https:\/\/vocesparalelas.com.ar\/sitio\/wp-json\/wp\/v2\/tags?post=84426"}],"curies":[{"name":"wp","href":"https:\/\/api.w.org\/{rel}","templated":true}]}}