{"id":84364,"date":"2025-03-27T23:00:32","date_gmt":"2025-03-28T02:00:32","guid":{"rendered":"https:\/\/vocesparalelas.com.ar\/sitio\/?p=84364"},"modified":"2025-03-28T20:57:12","modified_gmt":"2025-03-28T23:57:12","slug":"el-gobernador-de-san-juan-dr-marcelo-orrego-brinda-su-discurso-anual-el-martes-1-de-abril-en-la-camara-de-diputados","status":"publish","type":"post","link":"https:\/\/vocesparalelas.com.ar\/sitio\/el-gobernador-de-san-juan-dr-marcelo-orrego-brinda-su-discurso-anual-el-martes-1-de-abril-en-la-camara-de-diputados\/","title":{"rendered":"El gobernador de San Juan, Dr. Marcelo Orrego brinda su discurso anual el Martes, 1 de Abril en la C\u00e1mara de Diputados"},"content":{"rendered":"<p>En cumplimiento con lo establecido en el art\u00edculo 180 del Reglamento Interno de la C\u00e1mara de Diputados de San Juan, se celebr\u00f3 la Sesi\u00f3n Preparatoria presidido por el vicepresidente primero, diputado Enzo Cornejo.<\/p>\n<p><img loading=\"lazy\" decoding=\"async\" class=\"alignnone size-full wp-image-84367\" src=\"https:\/\/vocesparalelas.com.ar\/sitio\/wp-content\/uploads\/2025\/03\/CDSJ-COMISION-GOBERNADOR.jpg\" alt=\"\" width=\"800\" height=\"450\" srcset=\"https:\/\/vocesparalelas.com.ar\/sitio\/wp-content\/uploads\/2025\/03\/CDSJ-COMISION-GOBERNADOR.jpg 800w, https:\/\/vocesparalelas.com.ar\/sitio\/wp-content\/uploads\/2025\/03\/CDSJ-COMISION-GOBERNADOR-300x169.jpg 300w, https:\/\/vocesparalelas.com.ar\/sitio\/wp-content\/uploads\/2025\/03\/CDSJ-COMISION-GOBERNADOR-768x432.jpg 768w\" sizes=\"auto, (max-width: 800px) 100vw, 800px\" \/><\/p>\n<p>Durante la sesi\u00f3n, los legisladores designaron a los miembros de las Comisiones de Exterior e Interior, quienes son\u00a0 responsables de recibir y acompa\u00f1ar al gobernador de San Juan, Dr. Marcelo Orrego en su llegada al recinto para pronunciar el Mensaje Anual, en el marco de la apertura de sesiones del Periodo Ordinario 2025, prevista para el Martes, 1 de Abril a las 9 horas. Adem\u00e1s, se fijaron los d\u00edas y horarios para las sesiones legislativas.<\/p>\n<p>En este sentido, la\u00a0Comisi\u00f3n de Exterior\u00a0qued\u00f3 conformada por los legisladores<\/p>\n<ul>\n<li>Gustavo N\u00fa\u00f1ez,<\/li>\n<li>M\u00f3nica Gonz\u00e1lez,<\/li>\n<li>Marcela Quiroga,<\/li>\n<li>Miguel Atampiz,<\/li>\n<li>Graciela Seva,<\/li>\n<li>Marta Gramajo,<\/li>\n<li>Omar Ortiz y<\/li>\n<li>Pedro Albagli.<\/li>\n<\/ul>\n<p>De acuerdo con el art\u00edculo 117 del Reglamento Interno, esta comisi\u00f3n est\u00e1 integrada por ocho diputados designados por la C\u00e1mara en plenario, por mayor\u00eda simple de votos. Su principal funci\u00f3n es acompa\u00f1ar al gobernador hasta el ingreso del edificio de la C\u00e1mara de Diputados durante la apertura del periodo legislativo ordinario.<\/p>\n<p>Por otro lado, en cumplimiento del art\u00edculo 118, la\u00a0Comisi\u00f3n de Interior est\u00e1 conformada por los presidentes de los bloques legislativos:<\/p>\n<ul>\n<li>Juan de la Cruz C\u00f3rdoba (Bloque \u00abProducci\u00f3n y Trabajo\u00bb),<\/li>\n<li>Enzo Cornejo (Bloque PRO),<\/li>\n<li>Fernando Patinella (Bloque \u00abLa Libertad Avanza-ADN\u00bb),<\/li>\n<li>Franco Aranda (Bloque \u00abFrente Renovador San Juan\u00bb),<\/li>\n<li>Luis Rueda (Bloque Bloquista),<\/li>\n<li>Leopoldo Soler (Bloque \u00abMejor Nosotros\u00bb),<\/li>\n<li>Alejandra Leonardo (UCR),<\/li>\n<li>Mario Herrero (Bloque \u00abSan Juan Vuelve- P.T.P.\u00bb),<\/li>\n<li>Juan Carlos Quiroga Moyano (Bloque Justicialista),<\/li>\n<li>Gustavo Us\u00edn (Bloque Actuar),<\/li>\n<li>Marta Gramajo (Bloque Crecer),<\/li>\n<li>Gabriel S\u00e1nchez (Bloque \u00abSan Juan Te Quiero\u00bb) y<\/li>\n<li>Marcelo Mallea (Bloque del Este- Primero Angaco).<\/li>\n<\/ul>\n<p>La misi\u00f3n de esta comisi\u00f3n ser\u00e1 acompa\u00f1ar al gobernador hasta el recinto durante la apertura de sesiones del periodo ordinario.<\/p>\n<p>Finalmente, el plenario fij\u00f3 la realizaci\u00f3n de las sesiones para el d\u00eda Jueves, en el horario y frecuencia que se determine en la Labor Parlamentaria.<\/p>\n<figure id=\"attachment_37951\" aria-describedby=\"caption-attachment-37951\" style=\"width: 800px\" class=\"wp-caption alignnone\"><img loading=\"lazy\" decoding=\"async\" class=\"size-full wp-image-37951\" src=\"https:\/\/vocesparalelas.com.ar\/sitio\/wp-content\/uploads\/2021\/05\/CAMARA-EDIFICIO.jpg\" alt=\"\" width=\"800\" height=\"515\" srcset=\"https:\/\/vocesparalelas.com.ar\/sitio\/wp-content\/uploads\/2021\/05\/CAMARA-EDIFICIO.jpg 800w, https:\/\/vocesparalelas.com.ar\/sitio\/wp-content\/uploads\/2021\/05\/CAMARA-EDIFICIO-300x193.jpg 300w, https:\/\/vocesparalelas.com.ar\/sitio\/wp-content\/uploads\/2021\/05\/CAMARA-EDIFICIO-768x494.jpg 768w\" sizes=\"auto, (max-width: 800px) 100vw, 800px\" \/><figcaption id=\"caption-attachment-37951\" class=\"wp-caption-text\">Legislatura Provincial de San Juan, Rep\u00fablica Argentina<\/figcaption><\/figure>\n","protected":false},"excerpt":{"rendered":"<p>En cumplimiento con lo establecido en el art\u00edculo 180 del Reglamento Interno de la C\u00e1mara de Diputados de San Juan,<\/p>\n","protected":false},"author":3,"featured_media":70930,"comment_status":"closed","ping_status":"closed","sticky":false,"template":"","format":"standard","meta":{"_acf_changed":false,"_seopress_robots_primary_cat":"none","_seopress_titles_title":"","_seopress_titles_desc":"","_seopress_robots_index":"","colormag_page_container_layout":"default_layout","colormag_page_sidebar_layout":"default_layout","footnotes":""},"categories":[10],"tags":[],"class_list":["post-84364","post","type-post","status-publish","format-standard","has-post-thumbnail","hentry","category-opiniones"],"acf":[],"_links":{"self":[{"href":"https:\/\/vocesparalelas.com.ar\/sitio\/wp-json\/wp\/v2\/posts\/84364","targetHints":{"allow":["GET"]}}],"collection":[{"href":"https:\/\/vocesparalelas.com.ar\/sitio\/wp-json\/wp\/v2\/posts"}],"about":[{"href":"https:\/\/vocesparalelas.com.ar\/sitio\/wp-json\/wp\/v2\/types\/post"}],"author":[{"embeddable":true,"href":"https:\/\/vocesparalelas.com.ar\/sitio\/wp-json\/wp\/v2\/users\/3"}],"replies":[{"embeddable":true,"href":"https:\/\/vocesparalelas.com.ar\/sitio\/wp-json\/wp\/v2\/comments?post=84364"}],"version-history":[{"count":1,"href":"https:\/\/vocesparalelas.com.ar\/sitio\/wp-json\/wp\/v2\/posts\/84364\/revisions"}],"predecessor-version":[{"id":84368,"href":"https:\/\/vocesparalelas.com.ar\/sitio\/wp-json\/wp\/v2\/posts\/84364\/revisions\/84368"}],"wp:featuredmedia":[{"embeddable":true,"href":"https:\/\/vocesparalelas.com.ar\/sitio\/wp-json\/wp\/v2\/media\/70930"}],"wp:attachment":[{"href":"https:\/\/vocesparalelas.com.ar\/sitio\/wp-json\/wp\/v2\/media?parent=84364"}],"wp:term":[{"taxonomy":"category","embeddable":true,"href":"https:\/\/vocesparalelas.com.ar\/sitio\/wp-json\/wp\/v2\/categories?post=84364"},{"taxonomy":"post_tag","embeddable":true,"href":"https:\/\/vocesparalelas.com.ar\/sitio\/wp-json\/wp\/v2\/tags?post=84364"}],"curies":[{"name":"wp","href":"https:\/\/api.w.org\/{rel}","templated":true}]}}