{"id":84346,"date":"2025-03-26T23:59:16","date_gmt":"2025-03-27T02:59:16","guid":{"rendered":"https:\/\/vocesparalelas.com.ar\/sitio\/?p=84346"},"modified":"2025-03-28T00:55:05","modified_gmt":"2025-03-28T03:55:05","slug":"talleres-en-el-museo-provincial-de-bellas-artes-franklin-rawson-en-san-juan","status":"publish","type":"post","link":"https:\/\/vocesparalelas.com.ar\/sitio\/talleres-en-el-museo-provincial-de-bellas-artes-franklin-rawson-en-san-juan\/","title":{"rendered":"Talleres en el Museo Provincial de Bellas Artes Franklin Rawson en San Juan"},"content":{"rendered":"<p>El\u00a0Museo Provincial de Bellas Artes Franklin Rawson &#8211; MPBAFR -, a trav\u00e9s de su programa de\u00a0educaci\u00f3n no formal, lanza once talleres, de los cuales cuatro est\u00e1n destinados a p\u00fablico infantil y el resto est\u00e1 dirigido a j\u00f3venes y adultos. El costo de inscripci\u00f3n es accesible y se realiza por \u00fanica vez en el a\u00f1o.<\/p>\n<p>Si bien algunas propuestas se renuevan en 2025, tambi\u00e9n contin\u00faan algunos talleres que ya son tradicionales en el museo y tienen gran demanda por parte de la comunidad.<\/p>\n<p>Los espacios de formaci\u00f3n que ofrece el\u00a0MPBAFR, con apoyo del Ministerio de Turismo, Cultura y Deporte del Gobierno de San Juan<strong>,<\/strong>\u00a0abordan diferentes disciplinas del arte y contribuyen al desarrollo integral de cada participante. Se trata de variadas propuestas que apuntan a estimular el desarrollo de la creatividad, la sensibilidad y la expresi\u00f3n; a cargo de docentes id\u00f3neos:<\/p>\n<p>Prof. Adriana Simone, Prof. Juliana Magalevsky, Prof. Ariela Quiroga, Prof. Jorge Mereles, Prof. Pablo Martin Pulido, Prof. Gabriela Camilieri, Prof. Anal\u00eda Russo, Prof. Alberto S\u00e1nchez, Prof. Leticia Guti\u00e9rrez, Prof. Eliana Femen\u00eda, Prof. Victoria Rivera, Prof. Roc\u00edo L\u00f3pez, Prof. Daniela Albares y Prof. Yenhy Navas.<\/p>\n<p><span style=\"color: #ff6600;\"><strong>Oferta de Talleres<\/strong><\/span><\/p>\n<ul>\n<li>Lectoescritura;<\/li>\n<li>Dibujo de Figura Humana;<\/li>\n<li>Pr\u00e1cticas Art\u00edsticas;<\/li>\n<li>Pintura Contempor\u00e1nea;<\/li>\n<li>Creatividad Vivencial;<\/li>\n<li>El camino del artista en el museo;<\/li>\n<li>Yoga y Teatro;<\/li>\n<li>Pintura y Escultura;<\/li>\n<li>Reporteros del Arte;<\/li>\n<li>Dibujo y Pintura para j\u00f3venes y adultos; Trama y Urdimbre.<\/li>\n<\/ul>\n<p><strong><span style=\"color: #ff6600;\">Entre los objetivos de los distintos talleres se encuentran<\/span><\/strong><\/p>\n<ul>\n<li>Despertar la mirada y actitud creadora;<\/li>\n<li>Estimular un encuentro con la forma, el espacio y color a trav\u00e9s de la pintura y escultura;<\/li>\n<li>Explorar las posibilidades art\u00edsticas de diferentes t\u00e9cnicas textiles;<\/li>\n<li>Experimentar t\u00e9cnicas l\u00fadicas teatrales y de yoga;<\/li>\n<li>Desarrollar y experimentar un modo particular de escribir y vivenciar la literatura;<\/li>\n<li>Abordar t\u00e9cnicas generales de dibujo de figura humana;<\/li>\n<li>Ense\u00f1ar las bases del dibujo y la pintura,<\/li>\n<li>entre otros.<\/li>\n<\/ul>\n<p>Como cierre, y a modo de compartir con el p\u00fablico los logros de cada espacio, se realizar\u00e1 a fin de a\u00f1o una muestra colectiva en la sede del museo.<\/p>\n<p><strong><span style=\"color: #ff6600;\">Inscripciones<\/span><\/strong><\/p>\n<p>A trav\u00e9s del\u00a0formulario online<\/p>\n<p><a href=\"https:\/\/linktr.ee\/Talleres.MPBAFR?fbclid=PAY2xjawJPuJlleHRuA2FlbQIxMAABpgWbKGisEwwILllpG3Knz1i1s0UCbEJNLs4dX4R3hxyPB6tfTI3RI-p0Ow_aem_b67R13_kRdG1n-ESIutx1A\">https:\/\/linktr.ee\/Talleres.MPBAFR?fbclid=PAY2xjawJPuJlleHRuA2FlbQIxMAABpgWbKGisEwwILllpG3Knz1i1s0UCbEJNLs4dX4R3hxyPB6tfTI3RI-p0Ow_aem_b67R13_kRdG1n-ESIutx1A<\/a><\/p>\n<p>Desde el Martes 25 de marzo, a partir de las 12 hs<\/p>\n<p><span style=\"color: #ff6600;\"><strong>Importante<\/strong><\/span><\/p>\n<p>Se confirma la inscripci\u00f3n una vez que se abone una \u00fanica cuota de inscripci\u00f3n de $8.000 (seis mil pesos) de manera presencial en recepci\u00f3n del museo, desde el 1 al 5 de Abril, de 13 a 19 hs.<\/p>\n<p>Cupos limitados por orden de inscripci\u00f3n. Inicio de clases lunes 7 de abril<\/p>\n<p><span style=\"color: #ff6600;\"><strong>DESCRIPCI\u00d3N TALLERES 2025:<\/strong><\/span><\/p>\n<p><span style=\"color: #ff6600;\"><strong><u>NI\u00d1AS Y NI\u00d1OS:<\/u><\/strong><\/span><\/p>\n<ol>\n<li><strong><span style=\"color: #ff6600;\">CREATIVIDAD VIVENCIAL.<\/span>\u00a0<\/strong>Para ni\u00f1as y ni\u00f1os de 4 a 6 a\u00f1os Prof. Adriana Simone. Mi\u00e9rcoles 18 a 19:30<\/li>\n<\/ol>\n<p><strong>Prop\u00f3sito:\u00a0<\/strong>despertar la mirada y actitud creadora, desde temprana edad, con el fin de naturalizar los diversos lenguajes art\u00edsticos con las obras del museo, a trav\u00e9s de t\u00e9cnicas creativas de juegos en relaci\u00f3n a la pintura, el dibujo y diversas t\u00e9cnicas pl\u00e1sticas.<\/p>\n<ol start=\"2\">\n<li><strong><span style=\"color: #ff6600;\">YOGA Y TEATRO.<\/span>\u00a0<\/strong>Para ni\u00f1os y ni\u00f1as 8 a 12 a\u00f1os. Prof. Juliana Magalevsky. Mi\u00e9rcoles de 18 a 20<\/li>\n<\/ol>\n<p><strong>Prop\u00f3sito:\u00a0<\/strong>descubrir las emociones y las maneras de poder expresar lo que sentimos, a trav\u00e9s de t\u00e9cnicas l\u00fadicas teatrales y de yoga; armado de secuencias, saludos y diferentes formas de moverse con distintos est\u00edmulos.<\/p>\n<ol start=\"3\">\n<li><span style=\"color: #ff6600;\"><strong>PINTURA Y ESCULTURA.\u00a0<\/strong><\/span>Para ni\u00f1as y ni\u00f1os de 9 a 12 a\u00f1os. Prof. Ariela Quiroga-Jorge Mereles. Jueves de 18.30 a 20.30<\/li>\n<\/ol>\n<p><span style=\"color: #ff6600;\"><strong>Prop\u00f3sito:\u00a0<\/strong><\/span>estimular un encuentro con la forma, el espacio y color a trav\u00e9s de la manipulaci\u00f3n de t\u00e9cnicas pertinentes a ambos lenguajes y el uso de diferentes materiales, tomando como referencia obras del museo y de artistas afines a la propuesta.<\/p>\n<ol start=\"4\">\n<li><strong><span style=\"color: #ff6600;\">REPORTEROS DEL ARTE<\/span>:\u00a0<\/strong>para ni\u00f1os de 6 a 8 a\u00f1os. Prof. Daniela Albares y Prof. Yenhy Navas. Jueves de 18 a 20.<\/li>\n<\/ol>\n<p><span style=\"color: #ff6600;\"><strong>Prop\u00f3sito:<\/strong><\/span>\u00a0desarrollar desde una experiencia creativa y l\u00fadica t\u00e9cnicas period\u00edsticas y pr\u00e1cticas tecnol\u00f3gicas para dar a conocer el mundo del arte, a trav\u00e9s de realizaci\u00f3n de reportajes y creaci\u00f3n de personajes.<\/p>\n<p><span style=\"color: #ff6600;\"><strong><u>J\u00d3VENES Y ADULTOS:<\/u><\/strong><\/span><\/p>\n<ol start=\"5\">\n<li><span style=\"color: #ff6600;\"><strong>TRAMA Y URDIMBRE<\/strong><\/span>&#8211; De 18 a\u00f1os en adelante. Prof. Pablo Mart\u00edn Pulido. Viernes de 17 a 19<\/li>\n<\/ol>\n<p><span style=\"color: #ff6600;\"><strong>Prop\u00f3sito:\u00a0<\/strong><\/span>explorar distintas posibilidades de entramados con materiales diversos, para la realizaci\u00f3n de obras bi y tridimensionales. Para ello se aplicar\u00e1n t\u00e9cnicas textiles tradicionales manuales y en bastidor o telar<\/p>\n<ol start=\"6\">\n<li><strong><span style=\"color: #ff6600;\">DIBUJO Y PINTURA PARA JOVENES Y ADULTOS.<\/span>\u00a0<\/strong>De 18 a\u00f1os en adelante<strong>.\u00a0<\/strong>Prof. Anal\u00eda Russo. Viernes de 18 a 20<\/li>\n<\/ol>\n<p><strong><span style=\"color: #ff6600;\">Prop\u00f3sito:<\/span>\u00a0<\/strong>trabajar en la percepci\u00f3n \/ observaci\u00f3n y producci\u00f3n a partir del entorno art\u00edstico que el museo nos brinda, experimentando con t\u00e9cnicas art\u00edsticas que faciliten a cada integrante encontrar su propio lenguaje.<\/p>\n<ol start=\"7\">\n<li><strong><span style=\"color: #ff6600;\">EL CAMINO DEL ARTISTA EN EL MUSEO.<\/span>\u00a0<\/strong>De 18 a\u00f1os en adelante. Prof. M. Gabriela Camilleri. Mi\u00e9rcoles de 18:00 a 20:00<\/li>\n<\/ol>\n<p><span style=\"color: #ff6600;\"><strong>Prop\u00f3sito:\u00a0<\/strong><\/span>Conectar o desbloquear la creatividad, a trav\u00e9s de escritura terap\u00e9utica, meditaci\u00f3n y t\u00e9cnicas vivenciales, bas\u00e1ndose en el libro\u00a0<em>\u201cEl camino del artista\u201d, de\u00a0<\/em>Julia Cameron.<\/p>\n<p>8.<span style=\"color: #ff6600;\">\u00a0<\/span><strong><span style=\"color: #ff6600;\">LECTOESCRITURA.<\/span>\u00a0<\/strong>De 18 a\u00f1os en adelante. Prof. Leticia Guti\u00e9rrez. Lunes de 18 a 20<\/p>\n<p><strong><span style=\"color: #ff6600;\">Prop\u00f3sito:<\/span>\u00a0<\/strong>desarrollar y experimentar desde su propia inventiva un modo particular de escribir y vivenciar la literatura. Dirigido a personas con o sin conocimiento o experiencia en escritura.<\/p>\n<p>&nbsp;<\/p>\n<p>9<strong><span style=\"color: #ff6600;\">.<\/span><span style=\"color: #ff6600;\">\u00a0DIBUJO FIGURA HUMANA.<\/span>\u00a0<\/strong>J\u00f3venes a partir de 18 a\u00f1os<strong>.\u00a0<\/strong>Prof. Alberto S\u00e1nchez. Martes de 17 a 19<\/p>\n<p><strong><span style=\"color: #ff6600;\">Prop\u00f3sito:<\/span>\u00a0<\/strong>Abordar t\u00e9cnicas generales de dibujo de figura humana con modelo vivo. Dirigido a personas con previo conocimiento.<\/p>\n<ol start=\"10\">\n<li><span style=\"color: #ff6600;\"><strong>PR\u00c1CTICAS ART\u00cdSTICAS:\u00a0<\/strong><\/span>De 13 a 18 a\u00f1os. Prof. Victoria Rivera- Roc\u00edo L\u00f3pez. Martes de 18 a 20<\/li>\n<\/ol>\n<p><span style=\"color: #ff6600;\"><strong>Prop\u00f3sito:<\/strong><\/span>\u00a0explorar y desarrollar habilidades en dibujo, pintura y otras t\u00e9cnicas como collages y grabado, en relaci\u00f3n con la colecci\u00f3n permanente y muestras temporales.<\/p>\n<p>11<span style=\"color: #ff6600;\">.<\/span><strong><span style=\"color: #ff6600;\">\u00a0PINTURA CONTEMPOR\u00c1NEA:<\/span>\u00a0<\/strong>De 18 a\u00f1os en adelante. Prof. Eliana Femen\u00eda. Mi\u00e9rcoles de 10.30 a 12.30<\/p>\n<p><span style=\"color: #ff6600;\"><strong>Prop\u00f3sito:\u00a0<\/strong><\/span>analizar y abordar t\u00e9cnicas y modos art\u00edsticos en b\u00fasqueda de la expresi\u00f3n propia de cada asistente, a trav\u00e9s de la historia del arte y de herramientas propias de las artes visuales.<\/p>\n<p>&nbsp;<\/p>\n<figure id=\"attachment_39924\" aria-describedby=\"caption-attachment-39924\" style=\"width: 800px\" class=\"wp-caption alignnone\"><img loading=\"lazy\" decoding=\"async\" class=\"size-full wp-image-39924\" src=\"https:\/\/vocesparalelas.com.ar\/sitio\/wp-content\/uploads\/2021\/07\/MPBAFR-OBRA-02.jpg\" alt=\"\" width=\"800\" height=\"533\" srcset=\"https:\/\/vocesparalelas.com.ar\/sitio\/wp-content\/uploads\/2021\/07\/MPBAFR-OBRA-02.jpg 800w, https:\/\/vocesparalelas.com.ar\/sitio\/wp-content\/uploads\/2021\/07\/MPBAFR-OBRA-02-300x200.jpg 300w, https:\/\/vocesparalelas.com.ar\/sitio\/wp-content\/uploads\/2021\/07\/MPBAFR-OBRA-02-768x512.jpg 768w\" sizes=\"auto, (max-width: 800px) 100vw, 800px\" \/><figcaption id=\"caption-attachment-39924\" class=\"wp-caption-text\">Museo Provincial de Bellas Artes Franklin Rawson, Provincia de San Juan, Rep\u00fablica Argentina<\/figcaption><\/figure>\n","protected":false},"excerpt":{"rendered":"<p>El\u00a0Museo Provincial de Bellas Artes Franklin Rawson &#8211; MPBAFR -, a trav\u00e9s de su programa de\u00a0educaci\u00f3n no formal, lanza once<\/p>\n","protected":false},"author":3,"featured_media":34190,"comment_status":"closed","ping_status":"closed","sticky":false,"template":"","format":"standard","meta":{"_acf_changed":false,"_seopress_robots_primary_cat":"none","_seopress_titles_title":"","_seopress_titles_desc":"","_seopress_robots_index":"","colormag_page_container_layout":"default_layout","colormag_page_sidebar_layout":"default_layout","footnotes":""},"categories":[9],"tags":[],"class_list":["post-84346","post","type-post","status-publish","format-standard","has-post-thumbnail","hentry","category-cursos"],"acf":[],"_links":{"self":[{"href":"https:\/\/vocesparalelas.com.ar\/sitio\/wp-json\/wp\/v2\/posts\/84346","targetHints":{"allow":["GET"]}}],"collection":[{"href":"https:\/\/vocesparalelas.com.ar\/sitio\/wp-json\/wp\/v2\/posts"}],"about":[{"href":"https:\/\/vocesparalelas.com.ar\/sitio\/wp-json\/wp\/v2\/types\/post"}],"author":[{"embeddable":true,"href":"https:\/\/vocesparalelas.com.ar\/sitio\/wp-json\/wp\/v2\/users\/3"}],"replies":[{"embeddable":true,"href":"https:\/\/vocesparalelas.com.ar\/sitio\/wp-json\/wp\/v2\/comments?post=84346"}],"version-history":[{"count":1,"href":"https:\/\/vocesparalelas.com.ar\/sitio\/wp-json\/wp\/v2\/posts\/84346\/revisions"}],"predecessor-version":[{"id":84349,"href":"https:\/\/vocesparalelas.com.ar\/sitio\/wp-json\/wp\/v2\/posts\/84346\/revisions\/84349"}],"wp:featuredmedia":[{"embeddable":true,"href":"https:\/\/vocesparalelas.com.ar\/sitio\/wp-json\/wp\/v2\/media\/34190"}],"wp:attachment":[{"href":"https:\/\/vocesparalelas.com.ar\/sitio\/wp-json\/wp\/v2\/media?parent=84346"}],"wp:term":[{"taxonomy":"category","embeddable":true,"href":"https:\/\/vocesparalelas.com.ar\/sitio\/wp-json\/wp\/v2\/categories?post=84346"},{"taxonomy":"post_tag","embeddable":true,"href":"https:\/\/vocesparalelas.com.ar\/sitio\/wp-json\/wp\/v2\/tags?post=84346"}],"curies":[{"name":"wp","href":"https:\/\/api.w.org\/{rel}","templated":true}]}}