{"id":84317,"date":"2025-03-26T21:58:49","date_gmt":"2025-03-27T00:58:49","guid":{"rendered":"https:\/\/vocesparalelas.com.ar\/sitio\/?p=84317"},"modified":"2025-03-26T22:18:00","modified_gmt":"2025-03-27T01:18:00","slug":"sesion-preparatoria-de-la-camara-de-diputados-de-san-juan","status":"publish","type":"post","link":"https:\/\/vocesparalelas.com.ar\/sitio\/sesion-preparatoria-de-la-camara-de-diputados-de-san-juan\/","title":{"rendered":"Sesi\u00f3n Preparatoria de la C\u00e1mara de Diputados de San Juan"},"content":{"rendered":"<p>El Martes, 25 de Marzo, en el edificio Anexo de la Legislatura de San Juan, la Comisi\u00f3n Permanente celebr\u00f3 una reuni\u00f3n de trabajo con el objetivo de coordinar los detalles para la realizaci\u00f3n de la Sesi\u00f3n Preparatoria, que se desarrolla el Jueves, 27 de Marzo, a las 10 hs.<\/p>\n<p>En la reuni\u00f3n participaron el vicepresidente primero, diputado Enzo Cornejo; el secretario Legislativo, Dr. Gustavo Velert; y los legisladores Carlos Jaime Quiroga, Federico Rizo, Gustavo Usin y Emilio Escudero.<\/p>\n<p>Es importante recordar que, conforme al art\u00edculo 109 del Reglamento Interno, la Comisi\u00f3n Permanente tiene la responsabilidad de coordinar con la Presidencia de la C\u00e1mara de Diputados la apertura del Per\u00edodo ordinario de sesiones legislativas.<\/p>\n<p>En relaci\u00f3n a la Sesi\u00f3n Preparatoria, los art\u00edculos 180 y 181 del\u00a0Reglamento Interno\u00a0disponen lo siguiente:<\/p>\n<p><span style=\"color: #800080;\"><strong><u>ART\u00cdCULO 180.<\/u><\/strong>&#8211;\u00a0<\/span><strong><span style=\"color: #800080;\">Citaci\u00f3n:<\/span>\u00a0<\/strong>Dentro de los \u00faltimos diez d\u00edas del mes de marzo de cada a\u00f1o, la C\u00e1mara de Diputados se debe reunir en Sesi\u00f3n Preparatoria de Inicio de Periodo Ordinario al solo efecto de designar los miembros de la Comisi\u00f3n de Exterior y de Interior y a fijar los d\u00edas y horas de tablas.<\/p>\n<p><span style=\"color: #800080;\"><strong><u>ART\u00cdCULO 181.<\/u><\/strong><\/span><strong><span style=\"color: #800080;\">&#8211; Comisiones de Exterior e Interior:<\/span>\u00a0<\/strong>Constituida la C\u00e1mara en el recinto se deben conformar las Comisiones de Exterior y de Interior, conforme lo regula este reglamento en el Cap\u00edtulo destinado a las Comisiones.<\/p>\n<p>La integraci\u00f3n se debe hacer a simple mayor\u00eda de votos de entre los miembros presentes.<\/p>\n<p>&nbsp;<\/p>\n<p style=\"text-align: right;\">San Juan, 25 de marzo de 2025.<\/p>\n<p>DECRETO N\u00ba 189-P-2024<\/p>\n<p>VISTO:<\/p>\n<p>El Reglamento Interno de esta C\u00e1mara de Diputados y Resoluci\u00f3n N\u00ba 242-2024 y,<\/p>\n<p>CONSIDERANDO:<\/p>\n<p>Que, conforme al art\u00edculo 180 del Reglamento Interno de esta C\u00e1mara de Diputados, dentro de los \u00faltimos diez d\u00edas del mes de marzo de cada a\u00f1o, la C\u00e1mara de Diputados se debe reunir en Sesi\u00f3n Preparatoria de Inicio de Periodo Ordinario del a\u00f1o 2025 al solo efecto de designar los miembros de la Comisi\u00f3n de Exterior y de Interior y a fijar los d\u00edas y horas de tablas.<\/p>\n<p>Que, conforme al art\u00edculo 117 del Reglamento Interno, la Comisi\u00f3n de Exterior se debe integrar con ocho diputadas o diputados designados por la C\u00e1mara en plenario a simple mayor\u00eda de votos.<\/p>\n<p>Que, conforme lo dispuesto por el art\u00edculo 118, la Comisi\u00f3n de Interior se integra por quienes presiden los bloques legislativos constituidos.<\/p>\n<p>Que, se ha cumplido con el procedimiento dispuesto por los art\u00edculos 109 y 180 del Reglamento Interno.<\/p>\n<p>Que, es necesario dictar el Decreto de convocatoria;<\/p>\n<p>POR ELLO:<\/p>\n<p>EL VICEGOBERNADOR DE LA PROVINCIA DE SAN JUAN Y PRESIDENTE NATO DE LA C\u00c1MARA DE DIPUTADOS<\/p>\n<p>D E C R E T A :<\/p>\n<p>ART\u00cdCULO 1\u00ba.- Se convoca a la C\u00e1mara de Diputados a celebrar la Sesi\u00f3n Preparatoria de Inicio de Periodo Ordinario para el d\u00eda 27 de marzo de 2025, a las 10 horas.<\/p>\n<p>ART\u00cdCULO 2\u00b0.- Se cite, por Secretar\u00eda Legislativa, a los Diputados para designar a los miembros de la Comisi\u00f3n de Exterior y fijar los d\u00edas y horas de tablas conforme lo dispuesto por los art\u00edculos 117 y 180 del Reglamento Interno.<\/p>\n<p>ART\u00cdCULO 3\u00b0.- Se comunique y archive.<\/p>\n<p>FIRMADO:<\/p>\n<p>Dr. Fabi\u00e1n Mart\u00edn, Vicegobernador y Presidente Nato de la C\u00e1mara de Diputados.<br \/>\nDr. Gustavo A. Velert, Secretario Legislativo de la C\u00e1mara de Diputados.<\/p>\n<p>&nbsp;<\/p>\n<figure id=\"attachment_37951\" aria-describedby=\"caption-attachment-37951\" style=\"width: 800px\" class=\"wp-caption alignnone\"><img loading=\"lazy\" decoding=\"async\" class=\"size-full wp-image-37951\" src=\"https:\/\/vocesparalelas.com.ar\/sitio\/wp-content\/uploads\/2021\/05\/CAMARA-EDIFICIO.jpg\" alt=\"\" width=\"800\" height=\"515\" srcset=\"https:\/\/vocesparalelas.com.ar\/sitio\/wp-content\/uploads\/2021\/05\/CAMARA-EDIFICIO.jpg 800w, https:\/\/vocesparalelas.com.ar\/sitio\/wp-content\/uploads\/2021\/05\/CAMARA-EDIFICIO-300x193.jpg 300w, https:\/\/vocesparalelas.com.ar\/sitio\/wp-content\/uploads\/2021\/05\/CAMARA-EDIFICIO-768x494.jpg 768w\" sizes=\"auto, (max-width: 800px) 100vw, 800px\" \/><figcaption id=\"caption-attachment-37951\" class=\"wp-caption-text\">Legislatura Provincial de San Juan, Rep\u00fablica Argentina<\/figcaption><\/figure>\n","protected":false},"excerpt":{"rendered":"<p>El Martes, 25 de Marzo, en el edificio Anexo de la Legislatura de San Juan, la Comisi\u00f3n Permanente celebr\u00f3 una<\/p>\n","protected":false},"author":3,"featured_media":8062,"comment_status":"closed","ping_status":"closed","sticky":false,"template":"","format":"standard","meta":{"_acf_changed":false,"_seopress_robots_primary_cat":"none","_seopress_titles_title":"","_seopress_titles_desc":"","_seopress_robots_index":"","colormag_page_container_layout":"default_layout","colormag_page_sidebar_layout":"default_layout","footnotes":""},"categories":[1],"tags":[],"class_list":["post-84317","post","type-post","status-publish","format-standard","has-post-thumbnail","hentry","category-destacadas"],"acf":[],"_links":{"self":[{"href":"https:\/\/vocesparalelas.com.ar\/sitio\/wp-json\/wp\/v2\/posts\/84317","targetHints":{"allow":["GET"]}}],"collection":[{"href":"https:\/\/vocesparalelas.com.ar\/sitio\/wp-json\/wp\/v2\/posts"}],"about":[{"href":"https:\/\/vocesparalelas.com.ar\/sitio\/wp-json\/wp\/v2\/types\/post"}],"author":[{"embeddable":true,"href":"https:\/\/vocesparalelas.com.ar\/sitio\/wp-json\/wp\/v2\/users\/3"}],"replies":[{"embeddable":true,"href":"https:\/\/vocesparalelas.com.ar\/sitio\/wp-json\/wp\/v2\/comments?post=84317"}],"version-history":[{"count":2,"href":"https:\/\/vocesparalelas.com.ar\/sitio\/wp-json\/wp\/v2\/posts\/84317\/revisions"}],"predecessor-version":[{"id":84321,"href":"https:\/\/vocesparalelas.com.ar\/sitio\/wp-json\/wp\/v2\/posts\/84317\/revisions\/84321"}],"wp:featuredmedia":[{"embeddable":true,"href":"https:\/\/vocesparalelas.com.ar\/sitio\/wp-json\/wp\/v2\/media\/8062"}],"wp:attachment":[{"href":"https:\/\/vocesparalelas.com.ar\/sitio\/wp-json\/wp\/v2\/media?parent=84317"}],"wp:term":[{"taxonomy":"category","embeddable":true,"href":"https:\/\/vocesparalelas.com.ar\/sitio\/wp-json\/wp\/v2\/categories?post=84317"},{"taxonomy":"post_tag","embeddable":true,"href":"https:\/\/vocesparalelas.com.ar\/sitio\/wp-json\/wp\/v2\/tags?post=84317"}],"curies":[{"name":"wp","href":"https:\/\/api.w.org\/{rel}","templated":true}]}}