{"id":84265,"date":"2025-03-25T18:40:37","date_gmt":"2025-03-25T21:40:37","guid":{"rendered":"https:\/\/vocesparalelas.com.ar\/sitio\/?p=84265"},"modified":"2025-03-26T23:21:01","modified_gmt":"2025-03-27T02:21:01","slug":"ciclo-de-formacion-continua-y-en-servicio-2025-para-docentes-de-san-juan","status":"publish","type":"post","link":"https:\/\/vocesparalelas.com.ar\/sitio\/ciclo-de-formacion-continua-y-en-servicio-2025-para-docentes-de-san-juan\/","title":{"rendered":"Ciclo de Formaci\u00f3n Continua y en Servicio 2025 para docentes de San Juan"},"content":{"rendered":"<p>El Ciclo de Formaci\u00f3n Continua y en Servicio 2025, que se desarroll\u00f3 de manera virtual, tuvo una amplia respuesta de los docentes de San Juan.<\/p>\n<p>La propuesta del Ministerio de Educaci\u00f3n del Gobierno de San Juan cont\u00f3 con cinco formaciones disponibles durante tres d\u00edas en YouTube y en total sumaron m\u00e1s de 154.000 reproducciones, lo que dio cuenta del inter\u00e9s de los docentes, tanto de gesti\u00f3n estatal como privada.<\/p>\n<p>La ministra de Educaci\u00f3n, Lic. Silvia Fuentes, destac\u00f3 que \u00abel Ciclo de Formaci\u00f3n Continua y en Servicio en la calidad educativa, en tanto que puso de relieve la disposici\u00f3n y las ganas de los docentes por capacitarse constantemente\u00bb.<\/p>\n<p>La formaci\u00f3n const\u00f3 de cinco propuestas virtuales y asincr\u00f3nicas, de las cuales cuatro estuvieron destinadas a docentes de todos los niveles educativos.<\/p>\n<p><strong><span style=\"color: #ff6600;\">Propuestas<\/span><\/strong><\/p>\n<ul>\n<li>\u201cVolver a lo obvio\u201d, herramientas preventivas para gestionar dificultades y tr\u00e1mites escolares,<\/li>\n<li>\u201cGestionamos climas escolares de bienestar\u201d, herramientas de concientizaci\u00f3n y prevenci\u00f3n,<\/li>\n<li>\u201cPrincipios generales de la educaci\u00f3n emocional\u00bb, recursos creativos para desarrollar habilidades emocionales,<\/li>\n<li>\u00abProyecto Educativo Interdisciplinario: Resistencia Anti Microbiana &#8211; R.A.M -\u201d, concientizaci\u00f3n sobre la importancia de la resistencia a los antimicrobianos.<\/li>\n<\/ul>\n<p>La quinta formaci\u00f3n estuvo dirigida s\u00f3lo a docentes de Educaci\u00f3n Inicial, Primaria, modalidad de Educaci\u00f3n Especial y UEPA<\/p>\n<ul>\n<li>\u201cEntrenamiento en pensamiento creativo, computacional y cr\u00edtico con Inteligencia Artificial\u201d, conceptos b\u00e1sicos de la IA en educaci\u00f3n.<\/li>\n<\/ul>\n<p>Las propuestas estuvieron disponibles en el canal de YouTube del Ministerio de Educaci\u00f3n del Gobierno de San Juan durante tres d\u00edas y las cinco formaciones totalizaron 154.216 reproducciones hasta el momento del cierre.<\/p>\n<p><strong><span style=\"color: #ff6600;\">Las estad\u00edsticas con la cantidad de visualizaciones<\/span><\/strong><\/p>\n<ul>\n<li>Formacio\u0301n N\u00b01: 40.394.<\/li>\n<li>Formacio\u0301n N\u00b02: 32.861.<\/li>\n<li>Formacio\u0301n N\u00b03: 25.802.<\/li>\n<li>Formacio\u0301n N\u00b04: 31.823.<\/li>\n<li>Formacio\u0301n N\u00b05: 23.336.<\/li>\n<\/ul>\n<p>Cada una de ellas cont\u00f3 con certificado de asistencia y certificaci\u00f3n de aval ministerial con puntaje, supeditada a la evaluaci\u00f3n correspondiente.<\/p>\n<p><img loading=\"lazy\" decoding=\"async\" class=\"alignnone size-full wp-image-28629\" src=\"https:\/\/vocesparalelas.com.ar\/sitio\/wp-content\/uploads\/2020\/05\/MINISTERIO-EDUCACION-SJ.jpg\" alt=\"\" width=\"800\" height=\"533\" srcset=\"https:\/\/vocesparalelas.com.ar\/sitio\/wp-content\/uploads\/2020\/05\/MINISTERIO-EDUCACION-SJ.jpg 800w, https:\/\/vocesparalelas.com.ar\/sitio\/wp-content\/uploads\/2020\/05\/MINISTERIO-EDUCACION-SJ-300x200.jpg 300w, https:\/\/vocesparalelas.com.ar\/sitio\/wp-content\/uploads\/2020\/05\/MINISTERIO-EDUCACION-SJ-768x512.jpg 768w\" sizes=\"auto, (max-width: 800px) 100vw, 800px\" \/><\/p>\n","protected":false},"excerpt":{"rendered":"<p>El Ciclo de Formaci\u00f3n Continua y en Servicio 2025, que se desarroll\u00f3 de manera virtual, tuvo una amplia respuesta de<\/p>\n","protected":false},"author":3,"featured_media":30792,"comment_status":"closed","ping_status":"closed","sticky":false,"template":"","format":"standard","meta":{"_acf_changed":false,"_seopress_robots_primary_cat":"none","_seopress_titles_title":"","_seopress_titles_desc":"","_seopress_robots_index":"","colormag_page_container_layout":"default_layout","colormag_page_sidebar_layout":"default_layout","footnotes":""},"categories":[9],"tags":[],"class_list":["post-84265","post","type-post","status-publish","format-standard","has-post-thumbnail","hentry","category-cursos"],"acf":[],"_links":{"self":[{"href":"https:\/\/vocesparalelas.com.ar\/sitio\/wp-json\/wp\/v2\/posts\/84265","targetHints":{"allow":["GET"]}}],"collection":[{"href":"https:\/\/vocesparalelas.com.ar\/sitio\/wp-json\/wp\/v2\/posts"}],"about":[{"href":"https:\/\/vocesparalelas.com.ar\/sitio\/wp-json\/wp\/v2\/types\/post"}],"author":[{"embeddable":true,"href":"https:\/\/vocesparalelas.com.ar\/sitio\/wp-json\/wp\/v2\/users\/3"}],"replies":[{"embeddable":true,"href":"https:\/\/vocesparalelas.com.ar\/sitio\/wp-json\/wp\/v2\/comments?post=84265"}],"version-history":[{"count":1,"href":"https:\/\/vocesparalelas.com.ar\/sitio\/wp-json\/wp\/v2\/posts\/84265\/revisions"}],"predecessor-version":[{"id":84268,"href":"https:\/\/vocesparalelas.com.ar\/sitio\/wp-json\/wp\/v2\/posts\/84265\/revisions\/84268"}],"wp:featuredmedia":[{"embeddable":true,"href":"https:\/\/vocesparalelas.com.ar\/sitio\/wp-json\/wp\/v2\/media\/30792"}],"wp:attachment":[{"href":"https:\/\/vocesparalelas.com.ar\/sitio\/wp-json\/wp\/v2\/media?parent=84265"}],"wp:term":[{"taxonomy":"category","embeddable":true,"href":"https:\/\/vocesparalelas.com.ar\/sitio\/wp-json\/wp\/v2\/categories?post=84265"},{"taxonomy":"post_tag","embeddable":true,"href":"https:\/\/vocesparalelas.com.ar\/sitio\/wp-json\/wp\/v2\/tags?post=84265"}],"curies":[{"name":"wp","href":"https:\/\/api.w.org\/{rel}","templated":true}]}}