{"id":84259,"date":"2025-03-24T21:25:20","date_gmt":"2025-03-25T00:25:20","guid":{"rendered":"https:\/\/vocesparalelas.com.ar\/sitio\/?p=84259"},"modified":"2025-03-26T23:42:33","modified_gmt":"2025-03-27T02:42:33","slug":"semana-por-la-vida-en-san-juan","status":"publish","type":"post","link":"https:\/\/vocesparalelas.com.ar\/sitio\/semana-por-la-vida-en-san-juan\/","title":{"rendered":"Semana por la Vida en San Juan"},"content":{"rendered":"<p>El 25 de Marzo es el D\u00eda del Ni\u00f1o por Nacer por ello, se desarrolla la Semana por la vida organizado por la Pastoral de la Vida San Juan.<\/p>\n<p><span style=\"color: #0000ff;\"><strong>Martes 25 de marzo<\/strong><\/span><\/p>\n<ul>\n<li>9 hs: Santa Misa D\u00eda del Ni\u00f1o por Nacer -Iglesia Catedral<\/li>\n<li>Recepci\u00f3n de donaciones de Leche y Pa\u00f1ales. Organiza Pastoral de la Vida San Juan<\/li>\n<li>10 hs: Baby Shower en el Hospital de Caucete<\/li>\n<li>18 hs: Marcha desde la Escuela Nueva Juan Fanzolato\/Recepci\u00f3n de donaci\u00f3n de pa\u00f1ales<\/li>\n<li>18:30 Santa Misa en Plaza Sagrado Coraz\u00f3n<\/li>\n<li>20 hs: Santa Misa en acci\u00f3n de gracias por los 25 a\u00f1os de Ordenaci\u00f3n Episcopal de Mons. Jorge Lozano. Iglesia Catedral de San Juan Bautista<\/li>\n<\/ul>\n<p><strong><span style=\"color: #0000ff;\">Viernes 28 de Marzo<\/span><\/strong><\/p>\n<p>Muestra \u00abEl milagro de la vida\u00bb<\/p>\n<ul>\n<li>20 hs: Santa Misa<\/li>\n<li>21 hs: V\u00eda Crucis por la Vida<\/li>\n<li>Colegio Fasta Federico Ozanam<\/li>\n<\/ul>\n<p>Campa\u00f1a y recepci\u00f3n de Leche y Pa\u00f1ales en la Parroquia de Santa Luc\u00eda, en al Misa diaria<\/p>\n<p><strong><span style=\"color: #0000ff;\">S\u00e1bado, 29 de Marzo<\/span><\/strong><\/p>\n<ul>\n<li>16:30 hs &#8211; I Jornada Internacional de Familia y Vida &#x1fa75;<\/li>\n<li>19:30 hs &#8211; Caravana por la vida<\/li>\n<li>Teatro del Bicentenario en la Sala Auditorium<\/li>\n<\/ul>\n<p>\u00abSi hay vida, hay esperanza\u00bb<\/p>\n<p><strong><span style=\"color: #0000ff;\">Inscripci\u00f3n<\/span><\/strong><\/p>\n<p>Completa el formulario para participar de la 1\u00b0 Jornada Internacional Familia y Vida<\/p>\n<p><a href=\"https:\/\/docs.google.com\/forms\/d\/1dgs59qHyRTHdnZAl5M6ljn3DttWVM7CmFfVYi8jr7iY\/viewform?edit_requested=true#responses\">https:\/\/docs.google.com\/forms\/d\/1dgs59qHyRTHdnZAl5M6ljn3DttWVM7CmFfVYi8jr7iY\/viewform?edit_requested=true#responses<\/a><\/p>\n<p>&nbsp;<\/p>\n<figure id=\"attachment_13361\" aria-describedby=\"caption-attachment-13361\" style=\"width: 300px\" class=\"wp-caption aligncenter\"><img loading=\"lazy\" decoding=\"async\" class=\"size-full wp-image-13361\" src=\"https:\/\/vocesparalelas.com.ar\/sitio\/wp-content\/uploads\/2018\/07\/SI-ARZOBISPO.jpg\" alt=\"\" width=\"300\" height=\"287\" \/><figcaption id=\"caption-attachment-13361\" class=\"wp-caption-text\">Monse\u00f1or Jorge Lozano<\/figcaption><\/figure>\n","protected":false},"excerpt":{"rendered":"<p>El 25 de Marzo es el D\u00eda del Ni\u00f1o por Nacer por ello, se desarrolla la Semana por la vida<\/p>\n","protected":false},"author":3,"featured_media":27291,"comment_status":"closed","ping_status":"closed","sticky":false,"template":"","format":"standard","meta":{"_acf_changed":false,"_seopress_robots_primary_cat":"none","_seopress_titles_title":"","_seopress_titles_desc":"","_seopress_robots_index":"","colormag_page_container_layout":"default_layout","colormag_page_sidebar_layout":"default_layout","footnotes":""},"categories":[6],"tags":[],"class_list":["post-84259","post","type-post","status-publish","format-standard","has-post-thumbnail","hentry","category-eventos"],"acf":[],"_links":{"self":[{"href":"https:\/\/vocesparalelas.com.ar\/sitio\/wp-json\/wp\/v2\/posts\/84259","targetHints":{"allow":["GET"]}}],"collection":[{"href":"https:\/\/vocesparalelas.com.ar\/sitio\/wp-json\/wp\/v2\/posts"}],"about":[{"href":"https:\/\/vocesparalelas.com.ar\/sitio\/wp-json\/wp\/v2\/types\/post"}],"author":[{"embeddable":true,"href":"https:\/\/vocesparalelas.com.ar\/sitio\/wp-json\/wp\/v2\/users\/3"}],"replies":[{"embeddable":true,"href":"https:\/\/vocesparalelas.com.ar\/sitio\/wp-json\/wp\/v2\/comments?post=84259"}],"version-history":[{"count":1,"href":"https:\/\/vocesparalelas.com.ar\/sitio\/wp-json\/wp\/v2\/posts\/84259\/revisions"}],"predecessor-version":[{"id":84262,"href":"https:\/\/vocesparalelas.com.ar\/sitio\/wp-json\/wp\/v2\/posts\/84259\/revisions\/84262"}],"wp:featuredmedia":[{"embeddable":true,"href":"https:\/\/vocesparalelas.com.ar\/sitio\/wp-json\/wp\/v2\/media\/27291"}],"wp:attachment":[{"href":"https:\/\/vocesparalelas.com.ar\/sitio\/wp-json\/wp\/v2\/media?parent=84259"}],"wp:term":[{"taxonomy":"category","embeddable":true,"href":"https:\/\/vocesparalelas.com.ar\/sitio\/wp-json\/wp\/v2\/categories?post=84259"},{"taxonomy":"post_tag","embeddable":true,"href":"https:\/\/vocesparalelas.com.ar\/sitio\/wp-json\/wp\/v2\/tags?post=84259"}],"curies":[{"name":"wp","href":"https:\/\/api.w.org\/{rel}","templated":true}]}}