{"id":84254,"date":"2025-03-24T13:25:07","date_gmt":"2025-03-24T16:25:07","guid":{"rendered":"https:\/\/vocesparalelas.com.ar\/sitio\/?p=84254"},"modified":"2025-03-26T00:59:51","modified_gmt":"2025-03-26T03:59:51","slug":"semana-de-la-memoria-la-verdad-y-la-justicia-en-la-unsj","status":"publish","type":"post","link":"https:\/\/vocesparalelas.com.ar\/sitio\/semana-de-la-memoria-la-verdad-y-la-justicia-en-la-unsj\/","title":{"rendered":"Semana de la Memoria, la Verdad y la Justicia en la UNSJ"},"content":{"rendered":"<p>Con el objetivo de conmemorar la semana de la Memoria, la Verdad y la Justicia y de aportar a los debates en torno a la \u00faltima dictadura c\u00edvico-militar, desde el Programa de Derechos Humanos de la Secretar\u00eda de Extensi\u00f3n Universitaria (SEU) de la Universidad Nacional de San Juan (UNSJ) se ha planificado una serie de actividades en conjunto con organizaciones sociales y el Consejo Regional de Planificaci\u00f3n de la Educaci\u00f3n Superior, el CPRES Nuevo Cuyo, que re\u00fane a la Universidad Nacional de San Luis, la Universidad Nacional de Villa Mercedes, la Universidad Nacional de Cuyo y la Universidad Nacional de San Juan.<\/p>\n<p><strong><span style=\"color: #0000ff;\">Cronograma<\/span><\/strong><\/p>\n<ul>\n<li><span style=\"color: #0000ff;\"><b>Movilizaci\u00f3n a 49 a\u00f1os del golpe c\u00edvico\u2013militar<\/b><\/span>\u00a0Marcha el 24 de Marzo,\u00a0\u00a0a partir de las 17:30, con punto de partida desde la Plaza 25 de Mayo. Actividad organizada por Agrupaci\u00f3n Hijxs y Mesa Provincial de Derechos Humanos.<\/li>\n<li><span style=\"color: #0000ff;\"><b>Acto Central del D\u00eda Nacional por la Memoria, la Verdad y la Justicia<\/b><\/span>\u00a0 el 25 de Marzo, a las 18:30 hs., en el Bosque de la Memoria, Jardines del CUIM &#8211; Av. Ignacio de la Roza 590 oeste, Rivadavia.<\/li>\n<li><span style=\"color: #0000ff;\"><b>Conversatorio: \u201cUniversidad y Derechos Humanos. Di\u00e1logos convergentes por la Memoria, la Verdad y la Justicia\u201d<\/b><\/span> el 27 de Marzo a las 18 en el Sal\u00f3n de actos de la Facultad de Ciencias Sociales, Av. Ignacio de la Roza 590 oeste, Rivadavia. El conversatorio busca promover el encuentro y el di\u00e1logo entre referentes\/representantes de los estamentos de la Universidad para debatir y construir acuerdos urgentes en materia de Derechos Humanos y, en particular, de pol\u00edticas universitarias de Memoria, Verdad y Justicia, adem\u00e1s de problematizar la curricularizaci\u00f3n de los Derechos Humanos en los cursos de ingreso. Participar\u00e1n representantes de los gremios docentes, nodocentes y Federaci\u00f3n de Estudiantes Universitarios.<\/li>\n<li><span style=\"color: #0000ff;\">\u201c<b>Juicios de lesa humanidad ayer y hoy. Miradas desde jueces y fiscales cuyanos\u201d<\/b> <\/span>el 03 de Abril a las 18 hs. con modalidad virtual por plataforma Zoom, Conferencia, esta actividad propone poner en di\u00e1logo las experiencias de jueces y fiscales que participaron en los juicios de Lesa Humanidad en las provincias de San Luis, Mendoza y San Juan y los desaf\u00edos que tiene la justicia en materia de DDHH. Est\u00e1 dirigida a estudiantes de grado y posgrado, docentes y agentes de los poderes judiciales de cada una de las provincias del CPRES.<\/li>\n<\/ul>\n<p>Asimismo, la UNSJ realiza durante el 2025 el <strong><span style=\"color: #0000ff;\">Taller \u201c\u00bfNosotros\/as en libertad? Entramando miradas entre la dictadura y nuestro presente\u201d<\/span><\/strong>. Esta propuesta est\u00e1 estructurada como un dise\u00f1o de planificaci\u00f3n \u00e1ulica para ser replicado en diversos espacios curriculares dentro de las Universidades P\u00fablicas de Cuyo. La actividad tiene el objetivo de generar espacios de di\u00e1logo y debate con los\/las estudiantes acerca de la historia de la \u00faltima dictadura c\u00edvico militar en las provincias de Cuyo, las luchas y sus protagonistas, como as\u00ed tambi\u00e9n reflexionar colectivamente sobre el compromiso ineludible que desde las Universidades P\u00fablicas se debe asumir para defender y resguardar una democracia sustantiva.<\/p>\n<p>El taller est\u00e1 programado en torno al libro \u201cNosotras en Libertad\u201d, itinerario \u201cAndes, Pampa y Patagonia\u201d, apartado en el cual narran sus historias luego del cautiverio en la c\u00e1rcel de Devoto algunas ex presas pol\u00edticas cuyanas. Se busca problematizar la idea de libertad junto a los\/las j\u00f3venes estudiantes universitarios.<\/p>\n<p>La propuesta de taller ser\u00e1 replicada por docentes en sus espacios curriculares en el marco del mes de la memoria.<\/p>\n<p>&nbsp;<\/p>\n<p><img loading=\"lazy\" decoding=\"async\" class=\"alignnone size-full wp-image-54035\" src=\"https:\/\/vocesparalelas.com.ar\/sitio\/wp-content\/uploads\/2022\/11\/UNSJ-LOGO-10.jpg\" alt=\"\" width=\"800\" height=\"533\" srcset=\"https:\/\/vocesparalelas.com.ar\/sitio\/wp-content\/uploads\/2022\/11\/UNSJ-LOGO-10.jpg 800w, https:\/\/vocesparalelas.com.ar\/sitio\/wp-content\/uploads\/2022\/11\/UNSJ-LOGO-10-300x200.jpg 300w, https:\/\/vocesparalelas.com.ar\/sitio\/wp-content\/uploads\/2022\/11\/UNSJ-LOGO-10-768x512.jpg 768w\" sizes=\"auto, (max-width: 800px) 100vw, 800px\" \/><\/p>\n","protected":false},"excerpt":{"rendered":"<p>Con el objetivo de conmemorar la semana de la Memoria, la Verdad y la Justicia y de aportar a los<\/p>\n","protected":false},"author":3,"featured_media":84257,"comment_status":"closed","ping_status":"closed","sticky":false,"template":"","format":"standard","meta":{"_acf_changed":false,"_seopress_robots_primary_cat":"none","_seopress_titles_title":"","_seopress_titles_desc":"","_seopress_robots_index":"","colormag_page_container_layout":"default_layout","colormag_page_sidebar_layout":"default_layout","footnotes":""},"categories":[6],"tags":[],"class_list":["post-84254","post","type-post","status-publish","format-standard","has-post-thumbnail","hentry","category-eventos"],"acf":[],"_links":{"self":[{"href":"https:\/\/vocesparalelas.com.ar\/sitio\/wp-json\/wp\/v2\/posts\/84254","targetHints":{"allow":["GET"]}}],"collection":[{"href":"https:\/\/vocesparalelas.com.ar\/sitio\/wp-json\/wp\/v2\/posts"}],"about":[{"href":"https:\/\/vocesparalelas.com.ar\/sitio\/wp-json\/wp\/v2\/types\/post"}],"author":[{"embeddable":true,"href":"https:\/\/vocesparalelas.com.ar\/sitio\/wp-json\/wp\/v2\/users\/3"}],"replies":[{"embeddable":true,"href":"https:\/\/vocesparalelas.com.ar\/sitio\/wp-json\/wp\/v2\/comments?post=84254"}],"version-history":[{"count":1,"href":"https:\/\/vocesparalelas.com.ar\/sitio\/wp-json\/wp\/v2\/posts\/84254\/revisions"}],"predecessor-version":[{"id":84258,"href":"https:\/\/vocesparalelas.com.ar\/sitio\/wp-json\/wp\/v2\/posts\/84254\/revisions\/84258"}],"wp:featuredmedia":[{"embeddable":true,"href":"https:\/\/vocesparalelas.com.ar\/sitio\/wp-json\/wp\/v2\/media\/84257"}],"wp:attachment":[{"href":"https:\/\/vocesparalelas.com.ar\/sitio\/wp-json\/wp\/v2\/media?parent=84254"}],"wp:term":[{"taxonomy":"category","embeddable":true,"href":"https:\/\/vocesparalelas.com.ar\/sitio\/wp-json\/wp\/v2\/categories?post=84254"},{"taxonomy":"post_tag","embeddable":true,"href":"https:\/\/vocesparalelas.com.ar\/sitio\/wp-json\/wp\/v2\/tags?post=84254"}],"curies":[{"name":"wp","href":"https:\/\/api.w.org\/{rel}","templated":true}]}}