{"id":84250,"date":"2025-03-24T11:35:50","date_gmt":"2025-03-24T14:35:50","guid":{"rendered":"https:\/\/vocesparalelas.com.ar\/sitio\/?p=84250"},"modified":"2025-03-24T11:35:50","modified_gmt":"2025-03-24T14:35:50","slug":"memoria-por-la-verdad-y-la-justicia-en-san-juan","status":"publish","type":"post","link":"https:\/\/vocesparalelas.com.ar\/sitio\/memoria-por-la-verdad-y-la-justicia-en-san-juan\/","title":{"rendered":"\u00abMemoria por la Verdad y la Justicia\u00bb en San Juan"},"content":{"rendered":"<p>Cada 24 de marzo, dedicamos el d\u00eda a la Memoria por la Verdad y la Justicia. Un a\u00f1o m\u00e1s que recordamos y decimos que est\u00e1n presentes las y los 30.000 detenidos\/as desaparecidos\/as por la dictadura c\u00edvico-militar que comenz\u00f3 un d\u00eda como hoy pero de 1976.<\/p>\n<p>Hoy hacemos ejercicio de nuestra memoria en un escenario particular, con un gobierno de turno que impulsa discursos de odio y cargados de negacionismo. Hoy es un d\u00eda m\u00e1s para decirle NO a la impunidad de ayer y de hoy. Hoy es un d\u00eda para recordar a los 30.000 detenidos desaparecidos. Hoy es un d\u00eda para recordarle al Gobierno porqu\u00e9 son importantes los Derechos Humanos y las pol\u00edticas p\u00fablicas en esta materia.<\/p>\n<p>C\u00f3mo en todo el pa\u00eds, hoy nos movilizamos de manera unificada. Concentramos a las 17:30 hs en la Plaza 25 de mayo.<\/p>\n<p>En este gremio nos permitimos recordar la lucha de la docencia universitaria y nuestra resistencia en las peores \u00e9pocas, sufriendo censura y las p\u00e9rdidas de valiosas personas y profesionales.<\/p>\n<p>Creemos fundamental que la lucha por la democracia, el ejercicio de la memoria y la soberan\u00eda deben ser pilares fundantes de cada Universidad Nacional de nuestro pa\u00eds.<\/p>\n<p>Desde ADICUS seguimos diciendo \u00a1Nunca M\u00e1s!<\/p>\n<p><img loading=\"lazy\" decoding=\"async\" class=\"alignnone size-large wp-image-15835\" src=\"https:\/\/vocesparalelas.com.ar\/sitio\/wp-content\/uploads\/2018\/10\/ADICUS-EDIFICIO-800x531.jpg\" alt=\"\" width=\"800\" height=\"531\" srcset=\"https:\/\/vocesparalelas.com.ar\/sitio\/wp-content\/uploads\/2018\/10\/ADICUS-EDIFICIO-800x531.jpg 800w, https:\/\/vocesparalelas.com.ar\/sitio\/wp-content\/uploads\/2018\/10\/ADICUS-EDIFICIO-300x199.jpg 300w, https:\/\/vocesparalelas.com.ar\/sitio\/wp-content\/uploads\/2018\/10\/ADICUS-EDIFICIO-768x510.jpg 768w, https:\/\/vocesparalelas.com.ar\/sitio\/wp-content\/uploads\/2018\/10\/ADICUS-EDIFICIO.jpg 1000w\" sizes=\"auto, (max-width: 800px) 100vw, 800px\" \/><\/p>\n","protected":false},"excerpt":{"rendered":"<p>Cada 24 de marzo, dedicamos el d\u00eda a la Memoria por la Verdad y la Justicia. Un a\u00f1o m\u00e1s que<\/p>\n","protected":false},"author":3,"featured_media":57252,"comment_status":"closed","ping_status":"closed","sticky":false,"template":"","format":"standard","meta":{"_acf_changed":false,"_seopress_robots_primary_cat":"none","_seopress_titles_title":"","_seopress_titles_desc":"","_seopress_robots_index":"","colormag_page_container_layout":"default_layout","colormag_page_sidebar_layout":"default_layout","footnotes":""},"categories":[1],"tags":[],"class_list":["post-84250","post","type-post","status-publish","format-standard","has-post-thumbnail","hentry","category-destacadas"],"acf":[],"_links":{"self":[{"href":"https:\/\/vocesparalelas.com.ar\/sitio\/wp-json\/wp\/v2\/posts\/84250","targetHints":{"allow":["GET"]}}],"collection":[{"href":"https:\/\/vocesparalelas.com.ar\/sitio\/wp-json\/wp\/v2\/posts"}],"about":[{"href":"https:\/\/vocesparalelas.com.ar\/sitio\/wp-json\/wp\/v2\/types\/post"}],"author":[{"embeddable":true,"href":"https:\/\/vocesparalelas.com.ar\/sitio\/wp-json\/wp\/v2\/users\/3"}],"replies":[{"embeddable":true,"href":"https:\/\/vocesparalelas.com.ar\/sitio\/wp-json\/wp\/v2\/comments?post=84250"}],"version-history":[{"count":1,"href":"https:\/\/vocesparalelas.com.ar\/sitio\/wp-json\/wp\/v2\/posts\/84250\/revisions"}],"predecessor-version":[{"id":84253,"href":"https:\/\/vocesparalelas.com.ar\/sitio\/wp-json\/wp\/v2\/posts\/84250\/revisions\/84253"}],"wp:featuredmedia":[{"embeddable":true,"href":"https:\/\/vocesparalelas.com.ar\/sitio\/wp-json\/wp\/v2\/media\/57252"}],"wp:attachment":[{"href":"https:\/\/vocesparalelas.com.ar\/sitio\/wp-json\/wp\/v2\/media?parent=84250"}],"wp:term":[{"taxonomy":"category","embeddable":true,"href":"https:\/\/vocesparalelas.com.ar\/sitio\/wp-json\/wp\/v2\/categories?post=84250"},{"taxonomy":"post_tag","embeddable":true,"href":"https:\/\/vocesparalelas.com.ar\/sitio\/wp-json\/wp\/v2\/tags?post=84250"}],"curies":[{"name":"wp","href":"https:\/\/api.w.org\/{rel}","templated":true}]}}