{"id":84166,"date":"2025-03-21T21:16:50","date_gmt":"2025-03-22T00:16:50","guid":{"rendered":"https:\/\/vocesparalelas.com.ar\/sitio\/?p=84166"},"modified":"2025-03-22T13:59:05","modified_gmt":"2025-03-22T16:59:05","slug":"san-juan-es-sede-de-la-173-asamblea-del-consejo-federal-de-turismo-de-la-republica-argentina","status":"publish","type":"post","link":"https:\/\/vocesparalelas.com.ar\/sitio\/san-juan-es-sede-de-la-173-asamblea-del-consejo-federal-de-turismo-de-la-republica-argentina\/","title":{"rendered":"San Juan es sede de la 173\u00b0 Asamblea del Consejo Federal de Turismo de la Rep\u00fablica Argentina"},"content":{"rendered":"<p>El Jueves, 20 de Marzo, se conoci\u00f3 que la provincia de San Juan es sede de la 173 Asamblea del Consejo Federal de Turismo &#8211; CFT &#8211; que se realiza en Setiembre 2025. Se trata de un evento que re\u00fane a los ministros y secretarios de turismo de la Rep\u00fablica Argentina, para delinear acciones que se aplican en el sector a lo largo de 2025.<\/p>\n<p>As\u00ed lo anunci\u00f3 el ministro de Turismo, Cultura y Deporte del Gobierno de San Juan, Dr. Guido Romero, tras participar de la 170\u00b0 Asamblea del CFT, presidida por el Secretario de Turismo, Ambiente y Deportes de la Naci\u00f3n, Daniel Scioli, en la provincia de Corrientes.<\/p>\n<p>Adem\u00e1s, la Asamblea tiene el objetivo de elegir las nuevas autoridades y representantes ante el Instituto Nacional de Promoci\u00f3n Tur\u00edstica &#8211; Inprotur &#8211; y el Instituto de Calidad Tur\u00edstica Argentina &#8211; Icta.<\/p>\n<p>Con la Asamblea del CFT, la presidencia del Ente de Turismo en Cuyo ahora qued\u00f3 en manos del ministro de Turismo, Cultura y Deporte del Gobierno de San Juan, Dr. Guido Romero para continuar trabajando y establecer acuerdos y proyectos con otras provincias.<\/p>\n<p>&nbsp;<\/p>\n<p><img loading=\"lazy\" decoding=\"async\" class=\"alignnone size-large wp-image-2138\" src=\"https:\/\/vocesparalelas.com.ar\/sitio\/wp-content\/uploads\/2017\/06\/BANDERA-ARGENTINA-800x600.jpg\" alt=\"\" width=\"800\" height=\"600\" srcset=\"https:\/\/vocesparalelas.com.ar\/sitio\/wp-content\/uploads\/2017\/06\/BANDERA-ARGENTINA-800x600.jpg 800w, https:\/\/vocesparalelas.com.ar\/sitio\/wp-content\/uploads\/2017\/06\/BANDERA-ARGENTINA-300x225.jpg 300w, https:\/\/vocesparalelas.com.ar\/sitio\/wp-content\/uploads\/2017\/06\/BANDERA-ARGENTINA-768x576.jpg 768w, https:\/\/vocesparalelas.com.ar\/sitio\/wp-content\/uploads\/2017\/06\/BANDERA-ARGENTINA.jpg 1024w\" sizes=\"auto, (max-width: 800px) 100vw, 800px\" \/><\/p>\n<p>&nbsp;<\/p>\n","protected":false},"excerpt":{"rendered":"<p>El Jueves, 20 de Marzo, se conoci\u00f3 que la provincia de San Juan es sede de la 173 Asamblea del<\/p>\n","protected":false},"author":3,"featured_media":84169,"comment_status":"closed","ping_status":"closed","sticky":false,"template":"","format":"standard","meta":{"_acf_changed":false,"_seopress_robots_primary_cat":"none","_seopress_titles_title":"","_seopress_titles_desc":"","_seopress_robots_index":"","colormag_page_container_layout":"default_layout","colormag_page_sidebar_layout":"default_layout","footnotes":""},"categories":[6],"tags":[],"class_list":["post-84166","post","type-post","status-publish","format-standard","has-post-thumbnail","hentry","category-eventos"],"acf":[],"_links":{"self":[{"href":"https:\/\/vocesparalelas.com.ar\/sitio\/wp-json\/wp\/v2\/posts\/84166","targetHints":{"allow":["GET"]}}],"collection":[{"href":"https:\/\/vocesparalelas.com.ar\/sitio\/wp-json\/wp\/v2\/posts"}],"about":[{"href":"https:\/\/vocesparalelas.com.ar\/sitio\/wp-json\/wp\/v2\/types\/post"}],"author":[{"embeddable":true,"href":"https:\/\/vocesparalelas.com.ar\/sitio\/wp-json\/wp\/v2\/users\/3"}],"replies":[{"embeddable":true,"href":"https:\/\/vocesparalelas.com.ar\/sitio\/wp-json\/wp\/v2\/comments?post=84166"}],"version-history":[{"count":2,"href":"https:\/\/vocesparalelas.com.ar\/sitio\/wp-json\/wp\/v2\/posts\/84166\/revisions"}],"predecessor-version":[{"id":84226,"href":"https:\/\/vocesparalelas.com.ar\/sitio\/wp-json\/wp\/v2\/posts\/84166\/revisions\/84226"}],"wp:featuredmedia":[{"embeddable":true,"href":"https:\/\/vocesparalelas.com.ar\/sitio\/wp-json\/wp\/v2\/media\/84169"}],"wp:attachment":[{"href":"https:\/\/vocesparalelas.com.ar\/sitio\/wp-json\/wp\/v2\/media?parent=84166"}],"wp:term":[{"taxonomy":"category","embeddable":true,"href":"https:\/\/vocesparalelas.com.ar\/sitio\/wp-json\/wp\/v2\/categories?post=84166"},{"taxonomy":"post_tag","embeddable":true,"href":"https:\/\/vocesparalelas.com.ar\/sitio\/wp-json\/wp\/v2\/tags?post=84166"}],"curies":[{"name":"wp","href":"https:\/\/api.w.org\/{rel}","templated":true}]}}