{"id":84152,"date":"2025-03-21T20:17:50","date_gmt":"2025-03-21T23:17:50","guid":{"rendered":"https:\/\/vocesparalelas.com.ar\/sitio\/?p=84152"},"modified":"2025-03-22T11:16:50","modified_gmt":"2025-03-22T14:16:50","slug":"la-previa-de-la-feria-flamenca-en-san-juan","status":"publish","type":"post","link":"https:\/\/vocesparalelas.com.ar\/sitio\/la-previa-de-la-feria-flamenca-en-san-juan\/","title":{"rendered":"La previa de la Feria Flamenca en San Juan"},"content":{"rendered":"<p>El S\u00e1bado, 22 de Marzo, se desarrolla la previa de la Feria Flamenca. Es un evento que espera la llegada de la segunda edici\u00f3n de la Feria Flamenca. Por ello, la Asociaci\u00f3n Civil Ciclo Flamenco propone jornadas de formaci\u00f3n, cante y baile durante Marzo 2025.<\/p>\n<p><strong><span style=\"color: #ff6600;\">Propuestas<\/span><\/strong><\/p>\n<ul>\n<li>Taller de Improvisaci\u00f3n Flamenca, de la mano de Lisandro Aramayo, desde Tucum\u00e1n, en cante, Cuky Maestro y Ale Minet de San Juan en baile, de 18 a 19.30 hs.; Nivel Intermedio y Avanzado, en el Instituto C\u00e1diz. Inscripciones al +5492645407872<\/li>\n<li>Proyecci\u00f3n de documental \u00abFlamencas, mujeres, fuerza y duende\u00bb, un proyecto donde los t\u00f3picos del flamenco y la diferenciaci\u00f3n de g\u00e9nero se escondan ante su propia superaci\u00f3n. Con las biograf\u00edas de 60 cantaoras y bailaoras de ayer y hoy. A las 19.30 hs.; en el Instituto C\u00e1diz. La entrada en Libre y Gratuita.<\/li>\n<li>Instituto C\u00e1diz, Tablao Flamenco, con Lisandro Aramayo, Provincia de Tucum\u00e1n, Diego Lorenzo, Provincia de Mendoza, Ale Minet y artistas invitadas de la Compa\u00f1\u00eda Flamenca Aires de C\u00e1diz, Provincia de San Juan, a las 22 hs.; en el Espacio Teatral T\u00edteres en Serio. Entradas anticipadas\u00a0<a href=\"https:\/\/www.entradaweb.com\">https:\/\/www.entradaweb.com<\/a><\/li>\n<\/ul>\n<p><img loading=\"lazy\" decoding=\"async\" class=\"alignnone size-full wp-image-71558\" src=\"https:\/\/vocesparalelas.com.ar\/sitio\/wp-content\/uploads\/2024\/04\/BAILE-ESPANOL.jpg\" alt=\"\" width=\"800\" height=\"453\" srcset=\"https:\/\/vocesparalelas.com.ar\/sitio\/wp-content\/uploads\/2024\/04\/BAILE-ESPANOL.jpg 800w, https:\/\/vocesparalelas.com.ar\/sitio\/wp-content\/uploads\/2024\/04\/BAILE-ESPANOL-300x170.jpg 300w, https:\/\/vocesparalelas.com.ar\/sitio\/wp-content\/uploads\/2024\/04\/BAILE-ESPANOL-768x435.jpg 768w\" sizes=\"auto, (max-width: 800px) 100vw, 800px\" \/><\/p>\n","protected":false},"excerpt":{"rendered":"<p>El S\u00e1bado, 22 de Marzo, se desarrolla la previa de la Feria Flamenca. Es un evento que espera la llegada<\/p>\n","protected":false},"author":3,"featured_media":84155,"comment_status":"closed","ping_status":"closed","sticky":false,"template":"","format":"standard","meta":{"_acf_changed":false,"_seopress_robots_primary_cat":"none","_seopress_titles_title":"","_seopress_titles_desc":"","_seopress_robots_index":"","colormag_page_container_layout":"default_layout","colormag_page_sidebar_layout":"default_layout","footnotes":""},"categories":[20],"tags":[],"class_list":["post-84152","post","type-post","status-publish","format-standard","has-post-thumbnail","hentry","category-cartelera"],"acf":[],"_links":{"self":[{"href":"https:\/\/vocesparalelas.com.ar\/sitio\/wp-json\/wp\/v2\/posts\/84152","targetHints":{"allow":["GET"]}}],"collection":[{"href":"https:\/\/vocesparalelas.com.ar\/sitio\/wp-json\/wp\/v2\/posts"}],"about":[{"href":"https:\/\/vocesparalelas.com.ar\/sitio\/wp-json\/wp\/v2\/types\/post"}],"author":[{"embeddable":true,"href":"https:\/\/vocesparalelas.com.ar\/sitio\/wp-json\/wp\/v2\/users\/3"}],"replies":[{"embeddable":true,"href":"https:\/\/vocesparalelas.com.ar\/sitio\/wp-json\/wp\/v2\/comments?post=84152"}],"version-history":[{"count":1,"href":"https:\/\/vocesparalelas.com.ar\/sitio\/wp-json\/wp\/v2\/posts\/84152\/revisions"}],"predecessor-version":[{"id":84156,"href":"https:\/\/vocesparalelas.com.ar\/sitio\/wp-json\/wp\/v2\/posts\/84152\/revisions\/84156"}],"wp:featuredmedia":[{"embeddable":true,"href":"https:\/\/vocesparalelas.com.ar\/sitio\/wp-json\/wp\/v2\/media\/84155"}],"wp:attachment":[{"href":"https:\/\/vocesparalelas.com.ar\/sitio\/wp-json\/wp\/v2\/media?parent=84152"}],"wp:term":[{"taxonomy":"category","embeddable":true,"href":"https:\/\/vocesparalelas.com.ar\/sitio\/wp-json\/wp\/v2\/categories?post=84152"},{"taxonomy":"post_tag","embeddable":true,"href":"https:\/\/vocesparalelas.com.ar\/sitio\/wp-json\/wp\/v2\/tags?post=84152"}],"curies":[{"name":"wp","href":"https:\/\/api.w.org\/{rel}","templated":true}]}}