{"id":84135,"date":"2025-03-21T15:35:53","date_gmt":"2025-03-21T18:35:53","guid":{"rendered":"https:\/\/vocesparalelas.com.ar\/sitio\/?p=84135"},"modified":"2025-03-21T19:39:24","modified_gmt":"2025-03-21T22:39:24","slug":"el-gobierno-de-san-juan-asistio-a-las-familias-del-departamento-calingasta-afectadas-por-el-temporal","status":"publish","type":"post","link":"https:\/\/vocesparalelas.com.ar\/sitio\/el-gobierno-de-san-juan-asistio-a-las-familias-del-departamento-calingasta-afectadas-por-el-temporal\/","title":{"rendered":"El Gobierno de San Juan asisti\u00f3 a las familias del Departamento Calingasta afectadas por el temporal"},"content":{"rendered":"<p>El personal del ministro de Familia y Desarrollo Humano del Gobierno de San Juan recorri\u00f3 las zonas m\u00e1s complicadas por las lluvias para evaluar los da\u00f1os. Encontraron dos familias que se autoevacuaron y recibieron asistencia. Adem\u00e1s, Vialidad Nacional trabaj\u00f3 para habilitar las rutas.<\/p>\n<p>El ministro de Familia y Desarrollo Humano, Prof. Carlos Platero visit\u00f3 el departamento Calingasta para asistir a las familias afectadas por el fuerte temporal de lluvias que gener\u00f3 crecidas y cortes de rutas, pero que no implic\u00f3 mayores da\u00f1os en viviendas ni otras construcciones.<\/p>\n<p>Seg\u00fan los reportes, hubo lluvias en casi todos los departamentos. El \u00fanico que requiri\u00f3 ayuda asistencial y el trabajo de Vialidad Nacional para habilitar las rutas, fue el Departamento Calingasta. Mientras que en el Departamento J\u00e1chal se registraron lluvias intermitentes, sin mayores inconvenientes, salvo cortes de luz en algunos distritos.<\/p>\n<p>El Gobernador de San Juan, Dr. Marcelo Orrego, el ministro de Familia y Desarrollo Humano, Prof. Carlos Platero, el equipo de trabajo y autoridades del municipio, recorri\u00f3 las zonas m\u00e1s afectadas Villa Calingasta, Villa Nueva y Villa Corral, evaluando los da\u00f1os y coordinando la entrega de asistencia. Solo dos familias del barrio Alto Verde, se autoevacuaron en casas de familiares, por lo que recibieron ayuda de inmediato.<\/p>\n<p>Es as\u00ed que manifest\u00f3 que \u00abestamos trabajando en conjunto con el municipio y otras \u00e1reas del gobierno para garantizar una respuesta r\u00e1pida y efectiva. Nuestro compromiso es estar cerca de las familias y brindarles el apoyo necesario en este momento dif\u00edcil\u201d.<\/p>\n<p>Paralelamente, se activaron operativos especiales para relevar si m\u00e1s familias se encontraban damnificadas y brindarles acompa\u00f1amiento social.<\/p>\n<p>El gobierno de San Juan contin\u00faa monitoreando la situaci\u00f3n y reforzando la ayuda en coordinaci\u00f3n con los organismos pertinentes para garantizar la seguridad y bienestar de los habitantes del Departamento Calingasta, en este contexto.<\/p>\n<p><img loading=\"lazy\" decoding=\"async\" class=\"alignnone size-full wp-image-84145\" src=\"https:\/\/vocesparalelas.com.ar\/sitio\/wp-content\/uploads\/2025\/03\/CALINGASTA-FAMILIA-LLUVIA-04.jpg\" alt=\"\" width=\"800\" height=\"533\" srcset=\"https:\/\/vocesparalelas.com.ar\/sitio\/wp-content\/uploads\/2025\/03\/CALINGASTA-FAMILIA-LLUVIA-04.jpg 800w, https:\/\/vocesparalelas.com.ar\/sitio\/wp-content\/uploads\/2025\/03\/CALINGASTA-FAMILIA-LLUVIA-04-300x200.jpg 300w, https:\/\/vocesparalelas.com.ar\/sitio\/wp-content\/uploads\/2025\/03\/CALINGASTA-FAMILIA-LLUVIA-04-768x512.jpg 768w\" sizes=\"auto, (max-width: 800px) 100vw, 800px\" \/><\/p>\n<p>El gobernador de San Juan, Dr. Marcelo Orrego puntualiz\u00f3 que \u00abla importancia de trabajar en conjunto con Hidr\u00e1ulica para desarrollar soluciones adaptadas a las caracter\u00edsticas del terreno. Cada zona tiene particularidades distintas y debemos pensar en estrategias que realmente sean efectivas a largo plazo\u201d.<\/p>\n<p><img loading=\"lazy\" decoding=\"async\" class=\"alignnone size-full wp-image-84150\" src=\"https:\/\/vocesparalelas.com.ar\/sitio\/wp-content\/uploads\/2025\/03\/CALINGASTA-FAMILIA-LLUVIA-05.jpg\" alt=\"\" width=\"800\" height=\"533\" srcset=\"https:\/\/vocesparalelas.com.ar\/sitio\/wp-content\/uploads\/2025\/03\/CALINGASTA-FAMILIA-LLUVIA-05.jpg 800w, https:\/\/vocesparalelas.com.ar\/sitio\/wp-content\/uploads\/2025\/03\/CALINGASTA-FAMILIA-LLUVIA-05-300x200.jpg 300w, https:\/\/vocesparalelas.com.ar\/sitio\/wp-content\/uploads\/2025\/03\/CALINGASTA-FAMILIA-LLUVIA-05-768x512.jpg 768w\" sizes=\"auto, (max-width: 800px) 100vw, 800px\" \/><\/p>\n<p>Asimismo, se activaron operativos especiales para relevar a las familias damnificadas y brindar acompa\u00f1amiento social. Adem\u00e1s, se dispuso la asistencia de equipos t\u00e9cnicos para evaluar posibles soluciones habitacionales en los casos m\u00e1s cr\u00edticos.<\/p>\n<p><img loading=\"lazy\" decoding=\"async\" class=\"alignnone size-full wp-image-84139\" src=\"https:\/\/vocesparalelas.com.ar\/sitio\/wp-content\/uploads\/2025\/03\/CALINGASTA-FAMILIA-LLUVIA-02.jpg\" alt=\"\" width=\"800\" height=\"600\" srcset=\"https:\/\/vocesparalelas.com.ar\/sitio\/wp-content\/uploads\/2025\/03\/CALINGASTA-FAMILIA-LLUVIA-02.jpg 800w, https:\/\/vocesparalelas.com.ar\/sitio\/wp-content\/uploads\/2025\/03\/CALINGASTA-FAMILIA-LLUVIA-02-300x225.jpg 300w, https:\/\/vocesparalelas.com.ar\/sitio\/wp-content\/uploads\/2025\/03\/CALINGASTA-FAMILIA-LLUVIA-02-768x576.jpg 768w\" sizes=\"auto, (max-width: 800px) 100vw, 800px\" \/><\/p>\n","protected":false},"excerpt":{"rendered":"<p>El personal del ministro de Familia y Desarrollo Humano del Gobierno de San Juan recorri\u00f3 las zonas m\u00e1s complicadas por<\/p>\n","protected":false},"author":3,"featured_media":84144,"comment_status":"closed","ping_status":"closed","sticky":false,"template":"","format":"standard","meta":{"_acf_changed":false,"_seopress_robots_primary_cat":"none","_seopress_titles_title":"","_seopress_titles_desc":"","_seopress_robots_index":"","colormag_page_container_layout":"default_layout","colormag_page_sidebar_layout":"default_layout","footnotes":""},"categories":[1],"tags":[],"class_list":["post-84135","post","type-post","status-publish","format-standard","has-post-thumbnail","hentry","category-destacadas"],"acf":[],"_links":{"self":[{"href":"https:\/\/vocesparalelas.com.ar\/sitio\/wp-json\/wp\/v2\/posts\/84135","targetHints":{"allow":["GET"]}}],"collection":[{"href":"https:\/\/vocesparalelas.com.ar\/sitio\/wp-json\/wp\/v2\/posts"}],"about":[{"href":"https:\/\/vocesparalelas.com.ar\/sitio\/wp-json\/wp\/v2\/types\/post"}],"author":[{"embeddable":true,"href":"https:\/\/vocesparalelas.com.ar\/sitio\/wp-json\/wp\/v2\/users\/3"}],"replies":[{"embeddable":true,"href":"https:\/\/vocesparalelas.com.ar\/sitio\/wp-json\/wp\/v2\/comments?post=84135"}],"version-history":[{"count":4,"href":"https:\/\/vocesparalelas.com.ar\/sitio\/wp-json\/wp\/v2\/posts\/84135\/revisions"}],"predecessor-version":[{"id":84151,"href":"https:\/\/vocesparalelas.com.ar\/sitio\/wp-json\/wp\/v2\/posts\/84135\/revisions\/84151"}],"wp:featuredmedia":[{"embeddable":true,"href":"https:\/\/vocesparalelas.com.ar\/sitio\/wp-json\/wp\/v2\/media\/84144"}],"wp:attachment":[{"href":"https:\/\/vocesparalelas.com.ar\/sitio\/wp-json\/wp\/v2\/media?parent=84135"}],"wp:term":[{"taxonomy":"category","embeddable":true,"href":"https:\/\/vocesparalelas.com.ar\/sitio\/wp-json\/wp\/v2\/categories?post=84135"},{"taxonomy":"post_tag","embeddable":true,"href":"https:\/\/vocesparalelas.com.ar\/sitio\/wp-json\/wp\/v2\/tags?post=84135"}],"curies":[{"name":"wp","href":"https:\/\/api.w.org\/{rel}","templated":true}]}}