{"id":84124,"date":"2025-03-20T20:25:31","date_gmt":"2025-03-20T23:25:31","guid":{"rendered":"https:\/\/vocesparalelas.com.ar\/sitio\/?p=84124"},"modified":"2025-03-21T20:43:33","modified_gmt":"2025-03-21T23:43:33","slug":"2-raid-latinoamericano-de-autos-antiguos-en-san-juan","status":"publish","type":"post","link":"https:\/\/vocesparalelas.com.ar\/sitio\/2-raid-latinoamericano-de-autos-antiguos-en-san-juan\/","title":{"rendered":"2\u00b0 Raid Latinoamericano de Autos Antiguos en San Juan"},"content":{"rendered":"<p>En la Sala de prensa \u201cDante Pantuso\u201d del Estadio Dr. Aldo Cantoni se present\u00f3 e invit\u00f3 a disfrutar el 2\u00b0 Raid Latinoamericano de Autos Antiguos en San Juan con la presencia del\u00a0secretario de Deporte, Pablo Tabachnik; secretario de Tr\u00e1nsito y Transporte, Marcelo Molina; subsecretario de Alto Rendimiento, Eduardo Cerimedo y\u00a0 Rub\u00e9n Daray.<\/p>\n<p><iframe loading=\"lazy\" title=\"SAN JUAN RALLY LATINOAMERICANO DE AUTOS ANTIGUOS\" width=\"800\" height=\"450\" src=\"https:\/\/www.youtube.com\/embed\/nVAFtRgFSug?feature=oembed\" frameborder=\"0\" allow=\"accelerometer; autoplay; clipboard-write; encrypted-media; gyroscope; picture-in-picture; web-share\" referrerpolicy=\"strict-origin-when-cross-origin\" allowfullscreen><\/iframe><\/p>\n<p><span style=\"color: #ff6600;\"><strong>Cronograma de actividades<\/strong><\/span><\/p>\n<ul>\n<li><strong>Jueves 20 de marzo \u2013 19:00,<\/strong>\u00a0Charla de seguridad a cargo del m\u00faltiple campe\u00f3n nacional de automovilismo deportivo y conductor del programa \u00abA Todo Motor\u00bb, Sr. Rub\u00e9n Daray. La misma se realizar\u00e1 en el Centro de Convenciones (esquina de calles 25 de Mayo y Las Heras), y est\u00e1 organizada por el Ministerio de Gobierno, a trav\u00e9s de la Secretar\u00eda de Tr\u00e1nsito y Transporte.<\/li>\n<li><strong>Viernes 21 de marzo \u2013 19:30,<\/strong>\u00a0Segunda acreditaci\u00f3n de veh\u00edculos en Estaci\u00f3n Axion Puebla. Esta acreditaci\u00f3n est\u00e1 dirigida a todos los clubes de autos antiguos, cl\u00e1sicos y sport de la provincia. Rub\u00e9n Daray tambi\u00e9n se acreditar\u00e1 para participar en el Raid.<\/li>\n<li><strong>S\u00e1bado 22 de marzo (Horario a definir):<\/strong>\u00a0Grabaci\u00f3n del programa \u00abA Todo Motor\u00bb en el Aut\u00f3dromo El Zonda.<\/li>\n<li><strong>Domingo 23 de marzo<\/strong><br \/>\n&#8211; 08:00 Concentraci\u00f3n y parque cerrado en Plaza de Santa Luc\u00eda (calle Hip\u00f3lito Yrigoyen)<br \/>\n&#8211; 09:30 Largada del Raid. M\u00e1s de 200 veh\u00edculos recorrer\u00e1n Santa Luc\u00eda, Capital y Rivadavia, ingresando posteriormente al Aut\u00f3dromo \u201cEl Zonda\u201d Eduardo Copello, para realizar giros a velocidad controlada (m\u00e1xima 45 km\/h).<br \/>\n&#8211; Cierre del evento: Parque Parador,\u00a0<strong>Punta Negra<\/strong>. Se realizar\u00e1 una inmensa exposici\u00f3n est\u00e1tica, con DJ, banda de jazz, sorteos y una charla de Rub\u00e9n Daray sobre an\u00e9cdotas del automovilismo deportivo, el Aut\u00f3dromo El Zonda y pilotos sanjuaninos.<br \/>\n<strong>Recorrido<\/strong>: salida desde la Plaza de Santa Luc\u00eda (por calle Hip\u00f3lito Yrigoyen), hasta Avenida Rawson, luego contin\u00faan camino hacia la Plaza 25 de Mayo, siguen por Avenida Ignacio de la Roza y paran unos minutos en el Teatro del Bicentenario. Contin\u00faan el recorrido por la avenida mencionada hasta calle Rastreador Cal\u00edvar, donde doblan a la derecha para parar en el Parque de Rivadavia. El camino sigue hasta el aut\u00f3dromo \u201cEl Zonda\u201d, donde realizar\u00e1n varios giros a velocidad controlada, para finalmente terminar la aventura en el Dique Punta Negra, donde en el parador ubicado en ese lugar habr\u00e1n distintas actividades.<\/li>\n<\/ul>\n<p><img loading=\"lazy\" decoding=\"async\" class=\"alignnone size-large wp-image-6828\" src=\"https:\/\/vocesparalelas.com.ar\/sitio\/wp-content\/uploads\/2017\/11\/AUTOS-ANTIGUOS-02-800x275.jpg\" alt=\"\" width=\"800\" height=\"275\" srcset=\"https:\/\/vocesparalelas.com.ar\/sitio\/wp-content\/uploads\/2017\/11\/AUTOS-ANTIGUOS-02-800x275.jpg 800w, https:\/\/vocesparalelas.com.ar\/sitio\/wp-content\/uploads\/2017\/11\/AUTOS-ANTIGUOS-02-300x103.jpg 300w, https:\/\/vocesparalelas.com.ar\/sitio\/wp-content\/uploads\/2017\/11\/AUTOS-ANTIGUOS-02-768x264.jpg 768w, https:\/\/vocesparalelas.com.ar\/sitio\/wp-content\/uploads\/2017\/11\/AUTOS-ANTIGUOS-02.jpg 1024w\" sizes=\"auto, (max-width: 800px) 100vw, 800px\" \/><\/p>\n","protected":false},"excerpt":{"rendered":"<p>En la Sala de prensa \u201cDante Pantuso\u201d del Estadio Dr. Aldo Cantoni se present\u00f3 e invit\u00f3 a disfrutar el 2\u00b0<\/p>\n","protected":false},"author":3,"featured_media":84127,"comment_status":"closed","ping_status":"closed","sticky":false,"template":"","format":"standard","meta":{"_acf_changed":false,"_seopress_robots_primary_cat":"none","_seopress_titles_title":"","_seopress_titles_desc":"","_seopress_robots_index":"","colormag_page_container_layout":"default_layout","colormag_page_sidebar_layout":"default_layout","footnotes":""},"categories":[6,7],"tags":[],"class_list":["post-84124","post","type-post","status-publish","format-standard","has-post-thumbnail","hentry","category-eventos","category-videos"],"acf":[],"_links":{"self":[{"href":"https:\/\/vocesparalelas.com.ar\/sitio\/wp-json\/wp\/v2\/posts\/84124","targetHints":{"allow":["GET"]}}],"collection":[{"href":"https:\/\/vocesparalelas.com.ar\/sitio\/wp-json\/wp\/v2\/posts"}],"about":[{"href":"https:\/\/vocesparalelas.com.ar\/sitio\/wp-json\/wp\/v2\/types\/post"}],"author":[{"embeddable":true,"href":"https:\/\/vocesparalelas.com.ar\/sitio\/wp-json\/wp\/v2\/users\/3"}],"replies":[{"embeddable":true,"href":"https:\/\/vocesparalelas.com.ar\/sitio\/wp-json\/wp\/v2\/comments?post=84124"}],"version-history":[{"count":2,"href":"https:\/\/vocesparalelas.com.ar\/sitio\/wp-json\/wp\/v2\/posts\/84124\/revisions"}],"predecessor-version":[{"id":84129,"href":"https:\/\/vocesparalelas.com.ar\/sitio\/wp-json\/wp\/v2\/posts\/84124\/revisions\/84129"}],"wp:featuredmedia":[{"embeddable":true,"href":"https:\/\/vocesparalelas.com.ar\/sitio\/wp-json\/wp\/v2\/media\/84127"}],"wp:attachment":[{"href":"https:\/\/vocesparalelas.com.ar\/sitio\/wp-json\/wp\/v2\/media?parent=84124"}],"wp:term":[{"taxonomy":"category","embeddable":true,"href":"https:\/\/vocesparalelas.com.ar\/sitio\/wp-json\/wp\/v2\/categories?post=84124"},{"taxonomy":"post_tag","embeddable":true,"href":"https:\/\/vocesparalelas.com.ar\/sitio\/wp-json\/wp\/v2\/tags?post=84124"}],"curies":[{"name":"wp","href":"https:\/\/api.w.org\/{rel}","templated":true}]}}