{"id":84115,"date":"2025-04-08T18:14:03","date_gmt":"2025-04-08T21:14:03","guid":{"rendered":"https:\/\/vocesparalelas.com.ar\/sitio\/?p=84115"},"modified":"2025-04-09T13:38:53","modified_gmt":"2025-04-09T16:38:53","slug":"el-espacio-ingenieria-activa-tiene-los-candidatos-a-decano-esp-ing-esteban-fabrega-y-vicedecano-dr-ing-hector-molina-2025-2029","status":"publish","type":"post","link":"https:\/\/vocesparalelas.com.ar\/sitio\/el-espacio-ingenieria-activa-tiene-los-candidatos-a-decano-esp-ing-esteban-fabrega-y-vicedecano-dr-ing-hector-molina-2025-2029\/","title":{"rendered":"El Espacio \u00abIngenier\u00eda Activa\u00bb tiene los candidatos a Decano Esp. Ing. Esteban F\u00e1brega y Vicedecano Dr. Ing. H\u00e9ctor Molina 2025 \u2013 2029"},"content":{"rendered":"<p>La Universidad Nacional de San Juan se prepara para las elecciones 2025 en Junio con la renovaci\u00f3n de autoridades en los distintos estamentos<\/p>\n<ul>\n<li>Rectorado: Rector y Vicerrector<\/li>\n<li>Facultad de Ingenier\u00eda: Decano y Vicedecano<\/li>\n<li>Facultad de Ciencias Exactas, F\u00edsicas y Naturales: Decano y Vicedecano<\/li>\n<li>Facultad de Filosof\u00eda, Humanidades y Artes: Decano y Vicedecano<\/li>\n<li>Facultad de Ciencias Sociales. Decano y Vicedecano<\/li>\n<li>Facultad de Arquitectura, Urbanismo y Dise\u00f1o: Decano y Vicedecano<\/li>\n<li>Escuela de Universitaria de Ciencias de la Salud: Director y Vicedirector<\/li>\n<\/ul>\n<p>En este tiempo se han formado distintos espacios que trabajan para armar un proyecto de Gesti\u00f3n 2025 \u2013 2029 para generar la Universidad Nacional de San Juan que buscan guiar.<\/p>\n<p>En el contexto de ambiente electoral la Facultad de Ingenier\u00eda de la Universidad Nacional de San Juan ofrece el Espacio \u00abIngenier\u00eda Activa\u00bb tiene los candidatos a Decano Esp. Ing. Esteban F\u00e1brega y Vicedecano Dr. Ing. H\u00e9ctor Molina 2025 \u2013 2029. Adem\u00e1s, forman parte del Espacio UNSJ Activa tiene los candidatos a Rector Arq. Jorge Cocinero y a Vicerrectora Dra. Luc\u00eda Martin 2025 \u2013 2029.<\/p>\n<p><iframe loading=\"lazy\" title=\"UNSJ FI INGENIER\u00cdA ACTIVA\" width=\"800\" height=\"450\" src=\"https:\/\/www.youtube.com\/embed\/Tsc0ihtbSc8?feature=oembed\" frameborder=\"0\" allow=\"accelerometer; autoplay; clipboard-write; encrypted-media; gyroscope; picture-in-picture; web-share\" referrerpolicy=\"strict-origin-when-cross-origin\" allowfullscreen><\/iframe><\/p>\n<p>&nbsp;<\/p>\n<figure id=\"attachment_84119\" aria-describedby=\"caption-attachment-84119\" style=\"width: 800px\" class=\"wp-caption alignnone\"><img loading=\"lazy\" decoding=\"async\" class=\"size-full wp-image-84119\" src=\"https:\/\/vocesparalelas.com.ar\/sitio\/wp-content\/uploads\/2025\/03\/UNSJ-FI-CANDIDATO-ING-ESTEBAN-FABREGA.jpg\" alt=\"\" width=\"800\" height=\"533\" srcset=\"https:\/\/vocesparalelas.com.ar\/sitio\/wp-content\/uploads\/2025\/03\/UNSJ-FI-CANDIDATO-ING-ESTEBAN-FABREGA.jpg 800w, https:\/\/vocesparalelas.com.ar\/sitio\/wp-content\/uploads\/2025\/03\/UNSJ-FI-CANDIDATO-ING-ESTEBAN-FABREGA-300x200.jpg 300w, https:\/\/vocesparalelas.com.ar\/sitio\/wp-content\/uploads\/2025\/03\/UNSJ-FI-CANDIDATO-ING-ESTEBAN-FABREGA-768x512.jpg 768w\" sizes=\"auto, (max-width: 800px) 100vw, 800px\" \/><figcaption id=\"caption-attachment-84119\" class=\"wp-caption-text\">Espacio \u00abIngenier\u00eda Activa\u00bb tiene a candidato a Decano Esp. Ing. Esteban F\u00e1brega<\/figcaption><\/figure>\n<p>&nbsp;<\/p>\n<p>Por ello, Voces Paralelas desarroll\u00f3 una entrevista period\u00edstica al candidato a Decano Esp. Ing. Esteban F\u00e1brega, quien manifest\u00f3 la b\u00fasqueda de un proyecto de gesti\u00f3n 2025 \u2013 2029 con su compa\u00f1ero de f\u00f3rmula a Vicedecano Dr. Ing. H\u00e9ctor Molina como una opci\u00f3n diferente.<\/p>\n<p><iframe loading=\"lazy\" title=\"UNSJ FI CANDIDATO ING ESTEBAN F\u00c1BREGA\" width=\"800\" height=\"450\" src=\"https:\/\/www.youtube.com\/embed\/5ovRxQ_ZQkc?feature=oembed\" frameborder=\"0\" allow=\"accelerometer; autoplay; clipboard-write; encrypted-media; gyroscope; picture-in-picture; web-share\" referrerpolicy=\"strict-origin-when-cross-origin\" allowfullscreen><\/iframe><\/p>\n<p>&nbsp;<\/p>\n<figure id=\"attachment_84804\" aria-describedby=\"caption-attachment-84804\" style=\"width: 800px\" class=\"wp-caption alignnone\"><img loading=\"lazy\" decoding=\"async\" class=\"size-full wp-image-84804\" src=\"https:\/\/vocesparalelas.com.ar\/sitio\/wp-content\/uploads\/2025\/03\/FI-UNSJ-ACTIVA-ING-HECTOR-MOLINA.jpg\" alt=\"\" width=\"800\" height=\"533\" srcset=\"https:\/\/vocesparalelas.com.ar\/sitio\/wp-content\/uploads\/2025\/03\/FI-UNSJ-ACTIVA-ING-HECTOR-MOLINA.jpg 800w, https:\/\/vocesparalelas.com.ar\/sitio\/wp-content\/uploads\/2025\/03\/FI-UNSJ-ACTIVA-ING-HECTOR-MOLINA-300x200.jpg 300w, https:\/\/vocesparalelas.com.ar\/sitio\/wp-content\/uploads\/2025\/03\/FI-UNSJ-ACTIVA-ING-HECTOR-MOLINA-768x512.jpg 768w\" sizes=\"auto, (max-width: 800px) 100vw, 800px\" \/><figcaption id=\"caption-attachment-84804\" class=\"wp-caption-text\">Candidato a Vicedecano Dr. Ing. H\u00e9ctor Molina por el Espacio Ingenier\u00eda Activa.<\/figcaption><\/figure>\n<p>Despu\u00e9s, se entrevist\u00f3 al candidato a Vicedecano Vicedecano Dr. Ing. H\u00e9ctor Molina, quien describi\u00f3 los encuentro con diferentes estamentos para encontrar una gesti\u00f3n 2025 \u2013 2029 m\u00e1s activa, m\u00e1s abierta y m\u00e1s participativa para la Facultad de Ingenier\u00eda.<\/p>\n<p>&nbsp;<\/p>\n<p><iframe loading=\"lazy\" title=\"FI UNSJ CANDIDATO VICEDECANO ING H\u00c9CTOR MOLINA\" width=\"800\" height=\"450\" src=\"https:\/\/www.youtube.com\/embed\/2ybV8jEKa-8?feature=oembed\" frameborder=\"0\" allow=\"accelerometer; autoplay; clipboard-write; encrypted-media; gyroscope; picture-in-picture; web-share\" referrerpolicy=\"strict-origin-when-cross-origin\" allowfullscreen><\/iframe><\/p>\n<figure id=\"attachment_23028\" aria-describedby=\"caption-attachment-23028\" style=\"width: 800px\" class=\"wp-caption alignnone\"><img loading=\"lazy\" decoding=\"async\" class=\"size-large wp-image-23028\" src=\"https:\/\/vocesparalelas.com.ar\/sitio\/wp-content\/uploads\/2019\/08\/FI-UNSJ-EDIFICIO-800x600.jpg\" alt=\"\" width=\"800\" height=\"600\" srcset=\"https:\/\/vocesparalelas.com.ar\/sitio\/wp-content\/uploads\/2019\/08\/FI-UNSJ-EDIFICIO-800x600.jpg 800w, https:\/\/vocesparalelas.com.ar\/sitio\/wp-content\/uploads\/2019\/08\/FI-UNSJ-EDIFICIO-300x225.jpg 300w, https:\/\/vocesparalelas.com.ar\/sitio\/wp-content\/uploads\/2019\/08\/FI-UNSJ-EDIFICIO-768x576.jpg 768w, https:\/\/vocesparalelas.com.ar\/sitio\/wp-content\/uploads\/2019\/08\/FI-UNSJ-EDIFICIO.jpg 888w\" sizes=\"auto, (max-width: 800px) 100vw, 800px\" \/><figcaption id=\"caption-attachment-23028\" class=\"wp-caption-text\">Facultad de Ingenier\u00eda de la Universidad Nacional de San Juan, Argentina<\/figcaption><\/figure>\n<p>&nbsp;<\/p>\n","protected":false},"excerpt":{"rendered":"<p>La Universidad Nacional de San Juan se prepara para las elecciones 2025 en Junio con la renovaci\u00f3n de autoridades en<\/p>\n","protected":false},"author":3,"featured_media":84118,"comment_status":"closed","ping_status":"closed","sticky":false,"template":"","format":"standard","meta":{"_acf_changed":false,"_seopress_robots_primary_cat":"none","_seopress_titles_title":"","_seopress_titles_desc":"","_seopress_robots_index":"","colormag_page_container_layout":"default_layout","colormag_page_sidebar_layout":"default_layout","footnotes":""},"categories":[10,7],"tags":[],"class_list":["post-84115","post","type-post","status-publish","format-standard","has-post-thumbnail","hentry","category-opiniones","category-videos"],"acf":[],"_links":{"self":[{"href":"https:\/\/vocesparalelas.com.ar\/sitio\/wp-json\/wp\/v2\/posts\/84115","targetHints":{"allow":["GET"]}}],"collection":[{"href":"https:\/\/vocesparalelas.com.ar\/sitio\/wp-json\/wp\/v2\/posts"}],"about":[{"href":"https:\/\/vocesparalelas.com.ar\/sitio\/wp-json\/wp\/v2\/types\/post"}],"author":[{"embeddable":true,"href":"https:\/\/vocesparalelas.com.ar\/sitio\/wp-json\/wp\/v2\/users\/3"}],"replies":[{"embeddable":true,"href":"https:\/\/vocesparalelas.com.ar\/sitio\/wp-json\/wp\/v2\/comments?post=84115"}],"version-history":[{"count":4,"href":"https:\/\/vocesparalelas.com.ar\/sitio\/wp-json\/wp\/v2\/posts\/84115\/revisions"}],"predecessor-version":[{"id":84805,"href":"https:\/\/vocesparalelas.com.ar\/sitio\/wp-json\/wp\/v2\/posts\/84115\/revisions\/84805"}],"wp:featuredmedia":[{"embeddable":true,"href":"https:\/\/vocesparalelas.com.ar\/sitio\/wp-json\/wp\/v2\/media\/84118"}],"wp:attachment":[{"href":"https:\/\/vocesparalelas.com.ar\/sitio\/wp-json\/wp\/v2\/media?parent=84115"}],"wp:term":[{"taxonomy":"category","embeddable":true,"href":"https:\/\/vocesparalelas.com.ar\/sitio\/wp-json\/wp\/v2\/categories?post=84115"},{"taxonomy":"post_tag","embeddable":true,"href":"https:\/\/vocesparalelas.com.ar\/sitio\/wp-json\/wp\/v2\/tags?post=84115"}],"curies":[{"name":"wp","href":"https:\/\/api.w.org\/{rel}","templated":true}]}}