{"id":84111,"date":"2025-03-20T21:29:18","date_gmt":"2025-03-21T00:29:18","guid":{"rendered":"https:\/\/vocesparalelas.com.ar\/sitio\/?p=84111"},"modified":"2025-03-21T22:52:47","modified_gmt":"2025-03-22T01:52:47","slug":"propuesta-salarial-docente-del-gobierno-de-san-juan-2","status":"publish","type":"post","link":"https:\/\/vocesparalelas.com.ar\/sitio\/propuesta-salarial-docente-del-gobierno-de-san-juan-2\/","title":{"rendered":"Propuesta Salarial Docente del Gobierno de San Juan"},"content":{"rendered":"<p>El Jueves, 20 de Marzo se desarroll\u00f3 la reuni\u00f3n Conciliaci\u00f3n Obligatoria entre el Gobierno de San Juan y los Gremios Docentes UDAP, UDA y AMET, en la Subsecretario de Trabajo de la Provincia de San Juan precedida por el Dr. Franco Ra\u00fal Marchese.<\/p>\n<p>Luego de una serie de deliberaciones las entidades sindicales en conjunto formulan la siguiente propuesta consistente en incrementar en 48 puntos todos los cargos de nomenclador, liquidar el c\u00f3digo E66 con la misma grilla (tramos) del E60 y aumentar el item conectividad en un 100% del actual liquidado de la siguiente forma: 1\u00b0 conectividad 15 horas, 2\u00ba conectividad 30 horas, equiparando todos los cargos a su equivalente en horas c\u00e1tedra.<\/p>\n<p>Acto seguido toma la palabra la parte empleadora quien tambi\u00e9n en cumplimiento de lo acordado formula la la la siguiente propuesta consistente en:<\/p>\n<p>La propuesta plasmada en acta paritaria firmada el 12 de febrero del 2025, a la cual se agrega el concepto de Refuerzo No Remunerativo Inicio Educativo 2025, consistente en la suma de 30.000 pesos por CUIL en un pago \u00fanico.<\/p>\n<p>Luego de un intercambio de opiniones la patronal solicita al Subsecretario un cuarto intermedio a los fines de analizar la propuesta presentada por la parte Sindical. Toma la palabra la parte Sindical quien propone que el cuarto intermedio se traslade al 26 de Marzo a las 14 horas.<\/p>\n<p>Toma la palabra la parte patronal quien manifiesta que con relaci\u00f3n a la fecha de cuarto intermedio solicitada por la parte sindical y teniendo en cuenta la ausencia de las autoridades del Gobierno por razones de agenda y la reuni\u00f3n del Concejo Federal de Educaci\u00f3n a celebrarse el 26 de marzo, propone la fijaci\u00f3n del cuarto intermedio para el d\u00eda 3 de abril a las 9.30hs.<\/p>\n<p>Sin perjuicio de lo manifestado y con el solo objeto de mejorar y otorgar un mayor ingreso en forma inmediata a los Docentes y sin perjuicio de la grave situaci\u00f3n econ\u00f3mica a nivel Nacional y que repercute en los ingresos de la provincia y con el objeto de poner fin al presente conflicto respecto de los reclamos por los meses de febrero y marzo de 2025, se propone incrementar el monto ofrecido precedentemente de pesos 30.000 a pesos 50.000 en un pago \u00fanico pagaderos el 7 de abril del 2025.<\/p>\n<p>Adem\u00e1s, no descontar el d\u00eda de paro, que qued\u00f3 suspendido de acuerdo a lo establecido en acta de fecha 13 de marzo del 2025. Dejar sentado el esfuerzo realizado por el Gobierno de la provincia de San Juan en beneficio de los Docentes a pesar de la situaci\u00f3n econ\u00f3mica imperante en el pa\u00eds.<\/p>\n<p>Ante esto la parte trabajadora insiste en que la parte patronal analice en el cuarto intermedio su propuesta presentada. Por otra parte, tambi\u00e9n, requieren a la patronal que conforme la legislaci\u00f3n paritaria, en el marco de la conciliaci\u00f3n exhiba la informaci\u00f3n econ\u00f3mica contable pormenorizada sobre la planta docente que permita conocer y cuantificar los gastos salariales contra la finalidad educaci\u00f3n discriminando las partidas.<\/p>\n<p>Despu\u00e9s de un arduo y largo debate la parte patronal con el gran esfuerzo que conlleva, realiza una propuesta superadora consistente en el pago del Refuerzo No Remunerativo Inicio Educativo 2025, consistente en la suma de 100.000 pesos por CUIL a pagarse en dos veces dentro de un mismo mes (50.000 pesos el 7 de abril y 50.000 pesos el 30 de abril).<\/p>\n<p>Tomado conocimiento por UDAP de la \u00faltima propuesta del Gobierno esta expresa que habiendo realizado algunas consultas no tiene el consenso suficiente para aceptarla por lo que informa a la autoridad que utilizara el cuarto intermedio para agotar las instancias estatutarias de consultas.<\/p>\n<p>Ante esta situaci\u00f3n las otras entidades gremiales UDA y AMET informan que utilizaran el cuarto intermedio tambi\u00e9n para efectuar las pertinentes consultas a sus \u00f3rganos estatutarios en funci\u00f3n de la \u00faltima propuesta recepcionada y presentar la respuesta detalladamente en la pr\u00f3xima cesi\u00f3n establecida.<\/p>\n<p>En raz\u00f3n de lo expresado precedentemente la patronal ratifica su voluntad negociadora formulando propuestas superadoras y lamenta no haber arribado a una conciliaci\u00f3n a pesar de las consultas formuladas por UDAP a sus bases v\u00eda WhatsApp derivando en el rechazo de las ofertas formuladas, ratificando su intenci\u00f3n de concurrir a fecha fijada de cuarto intermedio a los fines de interiorizarse del resultado de las gestiones de las consultas que formule oportunamente la parte Sindical.<\/p>\n<p>La Autoridad Laboral RESUELVE:<\/p>\n<p>I)-Tener presente lo manifestado<\/p>\n<p>II)-Fijar fecha de audiencia para el 3 de Abril de 2025, a las 9.30hs.<\/p>\n<p>III)-Quedan las partes debidamente notificadas.<\/p>\n<p>&nbsp;<\/p>\n<p><img loading=\"lazy\" decoding=\"async\" class=\"alignnone size-full wp-image-28629\" src=\"https:\/\/vocesparalelas.com.ar\/sitio\/wp-content\/uploads\/2020\/05\/MINISTERIO-EDUCACION-SJ.jpg\" alt=\"\" width=\"800\" height=\"533\" srcset=\"https:\/\/vocesparalelas.com.ar\/sitio\/wp-content\/uploads\/2020\/05\/MINISTERIO-EDUCACION-SJ.jpg 800w, https:\/\/vocesparalelas.com.ar\/sitio\/wp-content\/uploads\/2020\/05\/MINISTERIO-EDUCACION-SJ-300x200.jpg 300w, https:\/\/vocesparalelas.com.ar\/sitio\/wp-content\/uploads\/2020\/05\/MINISTERIO-EDUCACION-SJ-768x512.jpg 768w\" sizes=\"auto, (max-width: 800px) 100vw, 800px\" \/><\/p>\n","protected":false},"excerpt":{"rendered":"<p>El Jueves, 20 de Marzo se desarroll\u00f3 la reuni\u00f3n Conciliaci\u00f3n Obligatoria entre el Gobierno de San Juan y los Gremios<\/p>\n","protected":false},"author":3,"featured_media":65642,"comment_status":"closed","ping_status":"closed","sticky":false,"template":"","format":"standard","meta":{"_acf_changed":false,"_seopress_robots_primary_cat":"none","_seopress_titles_title":"","_seopress_titles_desc":"","_seopress_robots_index":"","colormag_page_container_layout":"default_layout","colormag_page_sidebar_layout":"default_layout","footnotes":""},"categories":[5],"tags":[],"class_list":["post-84111","post","type-post","status-publish","format-standard","has-post-thumbnail","hentry","category-ofrecimientos"],"acf":[],"_links":{"self":[{"href":"https:\/\/vocesparalelas.com.ar\/sitio\/wp-json\/wp\/v2\/posts\/84111","targetHints":{"allow":["GET"]}}],"collection":[{"href":"https:\/\/vocesparalelas.com.ar\/sitio\/wp-json\/wp\/v2\/posts"}],"about":[{"href":"https:\/\/vocesparalelas.com.ar\/sitio\/wp-json\/wp\/v2\/types\/post"}],"author":[{"embeddable":true,"href":"https:\/\/vocesparalelas.com.ar\/sitio\/wp-json\/wp\/v2\/users\/3"}],"replies":[{"embeddable":true,"href":"https:\/\/vocesparalelas.com.ar\/sitio\/wp-json\/wp\/v2\/comments?post=84111"}],"version-history":[{"count":1,"href":"https:\/\/vocesparalelas.com.ar\/sitio\/wp-json\/wp\/v2\/posts\/84111\/revisions"}],"predecessor-version":[{"id":84114,"href":"https:\/\/vocesparalelas.com.ar\/sitio\/wp-json\/wp\/v2\/posts\/84111\/revisions\/84114"}],"wp:featuredmedia":[{"embeddable":true,"href":"https:\/\/vocesparalelas.com.ar\/sitio\/wp-json\/wp\/v2\/media\/65642"}],"wp:attachment":[{"href":"https:\/\/vocesparalelas.com.ar\/sitio\/wp-json\/wp\/v2\/media?parent=84111"}],"wp:term":[{"taxonomy":"category","embeddable":true,"href":"https:\/\/vocesparalelas.com.ar\/sitio\/wp-json\/wp\/v2\/categories?post=84111"},{"taxonomy":"post_tag","embeddable":true,"href":"https:\/\/vocesparalelas.com.ar\/sitio\/wp-json\/wp\/v2\/tags?post=84111"}],"curies":[{"name":"wp","href":"https:\/\/api.w.org\/{rel}","templated":true}]}}