{"id":84104,"date":"2025-03-20T21:06:42","date_gmt":"2025-03-21T00:06:42","guid":{"rendered":"https:\/\/vocesparalelas.com.ar\/sitio\/?p=84104"},"modified":"2025-03-21T23:18:38","modified_gmt":"2025-03-22T02:18:38","slug":"programa-de-practicas-profesionalizantes-2025-de-san-juan","status":"publish","type":"post","link":"https:\/\/vocesparalelas.com.ar\/sitio\/programa-de-practicas-profesionalizantes-2025-de-san-juan\/","title":{"rendered":"Programa de Pr\u00e1cticas Profesionalizantes 2025 de San Juan"},"content":{"rendered":"<p>Con un acto que se desarroll\u00f3 en el auditorio Eloy Camus, el Ministerio de Educaci\u00f3n del Gobierno de San Juan realiz\u00f3 la presentaci\u00f3n del Programa de Pr\u00e1cticas Profesionalizantes 2025 de San Juan.<\/p>\n<p>La actividad fue presidida por la ministra de Educaci\u00f3n, Silvia Fuentes, y cont\u00f3 con la presencia de autoridades, representantes de empresas y c\u00e1maras, docentes, alumnos; a la vez que el streaming de Aulas H\u00edbridas permiti\u00f3 que la siguieran estudiantes de escuelas t\u00e9cnicas de los Departamentos Calingasta, J\u00e1chal, Valle F\u00e9rtil, Iglesia y Sarmiento.<\/p>\n<p>Por ello, la ministra de Educaci\u00f3n, Lic. Silvia Fuentes manifest\u00f3 que \u201cSan Juan transita por un camino nuevo y la escuela debe acompa\u00f1ar ese proceso. Por eso le dimos un fuerte impulso a la Educaci\u00f3n T\u00e9cnica y a la par comenzamos a trabajar con las empresas, a las que considero socias estrat\u00e9gicas. Nuestras escuelas est\u00e1n preparando alumnos para el mundo del trabajo y para que sean sanjuaninos quienes ocupen la demanda de mano laboral\u201d.<\/p>\n<p>A su vez, el director de Educaci\u00f3n T\u00e9cnica y Formaci\u00f3n Profesional, Ing. Rodolfo Navas subray\u00f3 que \u201cestamos trabajando en las innovaciones y las actualizaciones que los t\u00e9cnicos necesitan para responder a las demandas. Esta presentaci\u00f3n del Programa de Pr\u00e1cticas Profesionalizantes 2025 es la apertura a una serie de acciones previstas en esta convergencia y sinergia que tenemos entre el mercado laboral y la educaci\u00f3n t\u00e9cnica\u201d.<\/p>\n<p>Las pr\u00e1cticas profesionalizantes son estrategias formativas integradas en las propuestas curricular, con el prop\u00f3sito de que los alumnos consoliden, integren y ampl\u00eden, las capacidades y saberes que se corresponden con el perfil profesional en el que se est\u00e1n formando. Son organizadas por las instituciones educativas y referenciadas en situaciones de trabajo dentro o fuera de las escuelas.<\/p>\n<p>Esta acci\u00f3n que acerca a los estudiantes al mundo del trabajo es una prioridad para la gesti\u00f3n de gobierno y en 2024 se logr\u00f3 incrementar la cantidad de alumnos que realizaron Pr\u00e1cticas Profesionalizantes, tanto en el sector p\u00fablico como en el privado.<\/p>\n<p><iframe loading=\"lazy\" title=\"SAN JUAN EDUCACION\" width=\"800\" height=\"450\" src=\"https:\/\/www.youtube.com\/embed\/CfRqtm-ClNM?feature=oembed\" frameborder=\"0\" allow=\"accelerometer; autoplay; clipboard-write; encrypted-media; gyroscope; picture-in-picture; web-share\" referrerpolicy=\"strict-origin-when-cross-origin\" allowfullscreen><\/iframe><\/p>\n<p>Seg\u00fan el Registro \u00danico de Pr\u00e1cticas Profesionalizantes, el a\u00f1o pasado se concretaron 1.283 pr\u00e1cticas que fueron posibles gracias a 300 convenios marco con 2.000 oferentes, entre los que se encuentran 31 c\u00e1maras empresariales, 53 productores agropecuarios, 154 socios de la Uni\u00f3n Industrial, 12 municipios, 18 ministerios\/secretarias, la Universidad Nacional de San Juan (UNSJ), la Universidad Cat\u00f3lica de Cuyo (UCC), el Instituto Nacional de Tecnolog\u00eda Agropecuaria (INTA), el Instituto Nacional de Tecnolog\u00eda Industrial (INTI) y el Instituto Nacional de Vitivinicultura (INV).<\/p>\n<p>Adem\u00e1s, se logr\u00f3 desarrollar proyectos locales ejecutando mentor\u00edas que vincularon a escuelas t\u00e9cnicas, la Uni\u00f3n Industrial, el Ministerio de Miner\u00eda y el Ministerio de Educaci\u00f3n.<\/p>\n<p>Durante el acto de presentaci\u00f3n del Programa de Pr\u00e1cticas Profesionalizantes, la docente Elvira Gonz\u00e1lez mostr\u00f3 los lineamientos de trabajo para el 2025, Eliana Psaila hizo la propio con el dise\u00f1o de proyectos; mientras que luego Elvira Gonz\u00e1lez y Roc\u00edo Enriquez explicaron el Programa de Mentor\u00edas.<\/p>\n<p>En tanto, hubo presentaciones sobre experiencias, en las que por ejemplo Natalia Su\u00e1rez, jefa de Relaciones Comunitarias de Minera Los Azules, habl\u00f3 sobre el c\u00edrculo virtuoso que las pr\u00e1cticas profesionalizantes generan en la transmisi\u00f3n de conocimiento; mientras que Daniel Fern\u00e1ndez, representante de la empresa Solfrut, destac\u00f3 que estas acciones son beneficiosas para alumnos, escuelas y empresas, que comienzan a visualizar perfiles para luego sumarlos como profesionales.<\/p>\n<p><img loading=\"lazy\" decoding=\"async\" class=\"alignnone size-full wp-image-28629\" src=\"https:\/\/vocesparalelas.com.ar\/sitio\/wp-content\/uploads\/2020\/05\/MINISTERIO-EDUCACION-SJ.jpg\" alt=\"\" width=\"800\" height=\"533\" srcset=\"https:\/\/vocesparalelas.com.ar\/sitio\/wp-content\/uploads\/2020\/05\/MINISTERIO-EDUCACION-SJ.jpg 800w, https:\/\/vocesparalelas.com.ar\/sitio\/wp-content\/uploads\/2020\/05\/MINISTERIO-EDUCACION-SJ-300x200.jpg 300w, https:\/\/vocesparalelas.com.ar\/sitio\/wp-content\/uploads\/2020\/05\/MINISTERIO-EDUCACION-SJ-768x512.jpg 768w\" sizes=\"auto, (max-width: 800px) 100vw, 800px\" \/><\/p>\n","protected":false},"excerpt":{"rendered":"<p>Con un acto que se desarroll\u00f3 en el auditorio Eloy Camus, el Ministerio de Educaci\u00f3n del Gobierno de San Juan<\/p>\n","protected":false},"author":3,"featured_media":84109,"comment_status":"closed","ping_status":"closed","sticky":false,"template":"","format":"standard","meta":{"_acf_changed":false,"_seopress_robots_primary_cat":"none","_seopress_titles_title":"","_seopress_titles_desc":"","_seopress_robots_index":"","colormag_page_container_layout":"default_layout","colormag_page_sidebar_layout":"default_layout","footnotes":""},"categories":[5,7],"tags":[],"class_list":["post-84104","post","type-post","status-publish","format-standard","has-post-thumbnail","hentry","category-ofrecimientos","category-videos"],"acf":[],"_links":{"self":[{"href":"https:\/\/vocesparalelas.com.ar\/sitio\/wp-json\/wp\/v2\/posts\/84104","targetHints":{"allow":["GET"]}}],"collection":[{"href":"https:\/\/vocesparalelas.com.ar\/sitio\/wp-json\/wp\/v2\/posts"}],"about":[{"href":"https:\/\/vocesparalelas.com.ar\/sitio\/wp-json\/wp\/v2\/types\/post"}],"author":[{"embeddable":true,"href":"https:\/\/vocesparalelas.com.ar\/sitio\/wp-json\/wp\/v2\/users\/3"}],"replies":[{"embeddable":true,"href":"https:\/\/vocesparalelas.com.ar\/sitio\/wp-json\/wp\/v2\/comments?post=84104"}],"version-history":[{"count":1,"href":"https:\/\/vocesparalelas.com.ar\/sitio\/wp-json\/wp\/v2\/posts\/84104\/revisions"}],"predecessor-version":[{"id":84110,"href":"https:\/\/vocesparalelas.com.ar\/sitio\/wp-json\/wp\/v2\/posts\/84104\/revisions\/84110"}],"wp:featuredmedia":[{"embeddable":true,"href":"https:\/\/vocesparalelas.com.ar\/sitio\/wp-json\/wp\/v2\/media\/84109"}],"wp:attachment":[{"href":"https:\/\/vocesparalelas.com.ar\/sitio\/wp-json\/wp\/v2\/media?parent=84104"}],"wp:term":[{"taxonomy":"category","embeddable":true,"href":"https:\/\/vocesparalelas.com.ar\/sitio\/wp-json\/wp\/v2\/categories?post=84104"},{"taxonomy":"post_tag","embeddable":true,"href":"https:\/\/vocesparalelas.com.ar\/sitio\/wp-json\/wp\/v2\/tags?post=84104"}],"curies":[{"name":"wp","href":"https:\/\/api.w.org\/{rel}","templated":true}]}}