{"id":84087,"date":"2025-03-20T20:43:19","date_gmt":"2025-03-20T23:43:19","guid":{"rendered":"https:\/\/vocesparalelas.com.ar\/sitio\/?p=84087"},"modified":"2025-03-21T20:45:14","modified_gmt":"2025-03-21T23:45:14","slug":"disfruta-el-parador-del-ciclista-en-rivadavia-de-san-juan","status":"publish","type":"post","link":"https:\/\/vocesparalelas.com.ar\/sitio\/disfruta-el-parador-del-ciclista-en-rivadavia-de-san-juan\/","title":{"rendered":"Disfruta el Parador del Ciclista en Rivadavia de San Juan"},"content":{"rendered":"<p>La nueva atracci\u00f3n que desde ahora en m\u00e1s le pertenece a los participantes que lleguen al Parador del Ciclista, Avenida Libertador General San Mart\u00edn y Sargento Cabral, Departamento Rivadavia, Provincia de San Juan.<\/p>\n<figure id=\"attachment_84091\" aria-describedby=\"caption-attachment-84091\" style=\"width: 800px\" class=\"wp-caption alignnone\"><img loading=\"lazy\" decoding=\"async\" class=\"size-full wp-image-84091\" src=\"https:\/\/vocesparalelas.com.ar\/sitio\/wp-content\/uploads\/2025\/03\/RIVADAVIA-CICLISTA-INTENDENTE.jpg\" alt=\"\" width=\"800\" height=\"533\" srcset=\"https:\/\/vocesparalelas.com.ar\/sitio\/wp-content\/uploads\/2025\/03\/RIVADAVIA-CICLISTA-INTENDENTE.jpg 800w, https:\/\/vocesparalelas.com.ar\/sitio\/wp-content\/uploads\/2025\/03\/RIVADAVIA-CICLISTA-INTENDENTE-300x200.jpg 300w, https:\/\/vocesparalelas.com.ar\/sitio\/wp-content\/uploads\/2025\/03\/RIVADAVIA-CICLISTA-INTENDENTE-768x512.jpg 768w\" sizes=\"auto, (max-width: 800px) 100vw, 800px\" \/><figcaption id=\"caption-attachment-84091\" class=\"wp-caption-text\">Intendente de la Municipalidad de la Ciudad de Rivadavia, Sergio Miodowsky<\/figcaption><\/figure>\n<p>En la previa, el Intendente de la Municipalidad de la Ciudad de Rivadavia que lleg\u00f3 al Parador del Ciclista, Sergio Miodowsky, quien describi\u00f3 el espacio una promesa de campa\u00f1a electoral 2024.<\/p>\n<p><iframe loading=\"lazy\" title=\"RIVADAVIA INTENDENTE SERGIO MIODOWSKY\" width=\"800\" height=\"450\" src=\"https:\/\/www.youtube.com\/embed\/mkwZEVi0M_4?feature=oembed\" frameborder=\"0\" allow=\"accelerometer; autoplay; clipboard-write; encrypted-media; gyroscope; picture-in-picture; web-share\" referrerpolicy=\"strict-origin-when-cross-origin\" allowfullscreen><\/iframe><\/p>\n<p>Adem\u00e1s, Voces Paralelas desarroll\u00f3 una entrevista period\u00edstica al Secretario de Obra Municipal, Ing. Mario Garc\u00eda, quien destac\u00f3 el trabajo municipal que se realiz\u00f3 para lograr el Parador del Ciclista, un espacio esperado por los que practican el deporte como as\u00ed tambi\u00e9n, para los vecinos, transe\u00fantes y visitantes.<\/p>\n<p><iframe loading=\"lazy\" title=\"RIVADAVIA ING MARIO GARC\u00cdA\" width=\"800\" height=\"450\" src=\"https:\/\/www.youtube.com\/embed\/LCLoHrWsSAM?feature=oembed\" frameborder=\"0\" allow=\"accelerometer; autoplay; clipboard-write; encrypted-media; gyroscope; picture-in-picture; web-share\" referrerpolicy=\"strict-origin-when-cross-origin\" allowfullscreen><\/iframe><\/p>\n<p>&nbsp;<\/p>\n<p>El Parador del Ciclista, se trata de un espacio p\u00fablico de concentraci\u00f3n y descanso destinado a\u00a0 la poblaci\u00f3n, preferentemente a ciclistas sin distinci\u00f3n de g\u00e9nero y edad. Entre los servicios y atractivos del Parador se destacan sanitarios, puestos de hidrataci\u00f3n y de herramientas mec\u00e1nicas para bicicletas. La obra tuvo un plazo aproximado de seis meses y se concret\u00f3 con fondos municipales.<\/p>\n<p><img loading=\"lazy\" decoding=\"async\" class=\"alignnone size-full wp-image-84093\" src=\"https:\/\/vocesparalelas.com.ar\/sitio\/wp-content\/uploads\/2025\/03\/RIVADAVIA-PARADOR-03.jpg\" alt=\"\" width=\"800\" height=\"449\" srcset=\"https:\/\/vocesparalelas.com.ar\/sitio\/wp-content\/uploads\/2025\/03\/RIVADAVIA-PARADOR-03.jpg 800w, https:\/\/vocesparalelas.com.ar\/sitio\/wp-content\/uploads\/2025\/03\/RIVADAVIA-PARADOR-03-300x168.jpg 300w, https:\/\/vocesparalelas.com.ar\/sitio\/wp-content\/uploads\/2025\/03\/RIVADAVIA-PARADOR-03-768x431.jpg 768w\" sizes=\"auto, (max-width: 800px) 100vw, 800px\" \/><\/p>\n<p>El acto de inauguraci\u00f3n comenz\u00f3 con el tradicional corte de cinta por las autoridades y luego recorrieron el espacio con gran cantidad de p\u00fablico.<\/p>\n<p><img loading=\"lazy\" decoding=\"async\" class=\"alignnone size-full wp-image-84094\" src=\"https:\/\/vocesparalelas.com.ar\/sitio\/wp-content\/uploads\/2025\/03\/RIVADAVIA-PARADOR-05.jpg\" alt=\"\" width=\"800\" height=\"533\" srcset=\"https:\/\/vocesparalelas.com.ar\/sitio\/wp-content\/uploads\/2025\/03\/RIVADAVIA-PARADOR-05.jpg 800w, https:\/\/vocesparalelas.com.ar\/sitio\/wp-content\/uploads\/2025\/03\/RIVADAVIA-PARADOR-05-300x200.jpg 300w, https:\/\/vocesparalelas.com.ar\/sitio\/wp-content\/uploads\/2025\/03\/RIVADAVIA-PARADOR-05-768x512.jpg 768w\" sizes=\"auto, (max-width: 800px) 100vw, 800px\" \/><\/p>\n<p>Posteriormente, se descubri\u00f3 las placas testigos de tan importante evento para la comunidad que pasa por el lugar y se queda para disfrutar el espacio.<\/p>\n<p><img loading=\"lazy\" decoding=\"async\" class=\"alignnone size-full wp-image-84095\" src=\"https:\/\/vocesparalelas.com.ar\/sitio\/wp-content\/uploads\/2025\/03\/RIVADAVIA-PARADOR-06.jpg\" alt=\"\" width=\"800\" height=\"533\" srcset=\"https:\/\/vocesparalelas.com.ar\/sitio\/wp-content\/uploads\/2025\/03\/RIVADAVIA-PARADOR-06.jpg 800w, https:\/\/vocesparalelas.com.ar\/sitio\/wp-content\/uploads\/2025\/03\/RIVADAVIA-PARADOR-06-300x200.jpg 300w, https:\/\/vocesparalelas.com.ar\/sitio\/wp-content\/uploads\/2025\/03\/RIVADAVIA-PARADOR-06-768x512.jpg 768w\" sizes=\"auto, (max-width: 800px) 100vw, 800px\" \/>.<\/p>\n<p>Durante el acto, la Banda de M\u00fasica del RIM 22 ataviados con la vestimenta el la Columna Cabot ejecutaron el Himno Nacional Argentino.<\/p>\n<p><iframe loading=\"lazy\" title=\"RIVADAVIA HIMNO NACIONAL ARGENTINO\" width=\"800\" height=\"450\" src=\"https:\/\/www.youtube.com\/embed\/YFKX25ViUkk?feature=oembed\" frameborder=\"0\" allow=\"accelerometer; autoplay; clipboard-write; encrypted-media; gyroscope; picture-in-picture; web-share\" referrerpolicy=\"strict-origin-when-cross-origin\" allowfullscreen><\/iframe><\/p>\n<p>Seguidamente, el sacerdote realiz\u00f3 la bendici\u00f3n del Parador del Ciclista y para los que lleguen a \u00e9l.<\/p>\n<p><iframe loading=\"lazy\" title=\"RIVADAVIA BENDICI\u00d3N PARADOR DEL CICLISTA\" width=\"800\" height=\"450\" src=\"https:\/\/www.youtube.com\/embed\/oEApUoPmIlw?feature=oembed\" frameborder=\"0\" allow=\"accelerometer; autoplay; clipboard-write; encrypted-media; gyroscope; picture-in-picture; web-share\" referrerpolicy=\"strict-origin-when-cross-origin\" allowfullscreen><\/iframe><\/p>\n<p><img loading=\"lazy\" decoding=\"async\" class=\"alignnone size-full wp-image-84096\" src=\"https:\/\/vocesparalelas.com.ar\/sitio\/wp-content\/uploads\/2025\/03\/RIVADAVIA-PARADOR-07.jpg\" alt=\"\" width=\"800\" height=\"533\" srcset=\"https:\/\/vocesparalelas.com.ar\/sitio\/wp-content\/uploads\/2025\/03\/RIVADAVIA-PARADOR-07.jpg 800w, https:\/\/vocesparalelas.com.ar\/sitio\/wp-content\/uploads\/2025\/03\/RIVADAVIA-PARADOR-07-300x200.jpg 300w, https:\/\/vocesparalelas.com.ar\/sitio\/wp-content\/uploads\/2025\/03\/RIVADAVIA-PARADOR-07-768x512.jpg 768w\" sizes=\"auto, (max-width: 800px) 100vw, 800px\" \/><\/p>\n<p><iframe loading=\"lazy\" title=\"RIVADAVIA PARADOR DEL CICLISTA\" width=\"800\" height=\"450\" src=\"https:\/\/www.youtube.com\/embed\/SbpJclNX6L8?feature=oembed\" frameborder=\"0\" allow=\"accelerometer; autoplay; clipboard-write; encrypted-media; gyroscope; picture-in-picture; web-share\" referrerpolicy=\"strict-origin-when-cross-origin\" allowfullscreen><\/iframe><\/p>\n<p><img loading=\"lazy\" decoding=\"async\" class=\"alignnone size-full wp-image-66896\" src=\"https:\/\/vocesparalelas.com.ar\/sitio\/wp-content\/uploads\/2023\/12\/RIVADAVIA-LOGO-NUEVO.jpg\" alt=\"\" width=\"800\" height=\"533\" srcset=\"https:\/\/vocesparalelas.com.ar\/sitio\/wp-content\/uploads\/2023\/12\/RIVADAVIA-LOGO-NUEVO.jpg 800w, https:\/\/vocesparalelas.com.ar\/sitio\/wp-content\/uploads\/2023\/12\/RIVADAVIA-LOGO-NUEVO-300x200.jpg 300w, https:\/\/vocesparalelas.com.ar\/sitio\/wp-content\/uploads\/2023\/12\/RIVADAVIA-LOGO-NUEVO-768x512.jpg 768w\" sizes=\"auto, (max-width: 800px) 100vw, 800px\" \/><\/p>\n","protected":false},"excerpt":{"rendered":"<p>La nueva atracci\u00f3n que desde ahora en m\u00e1s le pertenece a los participantes que lleguen al Parador del Ciclista, Avenida<\/p>\n","protected":false},"author":3,"featured_media":84092,"comment_status":"closed","ping_status":"closed","sticky":false,"template":"","format":"standard","meta":{"_acf_changed":false,"_seopress_robots_primary_cat":"none","_seopress_titles_title":"","_seopress_titles_desc":"","_seopress_robots_index":"","colormag_page_container_layout":"default_layout","colormag_page_sidebar_layout":"default_layout","footnotes":""},"categories":[2,7],"tags":[],"class_list":["post-84087","post","type-post","status-publish","format-standard","has-post-thumbnail","hentry","category-convocatorias","category-videos"],"acf":[],"_links":{"self":[{"href":"https:\/\/vocesparalelas.com.ar\/sitio\/wp-json\/wp\/v2\/posts\/84087","targetHints":{"allow":["GET"]}}],"collection":[{"href":"https:\/\/vocesparalelas.com.ar\/sitio\/wp-json\/wp\/v2\/posts"}],"about":[{"href":"https:\/\/vocesparalelas.com.ar\/sitio\/wp-json\/wp\/v2\/types\/post"}],"author":[{"embeddable":true,"href":"https:\/\/vocesparalelas.com.ar\/sitio\/wp-json\/wp\/v2\/users\/3"}],"replies":[{"embeddable":true,"href":"https:\/\/vocesparalelas.com.ar\/sitio\/wp-json\/wp\/v2\/comments?post=84087"}],"version-history":[{"count":1,"href":"https:\/\/vocesparalelas.com.ar\/sitio\/wp-json\/wp\/v2\/posts\/84087\/revisions"}],"predecessor-version":[{"id":84097,"href":"https:\/\/vocesparalelas.com.ar\/sitio\/wp-json\/wp\/v2\/posts\/84087\/revisions\/84097"}],"wp:featuredmedia":[{"embeddable":true,"href":"https:\/\/vocesparalelas.com.ar\/sitio\/wp-json\/wp\/v2\/media\/84092"}],"wp:attachment":[{"href":"https:\/\/vocesparalelas.com.ar\/sitio\/wp-json\/wp\/v2\/media?parent=84087"}],"wp:term":[{"taxonomy":"category","embeddable":true,"href":"https:\/\/vocesparalelas.com.ar\/sitio\/wp-json\/wp\/v2\/categories?post=84087"},{"taxonomy":"post_tag","embeddable":true,"href":"https:\/\/vocesparalelas.com.ar\/sitio\/wp-json\/wp\/v2\/tags?post=84087"}],"curies":[{"name":"wp","href":"https:\/\/api.w.org\/{rel}","templated":true}]}}