{"id":84083,"date":"2025-03-20T18:43:42","date_gmt":"2025-03-20T21:43:42","guid":{"rendered":"https:\/\/vocesparalelas.com.ar\/sitio\/?p=84083"},"modified":"2025-03-21T21:02:42","modified_gmt":"2025-03-22T00:02:42","slug":"campana-de-vacunacion-antigripal-2025-en-san-juan","status":"publish","type":"post","link":"https:\/\/vocesparalelas.com.ar\/sitio\/campana-de-vacunacion-antigripal-2025-en-san-juan\/","title":{"rendered":"Campa\u00f1a de Vacunaci\u00f3n Antigripal 2025 en San Juan"},"content":{"rendered":"<p>El Ministerio de Salud del Gobierno de San Juan, a trav\u00e9s del Programa Provincial de Inmunizaciones dependiente de la Divisi\u00f3n Epidemiolog\u00eda, Secretar\u00eda T\u00e9cnica, dar\u00e1 inicio a la Campa\u00f1a de Vacunaci\u00f3n Antigripal 2025.<\/p>\n<p>La campa\u00f1a tiene por objetivo reducir las complicaciones, hospitalizaciones, secuelas y mortalidad ocasionada por la infecci\u00f3n del Virus Influenza en la poblaci\u00f3n con factores de riesgo en todo el pa\u00eds, logrando coberturas iguales o mayores a 95% en cada grupo de poblaci\u00f3n en riesgo.<\/p>\n<p>Para lograrlo es importante que la colocaci\u00f3n sea en forma oportuna, idealmente previo al inicio de los meses invernales. No obstante y en consonancia con el escenario nacional, la vacuna se continuar\u00e1 administrando durante el resto del a\u00f1o, seg\u00fan se plantee la circulaci\u00f3n viral de influenza.<\/p>\n<p>El 20 de marzo es la fecha de inicio de la Campa\u00f1a de Inmunizaci\u00f3n Antigripal en el vacunatorio, centros de Salud y hospitales de toda la provincia.<\/p>\n<p><span style=\"color: #ff0000;\"><strong>El\u00a0cronograma de colocaci\u00f3n\u00a0ser\u00e1 seg\u00fan n\u00famero de dosis disponibles y suministradas por Programa Nacional de Inmunizaciones.<\/strong><\/span><\/p>\n<p><span style=\"color: #ff0000;\"><strong>1\u00b0 Grupo de Vacunaci\u00f3n (a partir del 20\/03\/2025):<\/strong><\/span><\/p>\n<ul>\n<li>Lactantes menores de 24 meses<\/li>\n<li>Embarazadas en cada embarazo y en cualquier trimestre<\/li>\n<li>Personas pu\u00e9rperas: hasta el egreso de la maternidad \u2013m\u00e1ximo 10 d\u00edas-, si no hubiese recibido la vacuna durante el embarazo.<\/li>\n<li>Personas de 65 a\u00f1os y mayores<\/li>\n<li>Personal de Salud<\/li>\n<li>Fuerzas de seguridad<\/li>\n<\/ul>\n<p><img loading=\"lazy\" decoding=\"async\" class=\"alignnone size-full wp-image-65642\" src=\"https:\/\/vocesparalelas.com.ar\/sitio\/wp-content\/uploads\/2023\/11\/GOBIERNO-SAN-JUAN.jpg\" alt=\"\" width=\"800\" height=\"600\" srcset=\"https:\/\/vocesparalelas.com.ar\/sitio\/wp-content\/uploads\/2023\/11\/GOBIERNO-SAN-JUAN.jpg 800w, https:\/\/vocesparalelas.com.ar\/sitio\/wp-content\/uploads\/2023\/11\/GOBIERNO-SAN-JUAN-300x225.jpg 300w, https:\/\/vocesparalelas.com.ar\/sitio\/wp-content\/uploads\/2023\/11\/GOBIERNO-SAN-JUAN-768x576.jpg 768w\" sizes=\"auto, (max-width: 800px) 100vw, 800px\" \/><\/p>\n","protected":false},"excerpt":{"rendered":"<p>El Ministerio de Salud del Gobierno de San Juan, a trav\u00e9s del Programa Provincial de Inmunizaciones dependiente de la Divisi\u00f3n<\/p>\n","protected":false},"author":3,"featured_media":78348,"comment_status":"closed","ping_status":"closed","sticky":false,"template":"","format":"standard","meta":{"_acf_changed":false,"_seopress_robots_primary_cat":"none","_seopress_titles_title":"","_seopress_titles_desc":"","_seopress_robots_index":"","colormag_page_container_layout":"default_layout","colormag_page_sidebar_layout":"default_layout","footnotes":""},"categories":[5],"tags":[],"class_list":["post-84083","post","type-post","status-publish","format-standard","has-post-thumbnail","hentry","category-ofrecimientos"],"acf":[],"_links":{"self":[{"href":"https:\/\/vocesparalelas.com.ar\/sitio\/wp-json\/wp\/v2\/posts\/84083","targetHints":{"allow":["GET"]}}],"collection":[{"href":"https:\/\/vocesparalelas.com.ar\/sitio\/wp-json\/wp\/v2\/posts"}],"about":[{"href":"https:\/\/vocesparalelas.com.ar\/sitio\/wp-json\/wp\/v2\/types\/post"}],"author":[{"embeddable":true,"href":"https:\/\/vocesparalelas.com.ar\/sitio\/wp-json\/wp\/v2\/users\/3"}],"replies":[{"embeddable":true,"href":"https:\/\/vocesparalelas.com.ar\/sitio\/wp-json\/wp\/v2\/comments?post=84083"}],"version-history":[{"count":1,"href":"https:\/\/vocesparalelas.com.ar\/sitio\/wp-json\/wp\/v2\/posts\/84083\/revisions"}],"predecessor-version":[{"id":84086,"href":"https:\/\/vocesparalelas.com.ar\/sitio\/wp-json\/wp\/v2\/posts\/84083\/revisions\/84086"}],"wp:featuredmedia":[{"embeddable":true,"href":"https:\/\/vocesparalelas.com.ar\/sitio\/wp-json\/wp\/v2\/media\/78348"}],"wp:attachment":[{"href":"https:\/\/vocesparalelas.com.ar\/sitio\/wp-json\/wp\/v2\/media?parent=84083"}],"wp:term":[{"taxonomy":"category","embeddable":true,"href":"https:\/\/vocesparalelas.com.ar\/sitio\/wp-json\/wp\/v2\/categories?post=84083"},{"taxonomy":"post_tag","embeddable":true,"href":"https:\/\/vocesparalelas.com.ar\/sitio\/wp-json\/wp\/v2\/tags?post=84083"}],"curies":[{"name":"wp","href":"https:\/\/api.w.org\/{rel}","templated":true}]}}